{"id":16031,"date":"2025-01-25T16:00:36","date_gmt":"2025-01-25T19:00:36","guid":{"rendered":"https:\/\/www.sportchaco.com.ar\/?p=16031"},"modified":"2025-01-25T16:00:36","modified_gmt":"2025-01-25T19:00:36","slug":"con-el-regreso-de-facundo-pereira-hercules-continua-con-el-armado-de-su-plantel","status":"publish","type":"post","link":"https:\/\/www.sportchaco.com.ar\/?p=16031","title":{"rendered":"Con el regreso de Facundo Pereira, H\u00e9rcules contin\u00faa con el armado de su plantel"},"content":{"rendered":"<p><strong>25-01-2025<\/strong><\/p>\n<p><img loading=\"lazy\" decoding=\"async\" class=\" wp-image-11424 aligncenter\" src=\"https:\/\/www.sportchaco.com.ar\/wp-content\/uploads\/2024\/07\/gob-salud-fijo-marzo-300x50.jpg\" alt=\"\" width=\"360\" height=\"60\" srcset=\"https:\/\/www.sportchaco.com.ar\/wp-content\/uploads\/2024\/07\/gob-salud-fijo-marzo-300x50.jpg 300w, https:\/\/www.sportchaco.com.ar\/wp-content\/uploads\/2024\/07\/gob-salud-fijo-marzo-1024x171.jpg 1024w, https:\/\/www.sportchaco.com.ar\/wp-content\/uploads\/2024\/07\/gob-salud-fijo-marzo-768x128.jpg 768w, https:\/\/www.sportchaco.com.ar\/wp-content\/uploads\/2024\/07\/gob-salud-fijo-marzo.jpg 1200w\" sizes=\"auto, (max-width: 360px) 100vw, 360px\" \/><\/p>\n<p>D\u00edas atr\u00e1s, el club H\u00e9rcules de Charata, \u00fanico representante chaque\u00f1o en el NEA hasta el momento, inici\u00f3 los trabajos de pretemporada bajo las \u00f3rdenes del buen y experimentado entrenador Mauro Aleckzandrowicz. Obras en ejecuci\u00f3n que sin dudas dan ese salto de calidad indispensable para disputar la tercera categor\u00eda del pa\u00eds. Se hace extensivo el agradecimiento al Gobierno provincial, al Instituto del Deporte, Municipalidad de Charata y distintos sponsors \u2013 colaboradores que hacen los esfuerzos necesarios para la participaci\u00f3n del club esta temporada.<\/p>\n<p>En este marco, el equipo arranc\u00f3 con toda la ilusi\u00f3n de continuar escribiendo esta historia joven pero muy rica, confirmando d\u00edas atr\u00e1s la continuidad de Gabriel Frencia, Cristian Aguilar e Ignacio Torrente y los regresos de Gonzalo Ger\u00e9z y Federico Cativa. En este \u00faltimo aspecto, en las \u00faltimas horas la instituci\u00f3n \u201caurirroja\u201d confirm\u00f3 el regreso del joven Facundo Pereira, quien viene de jugar la Liga de Desarrollo con Instituto de C\u00f3rdoba.<\/p>\n<figure class=\"wp-block-image size-large\"><a href=\"https:\/\/baskettotal.com.ar\/wp-content\/uploads\/2025\/01\/HERCULES-2-1.jpg\"><img loading=\"lazy\" decoding=\"async\" class=\"lazy wp-image-26065 lazy-loaded\" src=\"https:\/\/baskettotal.com.ar\/wp-content\/uploads\/2025\/01\/HERCULES-2-1-1024x633.jpg\" sizes=\"auto, (max-width: 1024px) 100vw, 1024px\" srcset=\"https:\/\/baskettotal.com.ar\/wp-content\/uploads\/2025\/01\/HERCULES-2-1-1024x633.jpg 1024w, https:\/\/baskettotal.com.ar\/wp-content\/uploads\/2025\/01\/HERCULES-2-1-300x185.jpg 300w, https:\/\/baskettotal.com.ar\/wp-content\/uploads\/2025\/01\/HERCULES-2-1-768x475.jpg 768w, https:\/\/baskettotal.com.ar\/wp-content\/uploads\/2025\/01\/HERCULES-2-1-95x60.jpg 95w, https:\/\/baskettotal.com.ar\/wp-content\/uploads\/2025\/01\/HERCULES-2-1.jpg 1040w\" alt=\"\" width=\"1024\" height=\"633\" data-lazy-type=\"image\" data-lazy-src=\"https:\/\/baskettotal.com.ar\/wp-content\/uploads\/2025\/01\/HERCULES-2-1-1024x633.jpg\" data-lazy-srcset=\"https:\/\/baskettotal.com.ar\/wp-content\/uploads\/2025\/01\/HERCULES-2-1-1024x633.jpg 1024w, https:\/\/baskettotal.com.ar\/wp-content\/uploads\/2025\/01\/HERCULES-2-1-300x185.jpg 300w, https:\/\/baskettotal.com.ar\/wp-content\/uploads\/2025\/01\/HERCULES-2-1-768x475.jpg 768w, https:\/\/baskettotal.com.ar\/wp-content\/uploads\/2025\/01\/HERCULES-2-1-95x60.jpg 95w, https:\/\/baskettotal.com.ar\/wp-content\/uploads\/2025\/01\/HERCULES-2-1.jpg 1040w\" data-lazy-sizes=\"(max-width: 1024px) 100vw, 1024px\" \/><\/a><\/figure>\n<p>Asimismo, la instituci\u00f3n charatense viene llevando adelante un proceso hist\u00f3rico de obras de infraestructura en el club, donde actualmente se encuentran finalizando los trabajos de pintura en los distintos lados de la cancha. No obstante, se cambi\u00f3 todo el piso de parqu\u00e9.<\/p>\n<p>Adem\u00e1s, se encuentra avanzando en gran manera los trabajos y puesta en funcionamiento de lo que ser\u00e1n los nuevos albergues en el club, c\u00f3modos y modernos; como as\u00ed tambi\u00e9n, se puso en marcha los trabajos de colocaci\u00f3n de piso parqu\u00e9 en el gimnasio, garantizando con esto comodidad y por supuesto calidad, destacando claramente el arduo y fruct\u00edfero trabajo de toda la comisi\u00f3n directiva de H\u00e9rcules, presidida por Pablo Canella.<\/p>\n<p><strong>El equipo<br \/>\n<\/strong>D\u00edas atr\u00e1s, martes m\u00e1s precisamente, el equipo principal de H\u00e9rcules de Charata arranc\u00f3 los trabajos de pretemporada, de cara a la temporada 2025 de la Liga Federal de B\u00e1squet, llevando adelante los trabajos en la cancha alternativa, que tambi\u00e9n cuenta con piso de parqu\u00e9 en excelencia. Tambi\u00e9n, el equipo entren\u00f3 en la cancha de Espa\u00f1ola, agradeciendo este gesto de otra instituci\u00f3n charatense por prestar sus instalaciones.<\/p>\n<p><strong>El regreso<br \/>\n<\/strong>Otra de las apuestas que ser\u00e1 para esta temporada en H\u00e9rcules de Charata, tiene que ver con el regreso de Facundo Pereira, jugador de 17 a\u00f1os, que se desempe\u00f1a en la posici\u00f3n de alero \u2013 ala \u2013 pivote y que viene de jugar en Instituto de C\u00f3rdoba la Liga de Desarrollo. \u201cMi objetivo es llegar a lo mas alto con H\u00e9rcules, ya que la Liga Federal es muy competitiva\u201d, destac\u00f3 Pereira\u201d.<\/p>\n<p><img loading=\"lazy\" decoding=\"async\" class=\" wp-image-9591 aligncenter\" src=\"https:\/\/www.sportchaco.com.ar\/wp-content\/uploads\/2024\/05\/gob-salud-marzo-apaisado-2-2.gif\" alt=\"\" width=\"274\" height=\"274\" \/><\/p>\n","protected":false},"excerpt":{"rendered":"<p>25-01-2025 D\u00edas atr\u00e1s, el club H\u00e9rcules de Charata, \u00fanico representante chaque\u00f1o en el NEA hasta el momento, inici\u00f3 los trabajos de pretemporada bajo las \u00f3rdenes del buen y experimentado entrenador Mauro Aleckzandrowicz. Obras en ejecuci\u00f3n que sin dudas dan ese salto de calidad indispensable para disputar la tercera categor\u00eda del pa\u00eds. Se hace extensivo el &hellip;<\/p>\n","protected":false},"author":3,"featured_media":16032,"comment_status":"open","ping_status":"open","sticky":false,"template":"","format":"standard","meta":{"footnotes":""},"categories":[3],"tags":[],"class_list":["post-16031","post","type-post","status-publish","format-standard","has-post-thumbnail","hentry","category-basquetbol"],"_links":{"self":[{"href":"https:\/\/www.sportchaco.com.ar\/index.php?rest_route=\/wp\/v2\/posts\/16031","targetHints":{"allow":["GET"]}}],"collection":[{"href":"https:\/\/www.sportchaco.com.ar\/index.php?rest_route=\/wp\/v2\/posts"}],"about":[{"href":"https:\/\/www.sportchaco.com.ar\/index.php?rest_route=\/wp\/v2\/types\/post"}],"author":[{"embeddable":true,"href":"https:\/\/www.sportchaco.com.ar\/index.php?rest_route=\/wp\/v2\/users\/3"}],"replies":[{"embeddable":true,"href":"https:\/\/www.sportchaco.com.ar\/index.php?rest_route=%2Fwp%2Fv2%2Fcomments&post=16031"}],"version-history":[{"count":1,"href":"https:\/\/www.sportchaco.com.ar\/index.php?rest_route=\/wp\/v2\/posts\/16031\/revisions"}],"predecessor-version":[{"id":16033,"href":"https:\/\/www.sportchaco.com.ar\/index.php?rest_route=\/wp\/v2\/posts\/16031\/revisions\/16033"}],"wp:featuredmedia":[{"embeddable":true,"href":"https:\/\/www.sportchaco.com.ar\/index.php?rest_route=\/wp\/v2\/media\/16032"}],"wp:attachment":[{"href":"https:\/\/www.sportchaco.com.ar\/index.php?rest_route=%2Fwp%2Fv2%2Fmedia&parent=16031"}],"wp:term":[{"taxonomy":"category","embeddable":true,"href":"https:\/\/www.sportchaco.com.ar\/index.php?rest_route=%2Fwp%2Fv2%2Fcategories&post=16031"},{"taxonomy":"post_tag","embeddable":true,"href":"https:\/\/www.sportchaco.com.ar\/index.php?rest_route=%2Fwp%2Fv2%2Ftags&post=16031"}],"curies":[{"name":"wp","href":"https:\/\/api.w.org\/{rel}","templated":true}]}}