{"id":16034,"date":"2025-01-25T16:26:59","date_gmt":"2025-01-25T19:26:59","guid":{"rendered":"https:\/\/www.sportchaco.com.ar\/?p=16034"},"modified":"2025-01-25T16:26:59","modified_gmt":"2025-01-25T19:26:59","slug":"mas-renovaciones-para-el-sarmiento-de-urbina","status":"publish","type":"post","link":"https:\/\/www.sportchaco.com.ar\/?p=16034","title":{"rendered":"M\u00e1s renovaciones para el Sarmiento de Urbina"},"content":{"rendered":"<p><strong>25-01-2024<\/strong><\/p>\n<p><img loading=\"lazy\" decoding=\"async\" class=\" wp-image-9468 aligncenter\" src=\"https:\/\/www.sportchaco.com.ar\/wp-content\/uploads\/2024\/05\/Nachec-728x90-2-300x37.gif\" alt=\"\" width=\"349\" height=\"43\" \/><\/p>\n<p>La dirigencia de Sarmiento junto al cuerpo t\u00e9cnico del Federal \u00abA\u00bb, encabezado por Miguel Urbina, contin\u00faan trabajando en el armado del equipo que competir\u00e1 este 2025 en la tercera categor\u00eda del f\u00fatbol argentino.<\/p>\n<p>Como ven\u00eda pasando semanas anteriores, varios juveniles de la instituci\u00f3n firmaron un nuevo v\u00ednculo con la entidad \u00abaurirroja\u00bb. Ahora lleg\u00f3 el turno para Renzo Arzamendia y Franco Dom\u00ednguez. Adem\u00e1s, Rodrigo L\u00f3pez Alba, referente del equipo en etapas anteriores, firmar\u00e1 un nuevo contrato con el \u00abdeca\u00bb en los pr\u00f3ximos d\u00edas.<\/p>\n<p>Tambi\u00e9n hay refuerzos que se sumar\u00e1n al equipo de Urbina. Carlos Arriola fue el primer en llegar y ser oficializado por el club, pero est\u00e1n en tratativas tambi\u00e9n el arquero Germ\u00e1n Yacaruso y los defensores Carlos Di Pietro y Ezequiel Gnemmi.<\/p>\n<p>La idea de Sarmiento es arrancar con su pretemporada el lunes 3 de febrero, teniendo en cuenta que el pr\u00f3ximo 16 de marzo es la fecha de inicio de la temporada 2025 del Federal \u00abA\u00bb de f\u00fatbol.<\/p>\n<p><img loading=\"lazy\" decoding=\"async\" class=\" wp-image-9671 aligncenter\" src=\"https:\/\/www.sportchaco.com.ar\/wp-content\/uploads\/2024\/05\/Nachec1-200x200-1.gif\" alt=\"\" width=\"279\" height=\"279\" \/><\/p>\n","protected":false},"excerpt":{"rendered":"<p>25-01-2024 La dirigencia de Sarmiento junto al cuerpo t\u00e9cnico del Federal \u00abA\u00bb, encabezado por Miguel Urbina, contin\u00faan trabajando en el armado del equipo que competir\u00e1 este 2025 en la tercera categor\u00eda del f\u00fatbol argentino. Como ven\u00eda pasando semanas anteriores, varios juveniles de la instituci\u00f3n firmaron un nuevo v\u00ednculo con la entidad \u00abaurirroja\u00bb. Ahora lleg\u00f3 el &hellip;<\/p>\n","protected":false},"author":3,"featured_media":16035,"comment_status":"open","ping_status":"open","sticky":false,"template":"","format":"standard","meta":{"footnotes":""},"categories":[5],"tags":[],"class_list":["post-16034","post","type-post","status-publish","format-standard","has-post-thumbnail","hentry","category-futbol"],"_links":{"self":[{"href":"https:\/\/www.sportchaco.com.ar\/index.php?rest_route=\/wp\/v2\/posts\/16034","targetHints":{"allow":["GET"]}}],"collection":[{"href":"https:\/\/www.sportchaco.com.ar\/index.php?rest_route=\/wp\/v2\/posts"}],"about":[{"href":"https:\/\/www.sportchaco.com.ar\/index.php?rest_route=\/wp\/v2\/types\/post"}],"author":[{"embeddable":true,"href":"https:\/\/www.sportchaco.com.ar\/index.php?rest_route=\/wp\/v2\/users\/3"}],"replies":[{"embeddable":true,"href":"https:\/\/www.sportchaco.com.ar\/index.php?rest_route=%2Fwp%2Fv2%2Fcomments&post=16034"}],"version-history":[{"count":1,"href":"https:\/\/www.sportchaco.com.ar\/index.php?rest_route=\/wp\/v2\/posts\/16034\/revisions"}],"predecessor-version":[{"id":16036,"href":"https:\/\/www.sportchaco.com.ar\/index.php?rest_route=\/wp\/v2\/posts\/16034\/revisions\/16036"}],"wp:featuredmedia":[{"embeddable":true,"href":"https:\/\/www.sportchaco.com.ar\/index.php?rest_route=\/wp\/v2\/media\/16035"}],"wp:attachment":[{"href":"https:\/\/www.sportchaco.com.ar\/index.php?rest_route=%2Fwp%2Fv2%2Fmedia&parent=16034"}],"wp:term":[{"taxonomy":"category","embeddable":true,"href":"https:\/\/www.sportchaco.com.ar\/index.php?rest_route=%2Fwp%2Fv2%2Fcategories&post=16034"},{"taxonomy":"post_tag","embeddable":true,"href":"https:\/\/www.sportchaco.com.ar\/index.php?rest_route=%2Fwp%2Fv2%2Ftags&post=16034"}],"curies":[{"name":"wp","href":"https:\/\/api.w.org\/{rel}","templated":true}]}}