{"id":16037,"date":"2025-01-26T19:01:33","date_gmt":"2025-01-26T22:01:33","guid":{"rendered":"https:\/\/www.sportchaco.com.ar\/?p=16037"},"modified":"2025-01-26T19:01:46","modified_gmt":"2025-01-26T22:01:46","slug":"yair-marin-regreso-a-for-ever","status":"publish","type":"post","link":"https:\/\/www.sportchaco.com.ar\/?p=16037","title":{"rendered":"Yair Marin regres\u00f3 a For Ever"},"content":{"rendered":"<p><strong>26-01-2025<\/strong><\/p>\n<p><img loading=\"lazy\" decoding=\"async\" class=\" wp-image-9468 aligncenter\" src=\"https:\/\/www.sportchaco.com.ar\/wp-content\/uploads\/2024\/05\/Nachec-728x90-2-300x37.gif\" alt=\"\" width=\"357\" height=\"44\" \/><\/p>\n<p>For Ever, que contin\u00faa con su pretemporada de cara al inicio del torneo de la Primera Nacional, arregl\u00f3 condiciones con el Yair Mar\u00edn que volver\u00e1 a ponerse la camiseta del \u00abnegro\u00bb.<\/p>\n<p>El jugador supo estar en el \u00abalbinegro\u00bb desde el a\u00f1o 2021 hasta fines del 2023 y fue el capit\u00e1n del equipo que consigui\u00f3 el ascenso a la segunda categor\u00eda del f\u00fatbol argentino. Luego fue al f\u00fatbol mendocino, donde jug\u00f3 en San Mart\u00edn el Federal \u00abA\u00bb y su \u00faltimo paso fue por la segunda divisi\u00f3n del f\u00fatbol chileno vistiendo la camiseta de Uni\u00f3n San Felipe.<\/p>\n<p>Con la llegada de Mar\u00edn ya son 19 los refuerzos del \u201cnegro\u201d de cara a la competencia oficial que comenzar\u00e1 dentro de dos semanas. El equipo de Ricardo Pancaldo debutar\u00e1 el viernes 7 de febrero, a las 21:30, ante Estudiantes de Caseros en el estadio Juan Alberto Garc\u00eda.<\/p>\n<p>Este domingo, el plantel de For Ever viajar\u00e1 rumbo a Santa Fe donde disputar\u00e1 dos encuentros amistosos y de preparaci\u00f3n. El d\u00eda martes jugar\u00e1 ante Patronato y el viernes ante Uni\u00f3n.<\/p>\n<p><b>EL PLANTEL<\/b><br \/>\n<b>Arqueros<\/b>: Gast\u00f3n Canuto, Nicol\u00e1s Caprio (refuerzo), Leandro Ledesma y Leonardo Garcete.<br \/>\n<b>Defensores:<\/b>\u00a0Maximiliano Romero, Lucio P\u00e9rez, Mauricio Rosales (refuerzo), Tiago Chamorro, Bruno Prieto, David Valdez, Gino Barbieri (refuerzo), Jonathan Fleita (refuerzo), Yair Mar\u00edn (refuerzo), Mathias Silvera, Alan Luque (refuerzo) y Ramiro Fern\u00e1ndez (refuerzo).<br \/>\n<b>Volantes:\u00a0<\/b>Santiago Valenzuela, Gonzalo Ca\u00f1ete, Joaqu\u00edn Jara (refuerzo), Robertino Seratto (refuerzo), Juan Manuel Carrizo (refuerzo), Santiago \u00dabeda (refuerzo), Brian Guerra (refuerzo), Braulio Zanello (refuerzo), Brandon Obreg\u00f3n y Franco Perinciolo.<br \/>\n<b>Delanteros:<\/b>\u00a0Leonardo Marinucci (refuerzo), Joaqu\u00edn Mateo (refuerzo), Alejandro Aquino, Imanol Enr\u00edquez, Mat\u00edas Romero (refuerzo), Lucas Rebecchi (refuerzo), Agust\u00edn Zabaleta (refuerzo) y Mateo D\u00edaz Chaves (refuerzo).<\/p>\n<p><img loading=\"lazy\" decoding=\"async\" class=\" wp-image-9467 aligncenter\" src=\"https:\/\/www.sportchaco.com.ar\/wp-content\/uploads\/2024\/05\/Nachec1-300x250-1.gif\" alt=\"\" width=\"366\" height=\"305\" \/><\/p>\n","protected":false},"excerpt":{"rendered":"<p>26-01-2025 For Ever, que contin\u00faa con su pretemporada de cara al inicio del torneo de la Primera Nacional, arregl\u00f3 condiciones con el Yair Mar\u00edn que volver\u00e1 a ponerse la camiseta del \u00abnegro\u00bb. El jugador supo estar en el \u00abalbinegro\u00bb desde el a\u00f1o 2021 hasta fines del 2023 y fue el capit\u00e1n del equipo que consigui\u00f3 &hellip;<\/p>\n","protected":false},"author":3,"featured_media":1791,"comment_status":"open","ping_status":"open","sticky":false,"template":"","format":"standard","meta":{"footnotes":""},"categories":[5],"tags":[],"class_list":["post-16037","post","type-post","status-publish","format-standard","has-post-thumbnail","hentry","category-futbol"],"_links":{"self":[{"href":"https:\/\/www.sportchaco.com.ar\/index.php?rest_route=\/wp\/v2\/posts\/16037","targetHints":{"allow":["GET"]}}],"collection":[{"href":"https:\/\/www.sportchaco.com.ar\/index.php?rest_route=\/wp\/v2\/posts"}],"about":[{"href":"https:\/\/www.sportchaco.com.ar\/index.php?rest_route=\/wp\/v2\/types\/post"}],"author":[{"embeddable":true,"href":"https:\/\/www.sportchaco.com.ar\/index.php?rest_route=\/wp\/v2\/users\/3"}],"replies":[{"embeddable":true,"href":"https:\/\/www.sportchaco.com.ar\/index.php?rest_route=%2Fwp%2Fv2%2Fcomments&post=16037"}],"version-history":[{"count":2,"href":"https:\/\/www.sportchaco.com.ar\/index.php?rest_route=\/wp\/v2\/posts\/16037\/revisions"}],"predecessor-version":[{"id":16045,"href":"https:\/\/www.sportchaco.com.ar\/index.php?rest_route=\/wp\/v2\/posts\/16037\/revisions\/16045"}],"wp:featuredmedia":[{"embeddable":true,"href":"https:\/\/www.sportchaco.com.ar\/index.php?rest_route=\/wp\/v2\/media\/1791"}],"wp:attachment":[{"href":"https:\/\/www.sportchaco.com.ar\/index.php?rest_route=%2Fwp%2Fv2%2Fmedia&parent=16037"}],"wp:term":[{"taxonomy":"category","embeddable":true,"href":"https:\/\/www.sportchaco.com.ar\/index.php?rest_route=%2Fwp%2Fv2%2Fcategories&post=16037"},{"taxonomy":"post_tag","embeddable":true,"href":"https:\/\/www.sportchaco.com.ar\/index.php?rest_route=%2Fwp%2Fv2%2Ftags&post=16037"}],"curies":[{"name":"wp","href":"https:\/\/api.w.org\/{rel}","templated":true}]}}