{"id":16093,"date":"2025-01-28T20:11:43","date_gmt":"2025-01-28T23:11:43","guid":{"rendered":"https:\/\/www.sportchaco.com.ar\/?p=16093"},"modified":"2025-01-28T20:11:43","modified_gmt":"2025-01-28T23:11:43","slug":"central-norte-se-puso-en-marcha","status":"publish","type":"post","link":"https:\/\/www.sportchaco.com.ar\/?p=16093","title":{"rendered":"Central Norte se puso en marcha"},"content":{"rendered":"<p><strong>28-01-2025<\/strong><\/p>\n<p><img loading=\"lazy\" decoding=\"async\" class=\" wp-image-9468 aligncenter\" src=\"https:\/\/www.sportchaco.com.ar\/wp-content\/uploads\/2024\/05\/Nachec-728x90-2-300x37.gif\" alt=\"\" width=\"365\" height=\"45\" \/><\/p>\n<p>Con m\u00e1s de veinticinco jugadores en plantel de Primera Divisi\u00f3n de Central Norte dio comienzo a la pretemporada en club de la avenida Las Heras.<\/p>\n<p>Dicha actividad lo dio comienzo el presidente de la instituci\u00f3n, Ra\u00fal Montenegro, dando la bienvenida al plantel, luego tambi\u00e9n tom\u00f3 la palabra Alejandro Norniella para luego ser Sebasti\u00e1n Guti\u00e9rrez, el entrenador, quien dio\u00a0 a conocer el diagrama de trabajo y entrenamiento.<\/p>\n<p>El cuerpo t\u00e9cnico seguir\u00e1 encabezado por Guti\u00e9rrez, de ayudante t\u00e9cnico estar\u00e1 Maximiliano Bernab\u00e9; esta temporada se sum\u00f3 como preparador f\u00edsico Jos\u00e9 Gonz\u00e1lez y Ramiro G\u00f3mez como entrenador de arqueros.<\/p>\n<p>Con respecto a los refuerzos, se sum\u00f3 el defensor central Gast\u00f3n Acevedo y se est\u00e1 en b\u00fasqueda de un volante central y un arquero.<\/p>\n<p>El plantel estar\u00e1 trabajando toda la pretemporada en el club, junto al cuerpo t\u00e9cnico que tambi\u00e9n ya esta organizando los futuros amistosos.<\/p>\n<p><em><strong>Fotos: Prensa Central Norte<\/strong><\/em><\/p>\n<p><img loading=\"lazy\" decoding=\"async\" class=\" wp-image-9467 aligncenter\" src=\"https:\/\/www.sportchaco.com.ar\/wp-content\/uploads\/2024\/05\/Nachec1-300x250-1.gif\" alt=\"\" width=\"362\" height=\"302\" \/><\/p>\n","protected":false},"excerpt":{"rendered":"<p>28-01-2025 Con m\u00e1s de veinticinco jugadores en plantel de Primera Divisi\u00f3n de Central Norte dio comienzo a la pretemporada en club de la avenida Las Heras. Dicha actividad lo dio comienzo el presidente de la instituci\u00f3n, Ra\u00fal Montenegro, dando la bienvenida al plantel, luego tambi\u00e9n tom\u00f3 la palabra Alejandro Norniella para luego ser Sebasti\u00e1n Guti\u00e9rrez, &hellip;<\/p>\n","protected":false},"author":3,"featured_media":16094,"comment_status":"open","ping_status":"open","sticky":false,"template":"","format":"standard","meta":{"footnotes":""},"categories":[5],"tags":[],"class_list":["post-16093","post","type-post","status-publish","format-standard","has-post-thumbnail","hentry","category-futbol"],"_links":{"self":[{"href":"https:\/\/www.sportchaco.com.ar\/index.php?rest_route=\/wp\/v2\/posts\/16093","targetHints":{"allow":["GET"]}}],"collection":[{"href":"https:\/\/www.sportchaco.com.ar\/index.php?rest_route=\/wp\/v2\/posts"}],"about":[{"href":"https:\/\/www.sportchaco.com.ar\/index.php?rest_route=\/wp\/v2\/types\/post"}],"author":[{"embeddable":true,"href":"https:\/\/www.sportchaco.com.ar\/index.php?rest_route=\/wp\/v2\/users\/3"}],"replies":[{"embeddable":true,"href":"https:\/\/www.sportchaco.com.ar\/index.php?rest_route=%2Fwp%2Fv2%2Fcomments&post=16093"}],"version-history":[{"count":1,"href":"https:\/\/www.sportchaco.com.ar\/index.php?rest_route=\/wp\/v2\/posts\/16093\/revisions"}],"predecessor-version":[{"id":16095,"href":"https:\/\/www.sportchaco.com.ar\/index.php?rest_route=\/wp\/v2\/posts\/16093\/revisions\/16095"}],"wp:featuredmedia":[{"embeddable":true,"href":"https:\/\/www.sportchaco.com.ar\/index.php?rest_route=\/wp\/v2\/media\/16094"}],"wp:attachment":[{"href":"https:\/\/www.sportchaco.com.ar\/index.php?rest_route=%2Fwp%2Fv2%2Fmedia&parent=16093"}],"wp:term":[{"taxonomy":"category","embeddable":true,"href":"https:\/\/www.sportchaco.com.ar\/index.php?rest_route=%2Fwp%2Fv2%2Fcategories&post=16093"},{"taxonomy":"post_tag","embeddable":true,"href":"https:\/\/www.sportchaco.com.ar\/index.php?rest_route=%2Fwp%2Fv2%2Ftags&post=16093"}],"curies":[{"name":"wp","href":"https:\/\/api.w.org\/{rel}","templated":true}]}}