{"id":16106,"date":"2025-01-29T12:22:34","date_gmt":"2025-01-29T15:22:34","guid":{"rendered":"https:\/\/www.sportchaco.com.ar\/?p=16106"},"modified":"2025-01-30T10:59:12","modified_gmt":"2025-01-30T13:59:12","slug":"copetti-y-juric-en-las-inferiores-de-sarmiento","status":"publish","type":"post","link":"https:\/\/www.sportchaco.com.ar\/?p=16106","title":{"rendered":"Copetti y Juric en las inferiores de Sarmiento"},"content":{"rendered":"<div dir=\"auto\">\n<p><strong>29-01-2025<\/strong><\/p>\n<p>Sarmiento present\u00f3 a su nuevo grupo de trabajo en las divisiones inferiores de f\u00fatbol. Se trata de dos viejos conocidos de la casa como Carlos Copetti y el profesor Rafael \u201cFlaco\u201d Juric, que regresan a la instituci\u00f3n en este 2025.<\/p>\n<p>\u201cSe present\u00f3 el equipo que va a coordinar el f\u00fatbol de inferiores de nuestro club, Carlos Copetti y el \u00abFlaco\u00bb Juric vuelven a la instituci\u00f3n para trabajar, en conjunto con un gran staff de profesores, en el nuevo proyecto de formaci\u00f3n de nuestros chicos. \u00a1Todos los \u00e9xitos!\u201d public\u00f3 Sarmiento en sus redes sociales para darle la bienvenida a la dupla.<\/p>\n<p>Copetti y Juric comenzar\u00e1n a trabajar a la brevedad con miras a la temporada 2025 de las divisiones inferiores de la Liga Chaque\u00f1a de F\u00fatbol que comenzar\u00edan la competencia oficial a fines de marzo. Adem\u00e1s, el \u201cdecano\u201d siempre disputa con diferentes categor\u00edas torneos de \u00edndole nacional.<\/p>\n<\/div>\n<div dir=\"auto\"><img loading=\"lazy\" decoding=\"async\" class=\" wp-image-16112 aligncenter\" src=\"https:\/\/www.sportchaco.com.ar\/wp-content\/uploads\/2025\/01\/Salud-Comida-en-Hospitales-200x200-1.gif\" alt=\"\" width=\"248\" height=\"248\" \/><\/div>\n<div dir=\"auto\"><\/div>\n","protected":false},"excerpt":{"rendered":"<p>29-01-2025 Sarmiento present\u00f3 a su nuevo grupo de trabajo en las divisiones inferiores de f\u00fatbol. Se trata de dos viejos conocidos de la casa como Carlos Copetti y el profesor Rafael \u201cFlaco\u201d Juric, que regresan a la instituci\u00f3n en este 2025. \u201cSe present\u00f3 el equipo que va a coordinar el f\u00fatbol de inferiores de nuestro &hellip;<\/p>\n","protected":false},"author":2,"featured_media":16107,"comment_status":"open","ping_status":"open","sticky":false,"template":"","format":"standard","meta":{"footnotes":""},"categories":[5],"tags":[],"class_list":["post-16106","post","type-post","status-publish","format-standard","has-post-thumbnail","hentry","category-futbol"],"_links":{"self":[{"href":"https:\/\/www.sportchaco.com.ar\/index.php?rest_route=\/wp\/v2\/posts\/16106","targetHints":{"allow":["GET"]}}],"collection":[{"href":"https:\/\/www.sportchaco.com.ar\/index.php?rest_route=\/wp\/v2\/posts"}],"about":[{"href":"https:\/\/www.sportchaco.com.ar\/index.php?rest_route=\/wp\/v2\/types\/post"}],"author":[{"embeddable":true,"href":"https:\/\/www.sportchaco.com.ar\/index.php?rest_route=\/wp\/v2\/users\/2"}],"replies":[{"embeddable":true,"href":"https:\/\/www.sportchaco.com.ar\/index.php?rest_route=%2Fwp%2Fv2%2Fcomments&post=16106"}],"version-history":[{"count":5,"href":"https:\/\/www.sportchaco.com.ar\/index.php?rest_route=\/wp\/v2\/posts\/16106\/revisions"}],"predecessor-version":[{"id":16145,"href":"https:\/\/www.sportchaco.com.ar\/index.php?rest_route=\/wp\/v2\/posts\/16106\/revisions\/16145"}],"wp:featuredmedia":[{"embeddable":true,"href":"https:\/\/www.sportchaco.com.ar\/index.php?rest_route=\/wp\/v2\/media\/16107"}],"wp:attachment":[{"href":"https:\/\/www.sportchaco.com.ar\/index.php?rest_route=%2Fwp%2Fv2%2Fmedia&parent=16106"}],"wp:term":[{"taxonomy":"category","embeddable":true,"href":"https:\/\/www.sportchaco.com.ar\/index.php?rest_route=%2Fwp%2Fv2%2Fcategories&post=16106"},{"taxonomy":"post_tag","embeddable":true,"href":"https:\/\/www.sportchaco.com.ar\/index.php?rest_route=%2Fwp%2Fv2%2Ftags&post=16106"}],"curies":[{"name":"wp","href":"https:\/\/api.w.org\/{rel}","templated":true}]}}