{"id":16110,"date":"2025-01-29T12:32:15","date_gmt":"2025-01-29T15:32:15","guid":{"rendered":"https:\/\/www.sportchaco.com.ar\/?p=16110"},"modified":"2025-01-29T19:54:44","modified_gmt":"2025-01-29T22:54:44","slug":"municipio-de-vilelas-y-provincia-en-trabajo-conjunto","status":"publish","type":"post","link":"https:\/\/www.sportchaco.com.ar\/?p=16110","title":{"rendered":"Municipio de Vilelas y Provincia en trabajo conjunto"},"content":{"rendered":"<p><strong>29-01-2025<\/strong><\/p>\n<p><img loading=\"lazy\" decoding=\"async\" class=\" wp-image-11424 aligncenter\" src=\"https:\/\/www.sportchaco.com.ar\/wp-content\/uploads\/2024\/07\/gob-salud-fijo-marzo-300x50.jpg\" alt=\"\" width=\"366\" height=\"61\" srcset=\"https:\/\/www.sportchaco.com.ar\/wp-content\/uploads\/2024\/07\/gob-salud-fijo-marzo-300x50.jpg 300w, https:\/\/www.sportchaco.com.ar\/wp-content\/uploads\/2024\/07\/gob-salud-fijo-marzo-1024x171.jpg 1024w, https:\/\/www.sportchaco.com.ar\/wp-content\/uploads\/2024\/07\/gob-salud-fijo-marzo-768x128.jpg 768w, https:\/\/www.sportchaco.com.ar\/wp-content\/uploads\/2024\/07\/gob-salud-fijo-marzo.jpg 1200w\" sizes=\"auto, (max-width: 366px) 100vw, 366px\" \/><\/p>\n<p>Planificando la agenda 2025 en conjunto con Provincia, el intendente Marcelo \u201cColo\u201d Gonz\u00e1lez llev\u00f3 adelante una reuni\u00f3n con el presidente del Instituto del Deporte Chaque\u00f1o, Fabio V\u00e1zquez en el cual ambas partes diagramaron un trabajo en conjunto, relacionado a gestiones deportivas en las distintas instituciones y sectores de Puerto Vilelas.<\/p>\n<p>\u201cPuerto Vilelas est\u00e1 creciendo en gran manera y queremos llegar a todos los rincones en materia de deportes e inversiones\u201d, afirm\u00f3 el jefe comunal vilelense quien estuvo acompa\u00f1ado por el vocal de este ente provincial, V\u00edctor Rea.<\/p>\n<p>Entre los temas tratados, ambas partes plasmaron m\u00faltiples proyectos, calendarios deportivos y un trabajo articulado para llevar a cabo en este 2025 \u201cpol\u00edticas deportivas que impacten directamente en una mejor calidad de vida para el pueblo los vilelenses\u201d.<\/p>\n<p>Este proyecto humano e inclusivo municipal, conducido por Marcelo \u201cColo\u201d Gonz\u00e1lez viene trabajando intensamente con todas las instituciones deportivas de la localidad. Asimismo, vale remarcar, que Puerto Vilelas cuenta con un enorme potencial deportivo que se extiende a lo largo y ancho de la localidad, incluyendo los parajes.<\/p>\n<p><strong>Generar un espacio de encuentro<br \/>\n<\/strong>Por su parte, el vocal entrante del Instituto del Deporte Chaque\u00f1o, V\u00edctor Rea afirm\u00f3 que \u201clo fundamental de todo esto es poder generar un espacio de encuentro entre todos los actores sociales\u201d.<\/p>\n<p>\u00abEl objetivo principal de estos tipos de reuniones son buscar y generar todas las herramientas deportivas para los vecinos de Puerto Vilelas\u201d, finaliz\u00f3.<\/p>\n<p><img loading=\"lazy\" decoding=\"async\" class=\"alignnone  wp-image-16112 aligncenter\" src=\"https:\/\/www.sportchaco.com.ar\/wp-content\/uploads\/2025\/01\/Salud-Comida-en-Hospitales-200x200-1.gif\" alt=\"\" width=\"277\" height=\"277\" \/><\/p>\n<p>&nbsp;<\/p>\n<p>&nbsp;<\/p>\n","protected":false},"excerpt":{"rendered":"<p>29-01-2025 Planificando la agenda 2025 en conjunto con Provincia, el intendente Marcelo \u201cColo\u201d Gonz\u00e1lez llev\u00f3 adelante una reuni\u00f3n con el presidente del Instituto del Deporte Chaque\u00f1o, Fabio V\u00e1zquez en el cual ambas partes diagramaron un trabajo en conjunto, relacionado a gestiones deportivas en las distintas instituciones y sectores de Puerto Vilelas. \u201cPuerto Vilelas est\u00e1 creciendo &hellip;<\/p>\n","protected":false},"author":2,"featured_media":16111,"comment_status":"open","ping_status":"open","sticky":false,"template":"","format":"standard","meta":{"footnotes":""},"categories":[44],"tags":[],"class_list":["post-16110","post","type-post","status-publish","format-standard","has-post-thumbnail","hentry","category-varios"],"_links":{"self":[{"href":"https:\/\/www.sportchaco.com.ar\/index.php?rest_route=\/wp\/v2\/posts\/16110","targetHints":{"allow":["GET"]}}],"collection":[{"href":"https:\/\/www.sportchaco.com.ar\/index.php?rest_route=\/wp\/v2\/posts"}],"about":[{"href":"https:\/\/www.sportchaco.com.ar\/index.php?rest_route=\/wp\/v2\/types\/post"}],"author":[{"embeddable":true,"href":"https:\/\/www.sportchaco.com.ar\/index.php?rest_route=\/wp\/v2\/users\/2"}],"replies":[{"embeddable":true,"href":"https:\/\/www.sportchaco.com.ar\/index.php?rest_route=%2Fwp%2Fv2%2Fcomments&post=16110"}],"version-history":[{"count":3,"href":"https:\/\/www.sportchaco.com.ar\/index.php?rest_route=\/wp\/v2\/posts\/16110\/revisions"}],"predecessor-version":[{"id":16122,"href":"https:\/\/www.sportchaco.com.ar\/index.php?rest_route=\/wp\/v2\/posts\/16110\/revisions\/16122"}],"wp:featuredmedia":[{"embeddable":true,"href":"https:\/\/www.sportchaco.com.ar\/index.php?rest_route=\/wp\/v2\/media\/16111"}],"wp:attachment":[{"href":"https:\/\/www.sportchaco.com.ar\/index.php?rest_route=%2Fwp%2Fv2%2Fmedia&parent=16110"}],"wp:term":[{"taxonomy":"category","embeddable":true,"href":"https:\/\/www.sportchaco.com.ar\/index.php?rest_route=%2Fwp%2Fv2%2Fcategories&post=16110"},{"taxonomy":"post_tag","embeddable":true,"href":"https:\/\/www.sportchaco.com.ar\/index.php?rest_route=%2Fwp%2Fv2%2Ftags&post=16110"}],"curies":[{"name":"wp","href":"https:\/\/api.w.org\/{rel}","templated":true}]}}