{"id":16123,"date":"2025-01-30T00:21:41","date_gmt":"2025-01-30T03:21:41","guid":{"rendered":"https:\/\/www.sportchaco.com.ar\/?p=16123"},"modified":"2025-01-30T00:21:41","modified_gmt":"2025-01-30T03:21:41","slug":"cune-empezo-con-sus-pretemporadas-en-basquet","status":"publish","type":"post","link":"https:\/\/www.sportchaco.com.ar\/?p=16123","title":{"rendered":"CUNE empez\u00f3 con sus pretemporadas en b\u00e1squet"},"content":{"rendered":"<p><strong>30-01-2025<\/strong><\/p>\n<p><img loading=\"lazy\" decoding=\"async\" class=\" wp-image-9468 aligncenter\" src=\"https:\/\/www.sportchaco.com.ar\/wp-content\/uploads\/2024\/05\/Nachec-728x90-2-300x37.gif\" alt=\"\" width=\"365\" height=\"45\" \/><\/p>\n<p>En la jornada del lunes 27, el b\u00e1squet masculino de Cune puso inicio de la pretemporada 2025 en todas sus categor\u00edas, desde minib\u00e1squet hasta Primera. El staff de entrenadores est\u00e1 conformado por Santiago Acu\u00f1a como coordinador de toda la disciplina, en tanto que Marcos Greatti va desde U15 hasta Primera como entrenador, mientras que Fabricio Gazzola est\u00e1 a cargo de todo el minib\u00e1squet hasta U13.<\/p>\n<p>\u201cLa idea es participar en todas las categor\u00edas a nivel Asociativo, donde para destacar que en este parate llevamos adelante la compra de nuevas de nuevas pelotas reglamentarias para todas las categor\u00edas, adem\u00e1s de que se sumaron chicos de otros clubes tambi\u00e9n\u201d, destac\u00f3 el coordinador Santiago Acu\u00f1a.<\/p>\n<p>\u201cVamos a seguir promoviendo y trabajando fuertemente en el club\u201d, cerr\u00f3 Acu\u00f1a.<\/p>\n<figure class=\"wp-block-image size-full\"><a href=\"https:\/\/baskettotal.com.ar\/wp-content\/uploads\/2025\/01\/CUNE-2.jpg\"><img loading=\"lazy\" decoding=\"async\" class=\"lazy wp-image-26115 lazy-loaded aligncenter\" src=\"https:\/\/baskettotal.com.ar\/wp-content\/uploads\/2025\/01\/CUNE-2.jpg\" sizes=\"auto, (max-width: 553px) 100vw, 553px\" srcset=\"https:\/\/baskettotal.com.ar\/wp-content\/uploads\/2025\/01\/CUNE-2.jpg 553w, https:\/\/baskettotal.com.ar\/wp-content\/uploads\/2025\/01\/CUNE-2-213x300.jpg 213w\" alt=\"\" width=\"553\" height=\"780\" data-lazy-type=\"image\" data-lazy-src=\"https:\/\/baskettotal.com.ar\/wp-content\/uploads\/2025\/01\/CUNE-2.jpg\" data-lazy-srcset=\"https:\/\/baskettotal.com.ar\/wp-content\/uploads\/2025\/01\/CUNE-2.jpg 553w, https:\/\/baskettotal.com.ar\/wp-content\/uploads\/2025\/01\/CUNE-2-213x300.jpg 213w\" data-lazy-sizes=\"(max-width: 553px) 100vw, 553px\" \/><\/a><\/figure>\n<p><strong>\u00abLa idea del club ser competitivo lo m\u00e1ximo posible\u00bb<br \/>\n<\/strong>Adem\u00e1s, Marcos Greatti, a cargo de las categor\u00edas desde U15 a Primera, manifest\u00f3 arrancar el a\u00f1o \u00abilusionado y con muchas ganas de afrontar otro a\u00f1o, poder ser competitivos; el grupo hizo b\u00e1squet, fundamentos y t\u00e9cnica individual, y los \u00faltimos minutos con el preparador f\u00edsico\u00bb.<\/p>\n<p>\u00abLa idea del club ser competitivo lo m\u00e1ximo posible; intentamos y buscamos darle prioridad a los j\u00f3venes, ir mechando muchos chicos de abajo obviamente con los jugadores de experiencia que los van ayudando a ellos\u00bb, explic\u00f3 Greatti en referencia al trabajo en Primera, a\u00f1adiendo adem\u00e1s que \u00aben formativas, hacer hincapi\u00e9 y desarrollo en la t\u00e9cnica con los chicos para ir de manera progresiva\u00bb, finaliz\u00f3.<\/p>\n<p><img loading=\"lazy\" decoding=\"async\" class=\" wp-image-8565 aligncenter\" src=\"https:\/\/www.sportchaco.com.ar\/wp-content\/uploads\/2024\/04\/Nachec1-300x600-3-150x300.gif\" alt=\"\" width=\"179\" height=\"358\" \/><\/p>\n","protected":false},"excerpt":{"rendered":"<p>30-01-2025 En la jornada del lunes 27, el b\u00e1squet masculino de Cune puso inicio de la pretemporada 2025 en todas sus categor\u00edas, desde minib\u00e1squet hasta Primera. El staff de entrenadores est\u00e1 conformado por Santiago Acu\u00f1a como coordinador de toda la disciplina, en tanto que Marcos Greatti va desde U15 hasta Primera como entrenador, mientras que &hellip;<\/p>\n","protected":false},"author":3,"featured_media":16124,"comment_status":"open","ping_status":"open","sticky":false,"template":"","format":"standard","meta":{"footnotes":""},"categories":[3],"tags":[],"class_list":["post-16123","post","type-post","status-publish","format-standard","has-post-thumbnail","hentry","category-basquetbol"],"_links":{"self":[{"href":"https:\/\/www.sportchaco.com.ar\/index.php?rest_route=\/wp\/v2\/posts\/16123","targetHints":{"allow":["GET"]}}],"collection":[{"href":"https:\/\/www.sportchaco.com.ar\/index.php?rest_route=\/wp\/v2\/posts"}],"about":[{"href":"https:\/\/www.sportchaco.com.ar\/index.php?rest_route=\/wp\/v2\/types\/post"}],"author":[{"embeddable":true,"href":"https:\/\/www.sportchaco.com.ar\/index.php?rest_route=\/wp\/v2\/users\/3"}],"replies":[{"embeddable":true,"href":"https:\/\/www.sportchaco.com.ar\/index.php?rest_route=%2Fwp%2Fv2%2Fcomments&post=16123"}],"version-history":[{"count":1,"href":"https:\/\/www.sportchaco.com.ar\/index.php?rest_route=\/wp\/v2\/posts\/16123\/revisions"}],"predecessor-version":[{"id":16125,"href":"https:\/\/www.sportchaco.com.ar\/index.php?rest_route=\/wp\/v2\/posts\/16123\/revisions\/16125"}],"wp:featuredmedia":[{"embeddable":true,"href":"https:\/\/www.sportchaco.com.ar\/index.php?rest_route=\/wp\/v2\/media\/16124"}],"wp:attachment":[{"href":"https:\/\/www.sportchaco.com.ar\/index.php?rest_route=%2Fwp%2Fv2%2Fmedia&parent=16123"}],"wp:term":[{"taxonomy":"category","embeddable":true,"href":"https:\/\/www.sportchaco.com.ar\/index.php?rest_route=%2Fwp%2Fv2%2Fcategories&post=16123"},{"taxonomy":"post_tag","embeddable":true,"href":"https:\/\/www.sportchaco.com.ar\/index.php?rest_route=%2Fwp%2Fv2%2Ftags&post=16123"}],"curies":[{"name":"wp","href":"https:\/\/api.w.org\/{rel}","templated":true}]}}