{"id":16153,"date":"2025-01-31T03:19:04","date_gmt":"2025-01-31T06:19:04","guid":{"rendered":"https:\/\/www.sportchaco.com.ar\/?p=16153"},"modified":"2025-01-31T13:54:06","modified_gmt":"2025-01-31T16:54:06","slug":"cultural-de-sylvina-confirmo-su-presencia-en-la-liga-federal-de-basquet","status":"publish","type":"post","link":"https:\/\/www.sportchaco.com.ar\/?p=16153","title":{"rendered":"Cultural de Sylvina confirm\u00f3 su presencia en La Liga Federal de B\u00e1squet"},"content":{"rendered":"<p><strong>31-01-2025<\/strong><\/p>\n<p><img loading=\"lazy\" decoding=\"async\" class=\" wp-image-9468 aligncenter\" src=\"https:\/\/www.sportchaco.com.ar\/wp-content\/uploads\/2024\/05\/Nachec-728x90-2-300x37.gif\" alt=\"\" width=\"373\" height=\"46\" \/><\/p>\n<p>El club Cultural de Santa Sylvina confirm\u00f3 su participaci\u00f3n en la temporada 2025 de La Liga Federal de B\u00e1squet (LFB). Su presidente, Javier Ayala, confirm\u00f3 que ya se inscribieron y cumplieron con los requisitos econ\u00f3micos de la Confederaci\u00f3n Argentina de B\u00e1squet (CAB).<\/p>\n<p>La \u00faltima vez que los del sudoeste chaque\u00f1o participaron de este certamen nacional lo hicieron en el a\u00f1o 2023.<\/p>\n<p>De esta manera, hasta el momento, Cultural de Santa Sylvina y H\u00e9rcules de Charata (Chaco), San Lorenzo de Monte Caseros, San Mart\u00edn de Curuz\u00fa Cuati\u00e1 y AMAD de Goya (Corrientes), Tokio, Mitre y CAPRI (Posadas\u2013Misiones) y Sarmiento de Formosa, conforman la Regi\u00f3n NEA. Regatas Resistencia e Hind\u00fa Club a\u00fan no definieron su participaci\u00f3n en dicho torneo.<\/p>\n<p>\u201cSaber que tu instituci\u00f3n va a participar de una competencia tan importante como La Liga Federal son sensaciones de alegr\u00eda, donde se ve el fruto y jugarlo sin que nadie te haya regalado nada\u201d, fueron las primeras palabras de el entrenador principal del equipo de Primera, Fabio Vi\u00f1etta.<\/p>\n<p>\u201cSoy muy optimista, a pesar de que el equipo no est\u00e1 conformado a\u00fan, pero si sabiendo que van a estar los chicos que jugaron el Pre\u2013Federal, tratando de ir paso a paso y hacer las cosas de la mejor manera posible\u201d, finaliz\u00f3 Vi\u00f1etta.<\/p>\n<p><img loading=\"lazy\" decoding=\"async\" class=\" wp-image-8481 aligncenter\" src=\"https:\/\/www.sportchaco.com.ar\/wp-content\/uploads\/2024\/04\/Nachec1-200x200-2.gif\" alt=\"\" width=\"257\" height=\"257\" \/><\/p>\n","protected":false},"excerpt":{"rendered":"<p>31-01-2025 El club Cultural de Santa Sylvina confirm\u00f3 su participaci\u00f3n en la temporada 2025 de La Liga Federal de B\u00e1squet (LFB). Su presidente, Javier Ayala, confirm\u00f3 que ya se inscribieron y cumplieron con los requisitos econ\u00f3micos de la Confederaci\u00f3n Argentina de B\u00e1squet (CAB). La \u00faltima vez que los del sudoeste chaque\u00f1o participaron de este certamen &hellip;<\/p>\n","protected":false},"author":3,"featured_media":14998,"comment_status":"open","ping_status":"open","sticky":false,"template":"","format":"standard","meta":{"footnotes":""},"categories":[3],"tags":[],"class_list":["post-16153","post","type-post","status-publish","format-standard","has-post-thumbnail","hentry","category-basquetbol"],"_links":{"self":[{"href":"https:\/\/www.sportchaco.com.ar\/index.php?rest_route=\/wp\/v2\/posts\/16153","targetHints":{"allow":["GET"]}}],"collection":[{"href":"https:\/\/www.sportchaco.com.ar\/index.php?rest_route=\/wp\/v2\/posts"}],"about":[{"href":"https:\/\/www.sportchaco.com.ar\/index.php?rest_route=\/wp\/v2\/types\/post"}],"author":[{"embeddable":true,"href":"https:\/\/www.sportchaco.com.ar\/index.php?rest_route=\/wp\/v2\/users\/3"}],"replies":[{"embeddable":true,"href":"https:\/\/www.sportchaco.com.ar\/index.php?rest_route=%2Fwp%2Fv2%2Fcomments&post=16153"}],"version-history":[{"count":1,"href":"https:\/\/www.sportchaco.com.ar\/index.php?rest_route=\/wp\/v2\/posts\/16153\/revisions"}],"predecessor-version":[{"id":16154,"href":"https:\/\/www.sportchaco.com.ar\/index.php?rest_route=\/wp\/v2\/posts\/16153\/revisions\/16154"}],"wp:featuredmedia":[{"embeddable":true,"href":"https:\/\/www.sportchaco.com.ar\/index.php?rest_route=\/wp\/v2\/media\/14998"}],"wp:attachment":[{"href":"https:\/\/www.sportchaco.com.ar\/index.php?rest_route=%2Fwp%2Fv2%2Fmedia&parent=16153"}],"wp:term":[{"taxonomy":"category","embeddable":true,"href":"https:\/\/www.sportchaco.com.ar\/index.php?rest_route=%2Fwp%2Fv2%2Fcategories&post=16153"},{"taxonomy":"post_tag","embeddable":true,"href":"https:\/\/www.sportchaco.com.ar\/index.php?rest_route=%2Fwp%2Fv2%2Ftags&post=16153"}],"curies":[{"name":"wp","href":"https:\/\/api.w.org\/{rel}","templated":true}]}}