{"id":16164,"date":"2025-01-31T14:18:21","date_gmt":"2025-01-31T17:18:21","guid":{"rendered":"https:\/\/www.sportchaco.com.ar\/?p=16164"},"modified":"2025-01-31T21:32:11","modified_gmt":"2025-02-01T00:32:11","slug":"for-ever-se-midio-ante-patronato","status":"publish","type":"post","link":"https:\/\/www.sportchaco.com.ar\/?p=16164","title":{"rendered":"For Ever se midi\u00f3 ante Patronato"},"content":{"rendered":"<p><strong>31-01-2025<\/strong><\/p>\n<p><img loading=\"lazy\" decoding=\"async\" class=\" wp-image-11424 aligncenter\" src=\"https:\/\/www.sportchaco.com.ar\/wp-content\/uploads\/2024\/07\/gob-salud-fijo-marzo-300x50.jpg\" alt=\"\" width=\"366\" height=\"61\" srcset=\"https:\/\/www.sportchaco.com.ar\/wp-content\/uploads\/2024\/07\/gob-salud-fijo-marzo-300x50.jpg 300w, https:\/\/www.sportchaco.com.ar\/wp-content\/uploads\/2024\/07\/gob-salud-fijo-marzo-1024x171.jpg 1024w, https:\/\/www.sportchaco.com.ar\/wp-content\/uploads\/2024\/07\/gob-salud-fijo-marzo-768x128.jpg 768w, https:\/\/www.sportchaco.com.ar\/wp-content\/uploads\/2024\/07\/gob-salud-fijo-marzo.jpg 1200w\" sizes=\"auto, (max-width: 366px) 100vw, 366px\" \/><\/p>\n<p>For Ever contin\u00faa con sus partidos amistosos de pretemporada a la espera del inicio de la temporada 2025 de la Primera Nacional que lo tendr\u00e1 integrando el gupo B de la categor\u00eda.<\/p>\n<p>En esta oportunidad el equipo de Ricardo Pancaldo disput\u00f3 dos encuentros ante Patronato de Paran\u00e1, en la jornada del jueves, con un empate (1-1) y una derrota (1-0). El equipo ven\u00eda de jugar el martes, tambi\u00e9n dos partidos, ante Uni\u00f3n de Santa Fe.<\/p>\n<p>El primer equipo del \u00abalbinegro\u00bb form\u00f3 con Gast\u00f3n Canuto; Mauricio Rosales, Gino Barbieri, Mathias Silvera y Franco Perinciolo; Santiago Valenzuela, Juan Manuel Carrizo, Santiago \u00dabeda y Roberto Seratto; Leonardo Marinucci y Lucas Ribecchi. El gol del empate ante el \u00abpatr\u00f3n\u00bb, que integrar\u00e1 la zona A del torneo, lo marc\u00f3 Mateo D\u00edaz Ch\u00e1vez.<\/p>\n<p>Luego el segundo equipo que perdi\u00f3 por la m\u00ednima diferencia form\u00f3 con: Nicol\u00e1s Caprio; Maximiliano romero, David Valdez, Jonathan Fleita y Alan Luque; Gonzalo Ca\u00f1ete, Joaqu\u00edn Jara, Braian Guerra y Brand\u00f3n Obreg\u00f3n; Mateo D\u00edaz Ch\u00e1vez y Mat\u00edas Romero.<\/p>\n<p>Cabe recordar que For Ever debutar\u00e1 el pr\u00f3ximo viernes 7 de febrero a las 21:30 ante Estudiantes de Caseros en el \u00abJuan Alberto Garc\u00eda\u00bb de Resistencia.<\/p>\n<p><em><strong>Foto: Twitter El Aguante Deportivo<\/strong><\/em><\/p>\n<p><img loading=\"lazy\" decoding=\"async\" class=\" wp-image-9571 aligncenter\" src=\"https:\/\/www.sportchaco.com.ar\/wp-content\/uploads\/2024\/05\/gob-salud-marzo-apaisado-2-1.gif\" alt=\"\" width=\"304\" height=\"304\" \/><\/p>\n","protected":false},"excerpt":{"rendered":"<p>31-01-2025 For Ever contin\u00faa con sus partidos amistosos de pretemporada a la espera del inicio de la temporada 2025 de la Primera Nacional que lo tendr\u00e1 integrando el gupo B de la categor\u00eda. En esta oportunidad el equipo de Ricardo Pancaldo disput\u00f3 dos encuentros ante Patronato de Paran\u00e1, en la jornada del jueves, con un &hellip;<\/p>\n","protected":false},"author":3,"featured_media":16166,"comment_status":"open","ping_status":"open","sticky":false,"template":"","format":"standard","meta":{"footnotes":""},"categories":[5],"tags":[],"class_list":["post-16164","post","type-post","status-publish","format-standard","has-post-thumbnail","hentry","category-futbol"],"_links":{"self":[{"href":"https:\/\/www.sportchaco.com.ar\/index.php?rest_route=\/wp\/v2\/posts\/16164","targetHints":{"allow":["GET"]}}],"collection":[{"href":"https:\/\/www.sportchaco.com.ar\/index.php?rest_route=\/wp\/v2\/posts"}],"about":[{"href":"https:\/\/www.sportchaco.com.ar\/index.php?rest_route=\/wp\/v2\/types\/post"}],"author":[{"embeddable":true,"href":"https:\/\/www.sportchaco.com.ar\/index.php?rest_route=\/wp\/v2\/users\/3"}],"replies":[{"embeddable":true,"href":"https:\/\/www.sportchaco.com.ar\/index.php?rest_route=%2Fwp%2Fv2%2Fcomments&post=16164"}],"version-history":[{"count":2,"href":"https:\/\/www.sportchaco.com.ar\/index.php?rest_route=\/wp\/v2\/posts\/16164\/revisions"}],"predecessor-version":[{"id":16171,"href":"https:\/\/www.sportchaco.com.ar\/index.php?rest_route=\/wp\/v2\/posts\/16164\/revisions\/16171"}],"wp:featuredmedia":[{"embeddable":true,"href":"https:\/\/www.sportchaco.com.ar\/index.php?rest_route=\/wp\/v2\/media\/16166"}],"wp:attachment":[{"href":"https:\/\/www.sportchaco.com.ar\/index.php?rest_route=%2Fwp%2Fv2%2Fmedia&parent=16164"}],"wp:term":[{"taxonomy":"category","embeddable":true,"href":"https:\/\/www.sportchaco.com.ar\/index.php?rest_route=%2Fwp%2Fv2%2Fcategories&post=16164"},{"taxonomy":"post_tag","embeddable":true,"href":"https:\/\/www.sportchaco.com.ar\/index.php?rest_route=%2Fwp%2Fv2%2Ftags&post=16164"}],"curies":[{"name":"wp","href":"https:\/\/api.w.org\/{rel}","templated":true}]}}