{"id":16194,"date":"2025-02-02T05:05:15","date_gmt":"2025-02-02T08:05:15","guid":{"rendered":"https:\/\/www.sportchaco.com.ar\/?p=16194"},"modified":"2025-02-02T05:05:15","modified_gmt":"2025-02-02T08:05:15","slug":"hercules-sigue-trabajando-de-cara-a-la-liga-federal","status":"publish","type":"post","link":"https:\/\/www.sportchaco.com.ar\/?p=16194","title":{"rendered":"H\u00e9rcules sigue trabajando de cara a La Liga Federal"},"content":{"rendered":"<p><strong>02-02-2025<\/strong><\/p>\n<p><img loading=\"lazy\" decoding=\"async\" class=\" wp-image-6730 aligncenter\" src=\"https:\/\/www.sportchaco.com.ar\/wp-content\/uploads\/2024\/03\/aviso-colegios-acostado-1-300x50.jpg\" alt=\"\" width=\"366\" height=\"61\" srcset=\"https:\/\/www.sportchaco.com.ar\/wp-content\/uploads\/2024\/03\/aviso-colegios-acostado-1-300x50.jpg 300w, https:\/\/www.sportchaco.com.ar\/wp-content\/uploads\/2024\/03\/aviso-colegios-acostado-1-1024x171.jpg 1024w, https:\/\/www.sportchaco.com.ar\/wp-content\/uploads\/2024\/03\/aviso-colegios-acostado-1-768x128.jpg 768w, https:\/\/www.sportchaco.com.ar\/wp-content\/uploads\/2024\/03\/aviso-colegios-acostado-1.jpg 1200w\" sizes=\"auto, (max-width: 366px) 100vw, 366px\" \/><\/p>\n<p>Cerrando su segunda semana de pretemporada, de cara a la temporada 2025 de La Liga Federal de B\u00e1squet, H\u00e9rcules de Charata trabaja intensamente en trabajos f\u00edsicos y t\u00e1cticos, buscando la puesta a punto de un equipo que combina juventud y experiencia y por supuesto ya lleva importantes logros cosechados.<\/p>\n<p>\u201cEn esta segunda semana estamos avanzando en el juego ofensivo, tratando de tener m\u00e1s resistencia e intensificando todo lo que es la preparaci\u00f3n f\u00edsica\u201d, remarc\u00f3 el entrenador principal Mauro Aleksandrowicz quien junto al preparador f\u00edsico Juan \u00c1lvarez coordinan todos los trabajos deportivos.<\/p>\n<figure class=\"wp-block-image size-large\"><a href=\"https:\/\/baskettotal.com.ar\/wp-content\/uploads\/2025\/02\/3.jpg\"><img loading=\"lazy\" decoding=\"async\" class=\"lazy wp-image-26158 lazy-loaded\" src=\"https:\/\/baskettotal.com.ar\/wp-content\/uploads\/2025\/02\/3-1024x545.jpg\" sizes=\"auto, (max-width: 1024px) 100vw, 1024px\" srcset=\"https:\/\/baskettotal.com.ar\/wp-content\/uploads\/2025\/02\/3-1024x545.jpg 1024w, https:\/\/baskettotal.com.ar\/wp-content\/uploads\/2025\/02\/3-300x160.jpg 300w, https:\/\/baskettotal.com.ar\/wp-content\/uploads\/2025\/02\/3-768x409.jpg 768w, https:\/\/baskettotal.com.ar\/wp-content\/uploads\/2025\/02\/3.jpg 1040w\" alt=\"\" width=\"1024\" height=\"545\" data-lazy-type=\"image\" data-lazy-src=\"https:\/\/baskettotal.com.ar\/wp-content\/uploads\/2025\/02\/3-1024x545.jpg\" data-lazy-srcset=\"https:\/\/baskettotal.com.ar\/wp-content\/uploads\/2025\/02\/3-1024x545.jpg 1024w, https:\/\/baskettotal.com.ar\/wp-content\/uploads\/2025\/02\/3-300x160.jpg 300w, https:\/\/baskettotal.com.ar\/wp-content\/uploads\/2025\/02\/3-768x409.jpg 768w, https:\/\/baskettotal.com.ar\/wp-content\/uploads\/2025\/02\/3.jpg 1040w\" data-lazy-sizes=\"(max-width: 1024px) 100vw, 1024px\" \/><\/a><\/figure>\n<p>D\u00edas atr\u00e1s, la dirigencia de la instituci\u00f3n charatense, confirm\u00f3 la continuidad de Gabriel Frencia, Cristian Aguilar e Ignacio Torrente y los regresos de Gonzalo Ger\u00e9z, Federico Cativa y Facundo Pereira. Asimismo, todav\u00eda restan 3 semanas de trabajos de pretemporada.<\/p>\n<p>\u201cLa idea es seguir mejorando, trabajando la parte f\u00edsica y t\u00e9cnica, darle mucha importancia a la combinaci\u00f3n de estas 2 cosas, porque hay que estar bien f\u00edsicamente para este torneo\u201d, puntualiz\u00f3 Aleksandrowicz.<\/p>\n<p><img loading=\"lazy\" decoding=\"async\" class=\" wp-image-9746 aligncenter\" src=\"https:\/\/www.sportchaco.com.ar\/wp-content\/uploads\/2024\/05\/Mosquitos-aviso-240x300.jpeg\" alt=\"\" width=\"270\" height=\"338\" srcset=\"https:\/\/www.sportchaco.com.ar\/wp-content\/uploads\/2024\/05\/Mosquitos-aviso-240x300.jpeg 240w, https:\/\/www.sportchaco.com.ar\/wp-content\/uploads\/2024\/05\/Mosquitos-aviso-819x1024.jpeg 819w, https:\/\/www.sportchaco.com.ar\/wp-content\/uploads\/2024\/05\/Mosquitos-aviso-768x960.jpeg 768w, https:\/\/www.sportchaco.com.ar\/wp-content\/uploads\/2024\/05\/Mosquitos-aviso.jpeg 1080w\" sizes=\"auto, (max-width: 270px) 100vw, 270px\" \/><\/p>\n","protected":false},"excerpt":{"rendered":"<p>02-02-2025 Cerrando su segunda semana de pretemporada, de cara a la temporada 2025 de La Liga Federal de B\u00e1squet, H\u00e9rcules de Charata trabaja intensamente en trabajos f\u00edsicos y t\u00e1cticos, buscando la puesta a punto de un equipo que combina juventud y experiencia y por supuesto ya lleva importantes logros cosechados. \u201cEn esta segunda semana estamos &hellip;<\/p>\n","protected":false},"author":3,"featured_media":16195,"comment_status":"open","ping_status":"open","sticky":false,"template":"","format":"standard","meta":{"footnotes":""},"categories":[3],"tags":[],"class_list":["post-16194","post","type-post","status-publish","format-standard","has-post-thumbnail","hentry","category-basquetbol"],"_links":{"self":[{"href":"https:\/\/www.sportchaco.com.ar\/index.php?rest_route=\/wp\/v2\/posts\/16194","targetHints":{"allow":["GET"]}}],"collection":[{"href":"https:\/\/www.sportchaco.com.ar\/index.php?rest_route=\/wp\/v2\/posts"}],"about":[{"href":"https:\/\/www.sportchaco.com.ar\/index.php?rest_route=\/wp\/v2\/types\/post"}],"author":[{"embeddable":true,"href":"https:\/\/www.sportchaco.com.ar\/index.php?rest_route=\/wp\/v2\/users\/3"}],"replies":[{"embeddable":true,"href":"https:\/\/www.sportchaco.com.ar\/index.php?rest_route=%2Fwp%2Fv2%2Fcomments&post=16194"}],"version-history":[{"count":1,"href":"https:\/\/www.sportchaco.com.ar\/index.php?rest_route=\/wp\/v2\/posts\/16194\/revisions"}],"predecessor-version":[{"id":16196,"href":"https:\/\/www.sportchaco.com.ar\/index.php?rest_route=\/wp\/v2\/posts\/16194\/revisions\/16196"}],"wp:featuredmedia":[{"embeddable":true,"href":"https:\/\/www.sportchaco.com.ar\/index.php?rest_route=\/wp\/v2\/media\/16195"}],"wp:attachment":[{"href":"https:\/\/www.sportchaco.com.ar\/index.php?rest_route=%2Fwp%2Fv2%2Fmedia&parent=16194"}],"wp:term":[{"taxonomy":"category","embeddable":true,"href":"https:\/\/www.sportchaco.com.ar\/index.php?rest_route=%2Fwp%2Fv2%2Fcategories&post=16194"},{"taxonomy":"post_tag","embeddable":true,"href":"https:\/\/www.sportchaco.com.ar\/index.php?rest_route=%2Fwp%2Fv2%2Ftags&post=16194"}],"curies":[{"name":"wp","href":"https:\/\/api.w.org\/{rel}","templated":true}]}}