{"id":16209,"date":"2025-02-03T00:06:04","date_gmt":"2025-02-03T03:06:04","guid":{"rendered":"https:\/\/www.sportchaco.com.ar\/?p=16209"},"modified":"2025-02-03T06:45:39","modified_gmt":"2025-02-03T09:45:39","slug":"cara-y-ceca-del-deporte","status":"publish","type":"post","link":"https:\/\/www.sportchaco.com.ar\/?p=16209","title":{"rendered":"Cara y Ceca del Deporte retoma su programa este lunes"},"content":{"rendered":"<p><strong>03-02-2025<\/strong><\/p>\n<p><img loading=\"lazy\" decoding=\"async\" class=\" wp-image-11424 aligncenter\" src=\"https:\/\/www.sportchaco.com.ar\/wp-content\/uploads\/2024\/07\/gob-salud-fijo-marzo-300x50.jpg\" alt=\"\" width=\"366\" height=\"61\" srcset=\"https:\/\/www.sportchaco.com.ar\/wp-content\/uploads\/2024\/07\/gob-salud-fijo-marzo-300x50.jpg 300w, https:\/\/www.sportchaco.com.ar\/wp-content\/uploads\/2024\/07\/gob-salud-fijo-marzo-1024x171.jpg 1024w, https:\/\/www.sportchaco.com.ar\/wp-content\/uploads\/2024\/07\/gob-salud-fijo-marzo-768x128.jpg 768w, https:\/\/www.sportchaco.com.ar\/wp-content\/uploads\/2024\/07\/gob-salud-fijo-marzo.jpg 1200w\" sizes=\"auto, (max-width: 366px) 100vw, 366px\" \/><\/p>\n<p>Como hace m\u00e1s de 25 a\u00f1os, el deporte se vivir\u00e1 a trav\u00e9s de Cara y Ceca del Deporte por la frecuencia FM 101.5 de Radio Provincia de 12 a 13 horas.<\/p>\n<p>Sus conductores son Luis Dar\u00edo Molodezky, Marcos Daniel Acosta y Facundo Maciel Del R\u00edo, m\u00e1s las colaboraciones de Edgar Quintero.<\/p>\n<p>Para esta temporada habr\u00e1 mucha informaci\u00f3n de For Ever en la Primera Nacional, Sarmiento en el Federal A y todo sobre los equipos que est\u00e1n en la Primera \u201cA\u201d y B de la Liga Chaque\u00f1a de F\u00fatbol m\u00e1s el Femenino. Adem\u00e1s, columnas de b\u00e1squet y rugby y un recorrido por diversas disciplinas tanto a nivel regional, nacional como internacional.<\/p>\n<p>Cara y Ceca del Deporte cuenta con la p\u00e1gina digital sportchaco.com.ar donde comparte las notas realizadas en el programa y brinda novedades de todo el deporte chaque\u00f1o. Tambi\u00e9n se lo puede seguir a trav\u00e9s de sus redes sociales: <strong>cycdeldeporte<\/strong> en Instagram y Twitter.<\/p>\n","protected":false},"excerpt":{"rendered":"<p>03-02-2025 Como hace m\u00e1s de 25 a\u00f1os, el deporte se vivir\u00e1 a trav\u00e9s de Cara y Ceca del Deporte por la frecuencia FM 101.5 de Radio Provincia de 12 a 13 horas. Sus conductores son Luis Dar\u00edo Molodezky, Marcos Daniel Acosta y Facundo Maciel Del R\u00edo, m\u00e1s las colaboraciones de Edgar Quintero. Para esta temporada &hellip;<\/p>\n","protected":false},"author":2,"featured_media":16222,"comment_status":"open","ping_status":"open","sticky":false,"template":"","format":"standard","meta":{"footnotes":""},"categories":[44],"tags":[],"class_list":["post-16209","post","type-post","status-publish","format-standard","has-post-thumbnail","hentry","category-varios"],"_links":{"self":[{"href":"https:\/\/www.sportchaco.com.ar\/index.php?rest_route=\/wp\/v2\/posts\/16209","targetHints":{"allow":["GET"]}}],"collection":[{"href":"https:\/\/www.sportchaco.com.ar\/index.php?rest_route=\/wp\/v2\/posts"}],"about":[{"href":"https:\/\/www.sportchaco.com.ar\/index.php?rest_route=\/wp\/v2\/types\/post"}],"author":[{"embeddable":true,"href":"https:\/\/www.sportchaco.com.ar\/index.php?rest_route=\/wp\/v2\/users\/2"}],"replies":[{"embeddable":true,"href":"https:\/\/www.sportchaco.com.ar\/index.php?rest_route=%2Fwp%2Fv2%2Fcomments&post=16209"}],"version-history":[{"count":3,"href":"https:\/\/www.sportchaco.com.ar\/index.php?rest_route=\/wp\/v2\/posts\/16209\/revisions"}],"predecessor-version":[{"id":16223,"href":"https:\/\/www.sportchaco.com.ar\/index.php?rest_route=\/wp\/v2\/posts\/16209\/revisions\/16223"}],"wp:featuredmedia":[{"embeddable":true,"href":"https:\/\/www.sportchaco.com.ar\/index.php?rest_route=\/wp\/v2\/media\/16222"}],"wp:attachment":[{"href":"https:\/\/www.sportchaco.com.ar\/index.php?rest_route=%2Fwp%2Fv2%2Fmedia&parent=16209"}],"wp:term":[{"taxonomy":"category","embeddable":true,"href":"https:\/\/www.sportchaco.com.ar\/index.php?rest_route=%2Fwp%2Fv2%2Fcategories&post=16209"},{"taxonomy":"post_tag","embeddable":true,"href":"https:\/\/www.sportchaco.com.ar\/index.php?rest_route=%2Fwp%2Fv2%2Ftags&post=16209"}],"curies":[{"name":"wp","href":"https:\/\/api.w.org\/{rel}","templated":true}]}}