{"id":16218,"date":"2025-02-03T06:31:57","date_gmt":"2025-02-03T09:31:57","guid":{"rendered":"https:\/\/www.sportchaco.com.ar\/?p=16218"},"modified":"2025-02-03T06:31:57","modified_gmt":"2025-02-03T09:31:57","slug":"con-plantel-completo-sarmiento-arranca-su-pretemporada","status":"publish","type":"post","link":"https:\/\/www.sportchaco.com.ar\/?p=16218","title":{"rendered":"Con plantel completo, Sarmiento arranca su pretemporada"},"content":{"rendered":"<p><strong>03-02-2025<\/strong><\/p>\n<p><img loading=\"lazy\" decoding=\"async\" class=\" wp-image-9468 aligncenter\" src=\"https:\/\/www.sportchaco.com.ar\/wp-content\/uploads\/2024\/05\/Nachec-728x90-2-300x37.gif\" alt=\"\" width=\"381\" height=\"47\" \/><\/p>\n<p>Sarmiento comenzar\u00e1 este lunes la pretemporada de cara al torneo Federal \u201cA\u201d 2025 de f\u00fatbol. Miguel Urbina y su cuerpo t\u00e9cnico ser\u00e1n los encargados de manejar los hilos del plantel profesional.<\/p>\n<p>Diez son los refuerzos que llegaron para esta temporada y se suman a aquellos jugadores que estuvieron el a\u00f1o pasado y por pedido del DT renovaron sus v\u00ednculos con el club.<\/p>\n<p>Los entrenamientos comenzar\u00e1n este lunes, a partir de las 7 de la ma\u00f1ana, en las instalaciones del \u201cCentenario\u201d. La primera pr\u00e1ctica del a\u00f1o finalizar\u00e1 alrededor de las 11.<\/p>\n<p>El primer d\u00eda solo ser\u00e1 de evaluaci\u00f3n f\u00edsica, buscando hacer un balance de c\u00f3mo se encuentran los jugadores. Y luego, durante la semana, comenzar\u00e1 el trabajo fuerte.<\/p>\n<p>La presentaci\u00f3n formal de todas las incorporaciones ser\u00e1 este lunes, a las 18, en la sala de prensa del \u201cCentenario\u201d, con la presencia de las m\u00e1ximas autoridades de la instituci\u00f3n y el cuerpo t\u00e9cnico. Por la \u00a0ma\u00f1ana no habr\u00e1 atenci\u00f3n a la prensa, solo por la tarde durante dicha presentaci\u00f3n.<\/p>\n<p><strong>EL PLANTEL<\/strong><br \/>\n<strong>Arqueros<\/strong><br \/>\nGerm\u00e1n Yacaruso<br \/>\nEmmanuel Cirrincione<br \/>\nFacundo S\u00e1nchez<\/p>\n<p><strong>Defensores<\/strong><br \/>\nBrian Berlo<br \/>\nRodrigo Gim\u00e9nez<br \/>\nRodrigo L\u00f3pez Alba<br \/>\nMat\u00edas Ayala<br \/>\nCarlos Di Pietro<br \/>\nRenzo Arzamendia<br \/>\nFranco Dom\u00ednguez<br \/>\nEzequiel Gnemmi<\/p>\n<p><strong>Mediocampistas<\/strong><br \/>\nRodrigo Montenegro<br \/>\nFranco Falc\u00f3n<br \/>\nCarlos Arriola<br \/>\nPablo Mart\u00ednez<br \/>\nEnzo Niz<br \/>\nDaniel Meza<\/p>\n<p><strong>Delanteros<\/strong><br \/>\nGonzalo Gonz\u00e1lez<br \/>\nLautaro Mart\u00ednez Ruiz<br \/>\nRamiro Peters<br \/>\nRen\u00e9 Escobar<\/p>\n<p><img loading=\"lazy\" decoding=\"async\" class=\" wp-image-9671 aligncenter\" src=\"https:\/\/www.sportchaco.com.ar\/wp-content\/uploads\/2024\/05\/Nachec1-200x200-1.gif\" alt=\"\" width=\"285\" height=\"285\" \/><\/p>\n","protected":false},"excerpt":{"rendered":"<p>03-02-2025 Sarmiento comenzar\u00e1 este lunes la pretemporada de cara al torneo Federal \u201cA\u201d 2025 de f\u00fatbol. Miguel Urbina y su cuerpo t\u00e9cnico ser\u00e1n los encargados de manejar los hilos del plantel profesional. Diez son los refuerzos que llegaron para esta temporada y se suman a aquellos jugadores que estuvieron el a\u00f1o pasado y por pedido &hellip;<\/p>\n","protected":false},"author":3,"featured_media":16219,"comment_status":"open","ping_status":"open","sticky":false,"template":"","format":"standard","meta":{"footnotes":""},"categories":[5],"tags":[],"class_list":["post-16218","post","type-post","status-publish","format-standard","has-post-thumbnail","hentry","category-futbol"],"_links":{"self":[{"href":"https:\/\/www.sportchaco.com.ar\/index.php?rest_route=\/wp\/v2\/posts\/16218","targetHints":{"allow":["GET"]}}],"collection":[{"href":"https:\/\/www.sportchaco.com.ar\/index.php?rest_route=\/wp\/v2\/posts"}],"about":[{"href":"https:\/\/www.sportchaco.com.ar\/index.php?rest_route=\/wp\/v2\/types\/post"}],"author":[{"embeddable":true,"href":"https:\/\/www.sportchaco.com.ar\/index.php?rest_route=\/wp\/v2\/users\/3"}],"replies":[{"embeddable":true,"href":"https:\/\/www.sportchaco.com.ar\/index.php?rest_route=%2Fwp%2Fv2%2Fcomments&post=16218"}],"version-history":[{"count":1,"href":"https:\/\/www.sportchaco.com.ar\/index.php?rest_route=\/wp\/v2\/posts\/16218\/revisions"}],"predecessor-version":[{"id":16220,"href":"https:\/\/www.sportchaco.com.ar\/index.php?rest_route=\/wp\/v2\/posts\/16218\/revisions\/16220"}],"wp:featuredmedia":[{"embeddable":true,"href":"https:\/\/www.sportchaco.com.ar\/index.php?rest_route=\/wp\/v2\/media\/16219"}],"wp:attachment":[{"href":"https:\/\/www.sportchaco.com.ar\/index.php?rest_route=%2Fwp%2Fv2%2Fmedia&parent=16218"}],"wp:term":[{"taxonomy":"category","embeddable":true,"href":"https:\/\/www.sportchaco.com.ar\/index.php?rest_route=%2Fwp%2Fv2%2Fcategories&post=16218"},{"taxonomy":"post_tag","embeddable":true,"href":"https:\/\/www.sportchaco.com.ar\/index.php?rest_route=%2Fwp%2Fv2%2Ftags&post=16218"}],"curies":[{"name":"wp","href":"https:\/\/api.w.org\/{rel}","templated":true}]}}