{"id":16230,"date":"2025-02-03T22:14:47","date_gmt":"2025-02-04T01:14:47","guid":{"rendered":"https:\/\/www.sportchaco.com.ar\/?p=16230"},"modified":"2025-02-03T22:14:47","modified_gmt":"2025-02-04T01:14:47","slug":"el-decano-se-puso-en-marcha-y-presento-sus-refuerzos","status":"publish","type":"post","link":"https:\/\/www.sportchaco.com.ar\/?p=16230","title":{"rendered":"El \u00abdecano\u00bb se puso en marcha y present\u00f3 sus refuerzos"},"content":{"rendered":"<p><strong>03-02-2025<\/strong><\/p>\n<p><img loading=\"lazy\" decoding=\"async\" class=\" wp-image-11424 aligncenter\" src=\"https:\/\/www.sportchaco.com.ar\/wp-content\/uploads\/2024\/07\/gob-salud-fijo-marzo-300x50.jpg\" alt=\"\" width=\"348\" height=\"58\" srcset=\"https:\/\/www.sportchaco.com.ar\/wp-content\/uploads\/2024\/07\/gob-salud-fijo-marzo-300x50.jpg 300w, https:\/\/www.sportchaco.com.ar\/wp-content\/uploads\/2024\/07\/gob-salud-fijo-marzo-1024x171.jpg 1024w, https:\/\/www.sportchaco.com.ar\/wp-content\/uploads\/2024\/07\/gob-salud-fijo-marzo-768x128.jpg 768w, https:\/\/www.sportchaco.com.ar\/wp-content\/uploads\/2024\/07\/gob-salud-fijo-marzo.jpg 1200w\" sizes=\"auto, (max-width: 348px) 100vw, 348px\" \/><\/p>\n<p>Sarmiento comenz\u00f3 los trabajos de pretemporada con vistas a una nueva edici\u00f3n del Torneo Federal \u201cA\u201d que comenzar\u00e1 el fin de semana del s\u00e1bado 15 y domingo 16 de marzo.<\/p>\n<p>El primer d\u00eda solo fue de evaluaci\u00f3n f\u00edsica, buscando hacer un balance de c\u00f3mo se encuentran los jugadores. Y luego, durante la semana, comenzar\u00e1 el trabajo fuerte.<\/p>\n<p>La presentaci\u00f3n formal de todas las incorporaciones se dio por la tarde, en la sala de prensa del \u201cCentenario\u201d, con la presencia de las m\u00e1ximas autoridades de la instituci\u00f3n y el cuerpo t\u00e9cnico.<\/p>\n<p><strong>Los nuevos<\/strong><br \/>\nEn total son 10 los futbolistas que llegaron hasta el momento y que ya comenzaron con los trabajos de pretemporada. Ellos son los arqueros Germ\u00e1n Yacarusso y Emanuel Cirricione. Los defensores: Brian Berlo, Rodrigo Gim\u00e9nez, Carlos Di Pietro y Ezequiel Gnemmi. El volante ofensivo Carlos Arriola. Y los delanteros Lautaro Ruiz Mart\u00ednez, Ramiro Peters y Enzo Vargas. No se descarta que en los pr\u00f3ximos d\u00edas pueda llegar alg\u00fan refuerzo m\u00e1s.<\/p>\n<p><strong>Los del club<\/strong><br \/>\nAdem\u00e1s, el DT Miguel Urbina pudo retener a los futbolistas de la instituci\u00f3n que ya ven\u00edan de la temporada anterior, totalizando un n\u00famero de 22 jugadores en el plantel, moment\u00e1neamente.<\/p>\n<p><strong>La pretemporada<\/strong><br \/>\nA diferencia de a\u00f1os anteriores, esta vez los trabajos de preparaci\u00f3n se har\u00e1n en un lapso de tiempo m\u00e1s corto. El plantel tendr\u00e1 6 semanas de actividades hasta que se produzca el debut. Si bien la idea del entrenador era comenzar unos d\u00edas antes, luego se consensu\u00f3 para tener a pr\u00e1cticamente todo el plantel a disposici\u00f3n.<\/p>\n<p><img loading=\"lazy\" decoding=\"async\" class=\" wp-image-16231 aligncenter\" src=\"https:\/\/www.sportchaco.com.ar\/wp-content\/uploads\/2025\/02\/8d3ac63d-e373-4acc-b1d3-a22e4e54b053-300x219.jpg\" alt=\"\" width=\"425\" height=\"310\" srcset=\"https:\/\/www.sportchaco.com.ar\/wp-content\/uploads\/2025\/02\/8d3ac63d-e373-4acc-b1d3-a22e4e54b053-300x219.jpg 300w, https:\/\/www.sportchaco.com.ar\/wp-content\/uploads\/2025\/02\/8d3ac63d-e373-4acc-b1d3-a22e4e54b053-1024x749.jpg 1024w, https:\/\/www.sportchaco.com.ar\/wp-content\/uploads\/2025\/02\/8d3ac63d-e373-4acc-b1d3-a22e4e54b053-768x562.jpg 768w, https:\/\/www.sportchaco.com.ar\/wp-content\/uploads\/2025\/02\/8d3ac63d-e373-4acc-b1d3-a22e4e54b053-1536x1123.jpg 1536w, https:\/\/www.sportchaco.com.ar\/wp-content\/uploads\/2025\/02\/8d3ac63d-e373-4acc-b1d3-a22e4e54b053-2048x1497.jpg 2048w\" sizes=\"auto, (max-width: 425px) 100vw, 425px\" \/><\/p>\n<p><strong>EL PLANTEL<\/strong><br \/>\n<strong>Arqueros<\/strong><br \/>\nGerm\u00e1n Yacaruso<br \/>\nEmmanuel Cirrincione<br \/>\nFacundo S\u00e1nchez<\/p>\n<p><strong>Defensores<\/strong><br \/>\nBrian Berlo<br \/>\nRodrigo Gim\u00e9nez<br \/>\nRodrigo L\u00f3pez Alba<br \/>\nMat\u00edas Ayala<br \/>\nCarlos Di Pietro<br \/>\nRenzo Arzamendia<br \/>\nFranco Dom\u00ednguez<br \/>\nEzequiel Gnemmi<\/p>\n<p><strong>Mediocampistas<\/strong><br \/>\nRodrigo Montenegro<br \/>\nFranco Falc\u00f3n<br \/>\nCarlos Arriola<br \/>\nPablo Mart\u00ednez<br \/>\nEnzo Niz<br \/>\nDaniel Meza<\/p>\n<p><strong>Delanteros<\/strong><br \/>\nGonzalo Gonz\u00e1lez<br \/>\nLautaro Mart\u00ednez Ruiz<br \/>\nRamiro Peters<br \/>\nEnzo Vargas<br \/>\nRen\u00e9 Escobar<\/p>\n<p><strong>El formato del Federal \u00abA\u00bb<\/strong><br \/>\nEl torneo dar\u00e1 inicio el 16 de marzo y finalizar\u00e1 en la primera semana de diciembre. Habr\u00e1 38 equipos, en donde se formar\u00e1n 4 zonas por cercan\u00eda geogr\u00e1fica, dos zonas tendr\u00e1n 10 equipos mientras que las otras dos tendr\u00e1n 9. Dos equipos ascender\u00e1n directamente a la Primera Nacional, mientras que habr\u00e1 4 descensos al Torneo Regional Amateur. Las cuatro zonas jugar\u00e1n partidos de ida y vuelta, todos contra todos.<\/p>\n<p>La zona Campeonato estar\u00e1 conformada por los equipos que se ubiquen desde el primero (1er) al quinto (5to) puesto de las 2 zonas de 10 equipos, mientras que en las zonas en donde haya 9 equipos clasificar\u00e1n desde el primero (1ro) al cuarto (4to), conformando un total de 18 equipos. El resto de los equipos que no hayan clasificado a esta instancia, pasar\u00e1n a jugar la Zona Rev\u00e1lida.<\/p>\n<p>Se jugar\u00e1n dos zonas de 9 equipos (Zona A y Zona B) en donde disputar\u00e1n solamente partidos de ida en sus respectivas zonas, arrancando con 0 puntos. Clasificar\u00e1n los primeros 4: desde el primero (1ro) al cuarto (4to) de cada zona con un total de 8 equipos, mientras que los dem\u00e1s equipos seguir\u00e1n jugando la Zona rev\u00e1lida.<\/p>\n<p><strong>El sistema de cruces de cuartos de final ser\u00e1 el siguiente:<\/strong><br \/>\nPrimero de la Zona A vs cuarto de la Zona B<br \/>\nPrimero de la Zona B vs cuarto de la zona A<br \/>\nSegundo de la Zona A vs tercero de la Zona B<br \/>\nSegundo de la Zona B vs tercero de la Zona A<\/p>\n<p>A\u00fan resta definir si los cruces ser\u00e1n ida y vuelta o a partido \u00fanico, y con o sin ventaja deportiva. Los 4 ganadores se ordenar\u00e1n mediante los puntajes obtenidos en los grupos de la Zona Campeonato. Los 4 equipos perdedores de los cruces ir\u00e1n a la Revalida.<\/p>\n<p><strong>Los cruces de semifinal se jugar\u00e1n de la manera siguiente:<\/strong><br \/>\nPrimer (1er) mejor clasificado vs cuarto (4to) mejor clasificado.<br \/>\nSegundo (2do) mejor clasificado vs tercer (3er) mejor clasificado.<br \/>\nResta definir si ser\u00e1n uno o dos partidos, con o sin ventaja deportiva. Los dos equipos perdedores ir\u00e1n a los play off de la Rev\u00e1lida.<\/p>\n<p>La final se jugar\u00e1 a partido \u00fanico en cancha neutral. El ganador asciende a la Primer B Nacional, mientras que el perdedor pasar\u00e1 a jugar la Rev\u00e1lida.<\/p>\n<p><strong>Descensos<\/strong><br \/>\nLos descensos se determinar\u00e1n una vez finalizada la primera etapa de la Zona Rev\u00e1lida, donde los equipos acumular\u00e1n los puntos obtenidos en la primer Fase de grupos y en la zona revalida (misma forma que la \u00faltima temporada). Los 2 equipos con menor cantidad de puntos de las dos zonas, descender\u00e1n al Torneo Regional Amateur.<\/p>\n<p><strong>Zona Rev\u00e1lida<\/strong><br \/>\nCon respecto a la Zona Rev\u00e1lida, jugar\u00e1n un total de 20 equipos, se formar\u00e1n dos zonas de 10 y ser\u00e1n partidos de una sola rueda, comenzando con 0 puntos. Falta definirse la cantidad de equipos que clasifiquen desde la zona de grupos. Los equipos que van quedando eliminados en la Zona Campeonato, se sumar\u00e1n en distintas etapas de la Rev\u00e1lida.<\/p>\n<p>La final por el segundo ascenso se jugar\u00e1 a partidos ida y vuelta, definiendo de local el equipo mejor ubicado, mediante la tabla general.<\/p>\n<p><img loading=\"lazy\" decoding=\"async\" class=\"size-medium wp-image-11456 aligncenter\" src=\"https:\/\/www.sportchaco.com.ar\/wp-content\/uploads\/2024\/07\/mosqiotps-salud-15-5-24-300x300.jpg\" alt=\"\" width=\"300\" height=\"300\" srcset=\"https:\/\/www.sportchaco.com.ar\/wp-content\/uploads\/2024\/07\/mosqiotps-salud-15-5-24-300x300.jpg 300w, https:\/\/www.sportchaco.com.ar\/wp-content\/uploads\/2024\/07\/mosqiotps-salud-15-5-24-150x150.jpg 150w, https:\/\/www.sportchaco.com.ar\/wp-content\/uploads\/2024\/07\/mosqiotps-salud-15-5-24.jpg 600w\" sizes=\"auto, (max-width: 300px) 100vw, 300px\" \/><\/p>\n","protected":false},"excerpt":{"rendered":"<p>03-02-2025 Sarmiento comenz\u00f3 los trabajos de pretemporada con vistas a una nueva edici\u00f3n del Torneo Federal \u201cA\u201d que comenzar\u00e1 el fin de semana del s\u00e1bado 15 y domingo 16 de marzo. El primer d\u00eda solo fue de evaluaci\u00f3n f\u00edsica, buscando hacer un balance de c\u00f3mo se encuentran los jugadores. Y luego, durante la semana, comenzar\u00e1 &hellip;<\/p>\n","protected":false},"author":3,"featured_media":16232,"comment_status":"open","ping_status":"open","sticky":false,"template":"","format":"standard","meta":{"footnotes":""},"categories":[5],"tags":[],"class_list":["post-16230","post","type-post","status-publish","format-standard","has-post-thumbnail","hentry","category-futbol"],"_links":{"self":[{"href":"https:\/\/www.sportchaco.com.ar\/index.php?rest_route=\/wp\/v2\/posts\/16230","targetHints":{"allow":["GET"]}}],"collection":[{"href":"https:\/\/www.sportchaco.com.ar\/index.php?rest_route=\/wp\/v2\/posts"}],"about":[{"href":"https:\/\/www.sportchaco.com.ar\/index.php?rest_route=\/wp\/v2\/types\/post"}],"author":[{"embeddable":true,"href":"https:\/\/www.sportchaco.com.ar\/index.php?rest_route=\/wp\/v2\/users\/3"}],"replies":[{"embeddable":true,"href":"https:\/\/www.sportchaco.com.ar\/index.php?rest_route=%2Fwp%2Fv2%2Fcomments&post=16230"}],"version-history":[{"count":1,"href":"https:\/\/www.sportchaco.com.ar\/index.php?rest_route=\/wp\/v2\/posts\/16230\/revisions"}],"predecessor-version":[{"id":16233,"href":"https:\/\/www.sportchaco.com.ar\/index.php?rest_route=\/wp\/v2\/posts\/16230\/revisions\/16233"}],"wp:featuredmedia":[{"embeddable":true,"href":"https:\/\/www.sportchaco.com.ar\/index.php?rest_route=\/wp\/v2\/media\/16232"}],"wp:attachment":[{"href":"https:\/\/www.sportchaco.com.ar\/index.php?rest_route=%2Fwp%2Fv2%2Fmedia&parent=16230"}],"wp:term":[{"taxonomy":"category","embeddable":true,"href":"https:\/\/www.sportchaco.com.ar\/index.php?rest_route=%2Fwp%2Fv2%2Fcategories&post=16230"},{"taxonomy":"post_tag","embeddable":true,"href":"https:\/\/www.sportchaco.com.ar\/index.php?rest_route=%2Fwp%2Fv2%2Ftags&post=16230"}],"curies":[{"name":"wp","href":"https:\/\/api.w.org\/{rel}","templated":true}]}}