{"id":16239,"date":"2025-02-04T06:58:31","date_gmt":"2025-02-04T09:58:31","guid":{"rendered":"https:\/\/www.sportchaco.com.ar\/?p=16239"},"modified":"2025-02-04T06:58:31","modified_gmt":"2025-02-04T09:58:31","slug":"cultural-de-sylvina-se-reunio-con-el-presidente-del-idch","status":"publish","type":"post","link":"https:\/\/www.sportchaco.com.ar\/?p=16239","title":{"rendered":"Cultural de Sylvina se reuni\u00f3 con el presidente del IDCh"},"content":{"rendered":"<p><strong>04-02-2025<\/strong><\/p>\n<p><img loading=\"lazy\" decoding=\"async\" class=\" wp-image-9468 aligncenter\" src=\"https:\/\/www.sportchaco.com.ar\/wp-content\/uploads\/2024\/05\/Nachec-728x90-2-300x37.gif\" alt=\"\" width=\"405\" height=\"50\" \/><\/p>\n<p>El presidente del Instituto del Deporte Chaque\u00f1o, Fabio V\u00e1zquez, recibi\u00f3 en su despacho a integrantes de la comisi\u00f3n directiva de Cultural de Santa Sylvina, instituci\u00f3n que disputar\u00e1 la temporada 2025 de la Liga Federal de B\u00e1squet.<\/p>\n<p>En este sentido, la dirigencia sylvinense remarc\u00f3 y explic\u00f3 al titular de la cartera deportiva provincial que el club ya cumpli\u00f3 con los requisitos de la Confederaci\u00f3n Argentina de Basquetbol (CAB), a los cuales el presidente Fabio V\u00e1zquez expres\u00f3 acompa\u00f1amiento y el estar presente en este nuevo desaf\u00edo del equipo, que desde el a\u00f1o 2023 no participaban de dicho torneo.<\/p>\n<p>De esta manera el equipo \u00abrojo\u201d deja en claro el objetivo de seguir creciendo, por lo que en esta oportunidad present\u00f3 su plan de trabajo, viajes, partidos y dem\u00e1s acciones que demandan estos tipos de competencias.<\/p>\n<p><img loading=\"lazy\" decoding=\"async\" class=\" wp-image-9671 aligncenter\" src=\"https:\/\/www.sportchaco.com.ar\/wp-content\/uploads\/2024\/05\/Nachec1-200x200-1.gif\" alt=\"\" width=\"266\" height=\"266\" \/><\/p>\n","protected":false},"excerpt":{"rendered":"<p>04-02-2025 El presidente del Instituto del Deporte Chaque\u00f1o, Fabio V\u00e1zquez, recibi\u00f3 en su despacho a integrantes de la comisi\u00f3n directiva de Cultural de Santa Sylvina, instituci\u00f3n que disputar\u00e1 la temporada 2025 de la Liga Federal de B\u00e1squet. En este sentido, la dirigencia sylvinense remarc\u00f3 y explic\u00f3 al titular de la cartera deportiva provincial que el &hellip;<\/p>\n","protected":false},"author":3,"featured_media":16240,"comment_status":"open","ping_status":"open","sticky":false,"template":"","format":"standard","meta":{"footnotes":""},"categories":[3],"tags":[],"class_list":["post-16239","post","type-post","status-publish","format-standard","has-post-thumbnail","hentry","category-basquetbol"],"_links":{"self":[{"href":"https:\/\/www.sportchaco.com.ar\/index.php?rest_route=\/wp\/v2\/posts\/16239","targetHints":{"allow":["GET"]}}],"collection":[{"href":"https:\/\/www.sportchaco.com.ar\/index.php?rest_route=\/wp\/v2\/posts"}],"about":[{"href":"https:\/\/www.sportchaco.com.ar\/index.php?rest_route=\/wp\/v2\/types\/post"}],"author":[{"embeddable":true,"href":"https:\/\/www.sportchaco.com.ar\/index.php?rest_route=\/wp\/v2\/users\/3"}],"replies":[{"embeddable":true,"href":"https:\/\/www.sportchaco.com.ar\/index.php?rest_route=%2Fwp%2Fv2%2Fcomments&post=16239"}],"version-history":[{"count":1,"href":"https:\/\/www.sportchaco.com.ar\/index.php?rest_route=\/wp\/v2\/posts\/16239\/revisions"}],"predecessor-version":[{"id":16241,"href":"https:\/\/www.sportchaco.com.ar\/index.php?rest_route=\/wp\/v2\/posts\/16239\/revisions\/16241"}],"wp:featuredmedia":[{"embeddable":true,"href":"https:\/\/www.sportchaco.com.ar\/index.php?rest_route=\/wp\/v2\/media\/16240"}],"wp:attachment":[{"href":"https:\/\/www.sportchaco.com.ar\/index.php?rest_route=%2Fwp%2Fv2%2Fmedia&parent=16239"}],"wp:term":[{"taxonomy":"category","embeddable":true,"href":"https:\/\/www.sportchaco.com.ar\/index.php?rest_route=%2Fwp%2Fv2%2Fcategories&post=16239"},{"taxonomy":"post_tag","embeddable":true,"href":"https:\/\/www.sportchaco.com.ar\/index.php?rest_route=%2Fwp%2Fv2%2Ftags&post=16239"}],"curies":[{"name":"wp","href":"https:\/\/api.w.org\/{rel}","templated":true}]}}