{"id":1624,"date":"2023-10-11T12:12:05","date_gmt":"2023-10-11T15:12:05","guid":{"rendered":"https:\/\/www.sportchaco.com.ar\/?p=1624"},"modified":"2023-10-11T12:13:45","modified_gmt":"2023-10-11T15:13:45","slug":"zeballos-se-rompio-el-ligamento-cruzado-de-su-rodilla-derecha","status":"publish","type":"post","link":"https:\/\/www.sportchaco.com.ar\/?p=1624","title":{"rendered":"Zeballos se rompi\u00f3 el ligamento cruzado de su rodilla derecha"},"content":{"rendered":"<div class=\"\">\n<h1 class=\"\"><img loading=\"lazy\" decoding=\"async\" class=\"alignnone size-medium wp-image-1625\" src=\"https:\/\/www.sportchaco.com.ar\/wp-content\/uploads\/2023\/10\/exequiel-zeballos-lesion-1672808-300x171.jpg\" alt=\"Ezequiel Zeballos se va llorando tras la lesi\u00f3n\" width=\"300\" height=\"171\" srcset=\"https:\/\/www.sportchaco.com.ar\/wp-content\/uploads\/2023\/10\/exequiel-zeballos-lesion-1672808-300x171.jpg 300w, https:\/\/www.sportchaco.com.ar\/wp-content\/uploads\/2023\/10\/exequiel-zeballos-lesion-1672808.jpg 720w\" sizes=\"auto, (max-width: 300px) 100vw, 300px\" \/><\/h1>\n<div id=\"st-1\" class=\"sharethis-inline-share-buttons pb-3 st-center st-lang-es st-has-labels st-inline-share-buttons st-animated\">\n<div class=\"st-btn st-last\" data-network=\"whatsapp\"><\/div>\n<\/div>\n<p>El delantero de Boca Juniors Exequiel Zeballos recibi\u00f3 hoy una dura noticia al confirmarse su rotura de ligamento cruzado de la rodilla derecha, que lo tendr\u00e1 entre seis y ocho meses afuera de las canchas.<\/p>\n<p>Las l\u00e1grimas en su rostro tras la fortuita jugada frente a Belgrano de C\u00f3rdoba adelantaban la mala situaci\u00f3n, que se oficializ\u00f3 este mi\u00e9rcoles en la ma\u00f1ana a trav\u00e9s del parte m\u00e9dico publicado por la instituci\u00f3n de La RIbera.<\/p>\n<p>\u00abExequiel Zeballos: ruptura del ligamento cruzado anterior y menisco externo de la rodilla derecha. Realizar\u00e1 rehabilitaci\u00f3n preoperatoria y cuando est\u00e9 en condiciones se programar\u00e1 la cirug\u00eda\u00bb, comunic\u00f3 Boca Juniors en la red social X (antes Twitter).<\/p>\n<p>Zeballos, de 21 a\u00f1os, ingres\u00f3 a los nueve minutos del segundo tiempo, en lugar del mediocampista colombiano Jorman Campuzano, y tuvo buenos pasajes, con una asistencia incluida a Miguel Merentiel, aunque cuando disput\u00f3 una pelota sobre el lateral derecho cay\u00f3 sobre su rodilla derecha y enseguida mostr\u00f3 gestos de dolor. En menos de 10 minutos dej\u00f3 el campo y la preocupaci\u00f3n se volvi\u00f3 a\u00fan m\u00e1s grande al verlo con l\u00e1grimas en los ojos.<\/p>\n<p>Zeballos ser\u00e1 baja por al menos un semestre y las lesiones se volvieron parte de su carrera, ya que tuvo diferentes problemas musculares a lo largo de este a\u00f1o despu\u00e9s de la dura fractura de tibia y peron\u00e9 padecida por una patada de Milton Leyendeker, de Agropecuario de Carlos Casares, en la Copa Argentina de 2022.<\/p>\n<p>Por otro lado, se inform\u00f3 la contractura del gemelo interno de la pantorrilla derecha del lateral izquierdo Marcelo Saracchi.<\/p>\n<p>Fuente: T\u00e9lam<\/p>\n<\/div>\n","protected":false},"excerpt":{"rendered":"<p>El delantero de Boca Juniors Exequiel Zeballos recibi\u00f3 hoy una dura noticia al confirmarse su rotura de ligamento cruzado de la rodilla derecha, que lo tendr\u00e1 entre seis y ocho meses afuera de las canchas. Las l\u00e1grimas en su rostro tras la fortuita jugada frente a Belgrano de C\u00f3rdoba adelantaban la mala situaci\u00f3n, que se &hellip;<\/p>\n","protected":false},"author":2,"featured_media":1625,"comment_status":"open","ping_status":"open","sticky":false,"template":"","format":"standard","meta":{"footnotes":""},"categories":[5,47],"tags":[],"class_list":["post-1624","post","type-post","status-publish","format-standard","has-post-thumbnail","hentry","category-futbol","category-nacionales"],"_links":{"self":[{"href":"https:\/\/www.sportchaco.com.ar\/index.php?rest_route=\/wp\/v2\/posts\/1624","targetHints":{"allow":["GET"]}}],"collection":[{"href":"https:\/\/www.sportchaco.com.ar\/index.php?rest_route=\/wp\/v2\/posts"}],"about":[{"href":"https:\/\/www.sportchaco.com.ar\/index.php?rest_route=\/wp\/v2\/types\/post"}],"author":[{"embeddable":true,"href":"https:\/\/www.sportchaco.com.ar\/index.php?rest_route=\/wp\/v2\/users\/2"}],"replies":[{"embeddable":true,"href":"https:\/\/www.sportchaco.com.ar\/index.php?rest_route=%2Fwp%2Fv2%2Fcomments&post=1624"}],"version-history":[{"count":1,"href":"https:\/\/www.sportchaco.com.ar\/index.php?rest_route=\/wp\/v2\/posts\/1624\/revisions"}],"predecessor-version":[{"id":1626,"href":"https:\/\/www.sportchaco.com.ar\/index.php?rest_route=\/wp\/v2\/posts\/1624\/revisions\/1626"}],"wp:featuredmedia":[{"embeddable":true,"href":"https:\/\/www.sportchaco.com.ar\/index.php?rest_route=\/wp\/v2\/media\/1625"}],"wp:attachment":[{"href":"https:\/\/www.sportchaco.com.ar\/index.php?rest_route=%2Fwp%2Fv2%2Fmedia&parent=1624"}],"wp:term":[{"taxonomy":"category","embeddable":true,"href":"https:\/\/www.sportchaco.com.ar\/index.php?rest_route=%2Fwp%2Fv2%2Fcategories&post=1624"},{"taxonomy":"post_tag","embeddable":true,"href":"https:\/\/www.sportchaco.com.ar\/index.php?rest_route=%2Fwp%2Fv2%2Ftags&post=1624"}],"curies":[{"name":"wp","href":"https:\/\/api.w.org\/{rel}","templated":true}]}}