{"id":16246,"date":"2025-02-04T17:39:42","date_gmt":"2025-02-04T20:39:42","guid":{"rendered":"https:\/\/www.sportchaco.com.ar\/?p=16246"},"modified":"2025-02-04T17:39:42","modified_gmt":"2025-02-04T20:39:42","slug":"hercules-de-charata-completo-su-plantilla-con-el-regreso-de-reynozo","status":"publish","type":"post","link":"https:\/\/www.sportchaco.com.ar\/?p=16246","title":{"rendered":"H\u00e9rcules de Charata complet\u00f3 su plantilla con el regreso de Reynozo"},"content":{"rendered":"<p><strong>04-02-2025<\/strong><\/p>\n<p><img loading=\"lazy\" decoding=\"async\" class=\" wp-image-9468 aligncenter\" src=\"https:\/\/www.sportchaco.com.ar\/wp-content\/uploads\/2024\/05\/Nachec-728x90-2-300x37.gif\" alt=\"\" width=\"373\" height=\"46\" \/><\/p>\n<p>En las \u00faltimas horas, el charatense David Reynozo oficializ\u00f3 su regreso a H\u00e9rcules de Charata para disputar la temporada 2025 de la Liga Federal de B\u00e1squet. De esta manera, el equipo charatense se complet\u00f3 para dar el salto inicial en marzo.<\/p>\n<p>\u201cEstoy muy feliz de volver a mi segunda casa y al club que me form\u00f3 con persona y jugador; estamos armando un equipo con buenos jugadores y cada uno hace muy bien su trabajo en su puesto, eso est\u00e1 muy bueno\u201d, expres\u00f3 el jugador de 22 a\u00f1os que viene de jugar el Pre \u2013 Federal de Santa Fe con Argentino de Firmat.<\/p>\n<p>\u201cSe est\u00e1 armando un equipo muy din\u00e1mico, ya que la mayor\u00eda somos j\u00f3venes y eso nos permite defender intensamente y correr mucho la cancha\u201d, remarc\u00f3 el alero perimetral que jug\u00f3 con Hind\u00fa la Liga Federal hasta 2023.<\/p>\n<div id=\"feat-img-reg\" class=\"relative\"><img decoding=\"async\" class=\"lazyloaded aligncenter\" src=\"https:\/\/baskettotal.com.ar\/wp-content\/uploads\/2025\/02\/Reynozo-1-780x600.jpg\" data-src=\"https:\/\/baskettotal.com.ar\/wp-content\/uploads\/2025\/02\/Reynozo-1-780x600.jpg\" \/><\/div>\n<div id=\"left-content-mobi\">\n<div class=\"author-info-mob-wrap\"><\/div>\n<\/div>\n<p>De esta manera, el equipo de H\u00e9rcules queda completo para la temporada 2025 de la Liga Federal de B\u00e1squet: David Reynozo, Gonzalo Ger\u00e9z, Cristian Aguilar, Carlos Carrocino, Jorge Maluk, Marino Frontalini y Gabriel Frencia (Mayores); Federico Cativa, Gabriel Campoya, Nicol\u00e1s Alisio e Ignacio Torrente (U21); Facundo Pereira e Ian Zin (U19); como entrenador estar\u00e1 Mauro Aleksandrowicz.<\/p>\n<p>\u201cLos aspectos que le puedo aportar al equipo son mi tiro, correr mucho la cancha y desde ah\u00ed tomar decisiones\u201d, remarcando a su vez Reynozo que \u201clos objetivos son competir de la mejor manera contra cualquier equipo y dejar al club en lo m\u00e1s alto posible\u201d.<\/p>\n<p><img loading=\"lazy\" decoding=\"async\" class=\" wp-image-9466 aligncenter\" src=\"https:\/\/www.sportchaco.com.ar\/wp-content\/uploads\/2024\/05\/Nachec1-300x600-1-150x300.gif\" alt=\"\" width=\"191\" height=\"382\" \/><\/p>\n","protected":false},"excerpt":{"rendered":"<p>04-02-2025 En las \u00faltimas horas, el charatense David Reynozo oficializ\u00f3 su regreso a H\u00e9rcules de Charata para disputar la temporada 2025 de la Liga Federal de B\u00e1squet. De esta manera, el equipo charatense se complet\u00f3 para dar el salto inicial en marzo. \u201cEstoy muy feliz de volver a mi segunda casa y al club que &hellip;<\/p>\n","protected":false},"author":3,"featured_media":16247,"comment_status":"open","ping_status":"open","sticky":false,"template":"","format":"standard","meta":{"footnotes":""},"categories":[3],"tags":[],"class_list":["post-16246","post","type-post","status-publish","format-standard","has-post-thumbnail","hentry","category-basquetbol"],"_links":{"self":[{"href":"https:\/\/www.sportchaco.com.ar\/index.php?rest_route=\/wp\/v2\/posts\/16246","targetHints":{"allow":["GET"]}}],"collection":[{"href":"https:\/\/www.sportchaco.com.ar\/index.php?rest_route=\/wp\/v2\/posts"}],"about":[{"href":"https:\/\/www.sportchaco.com.ar\/index.php?rest_route=\/wp\/v2\/types\/post"}],"author":[{"embeddable":true,"href":"https:\/\/www.sportchaco.com.ar\/index.php?rest_route=\/wp\/v2\/users\/3"}],"replies":[{"embeddable":true,"href":"https:\/\/www.sportchaco.com.ar\/index.php?rest_route=%2Fwp%2Fv2%2Fcomments&post=16246"}],"version-history":[{"count":1,"href":"https:\/\/www.sportchaco.com.ar\/index.php?rest_route=\/wp\/v2\/posts\/16246\/revisions"}],"predecessor-version":[{"id":16248,"href":"https:\/\/www.sportchaco.com.ar\/index.php?rest_route=\/wp\/v2\/posts\/16246\/revisions\/16248"}],"wp:featuredmedia":[{"embeddable":true,"href":"https:\/\/www.sportchaco.com.ar\/index.php?rest_route=\/wp\/v2\/media\/16247"}],"wp:attachment":[{"href":"https:\/\/www.sportchaco.com.ar\/index.php?rest_route=%2Fwp%2Fv2%2Fmedia&parent=16246"}],"wp:term":[{"taxonomy":"category","embeddable":true,"href":"https:\/\/www.sportchaco.com.ar\/index.php?rest_route=%2Fwp%2Fv2%2Fcategories&post=16246"},{"taxonomy":"post_tag","embeddable":true,"href":"https:\/\/www.sportchaco.com.ar\/index.php?rest_route=%2Fwp%2Fv2%2Ftags&post=16246"}],"curies":[{"name":"wp","href":"https:\/\/api.w.org\/{rel}","templated":true}]}}