{"id":16253,"date":"2025-02-05T12:08:27","date_gmt":"2025-02-05T15:08:27","guid":{"rendered":"https:\/\/www.sportchaco.com.ar\/?p=16253"},"modified":"2025-02-05T12:08:27","modified_gmt":"2025-02-05T15:08:27","slug":"pablo-flores-crece-y-se-destaca-en-kick-boxing","status":"publish","type":"post","link":"https:\/\/www.sportchaco.com.ar\/?p=16253","title":{"rendered":"Pablo Flores crece y se destaca en kick boxing"},"content":{"rendered":"<p><strong>05-02-2025<\/strong><\/p>\n<p><img loading=\"lazy\" decoding=\"async\" class=\" wp-image-11424 aligncenter\" src=\"https:\/\/www.sportchaco.com.ar\/wp-content\/uploads\/2024\/07\/gob-salud-fijo-marzo-300x50.jpg\" alt=\"\" width=\"366\" height=\"61\" srcset=\"https:\/\/www.sportchaco.com.ar\/wp-content\/uploads\/2024\/07\/gob-salud-fijo-marzo-300x50.jpg 300w, https:\/\/www.sportchaco.com.ar\/wp-content\/uploads\/2024\/07\/gob-salud-fijo-marzo-1024x171.jpg 1024w, https:\/\/www.sportchaco.com.ar\/wp-content\/uploads\/2024\/07\/gob-salud-fijo-marzo-768x128.jpg 768w, https:\/\/www.sportchaco.com.ar\/wp-content\/uploads\/2024\/07\/gob-salud-fijo-marzo.jpg 1200w\" sizes=\"auto, (max-width: 366px) 100vw, 366px\" \/><\/p>\n<p>El s\u00e1bado por la noche se desarroll\u00f3 un gran espect\u00e1culo de combate en Juan Jos\u00e9 Castelli, oportunidad en la que\u00a0Pablo el \u00abNi\u00f1o\u00bb Flores\u00a0pele\u00f3 mano a mano contra el quitilipense Francisco Corrales, ganando por Knock Out (KO).<\/p>\n<p>Pablo naci\u00f3 el 28 de febrero de 2004 y es oriundo del Port\u00f3n de El Impenetrable, Juan Jos\u00e9 Castelli. Proviene de una familia de trabajadores en donde resalta la funci\u00f3n maternal de Edi, su mam\u00e1, qui\u00e9n acompa\u00f1a desde el primer momento en la carrera del \u00abNi\u00f1o\u00bb, apoy\u00e1ndolo econ\u00f3micamente trabajando como personal de planta en la municipalidad local y por las tardes se desempe\u00f1a en el oficio de peluquera.<\/p>\n<p>Comenz\u00f3 a entrenar en su ni\u00f1ez, a los 13 a\u00f1os y un a\u00f1o despu\u00e9s ya tuvo su primer combate contra un rival mucho mayor en cuerpo y edad que tenia 25 a\u00f1os oriundo de Resistencia. Pablo, sin temor a su contrincante, en su primera pelea, se corona ganador por decisi\u00f3n un\u00e1nime en los tres rounds y ah\u00ed recibe su apodo \u00abEl Ni\u00f1o\u00bb, ya que con tan solo 14 a\u00f1os comenzaba una carrera que lo apasionaba y lo disciplinar\u00eda en cuerpo, mente y alma.<\/p>\n<p>Actualmente sum\u00f3 20 peleas ganadas de Kick Boxing y una sola perdida. A los 20 a\u00f1os debut\u00f3 como peleador profesional de MMA, Artes marciales mixta en la Ciudad Aut\u00f3noma de Buenos Aires y gan\u00f3 por KO. Junto a su buena t\u00e9cnica deja una racha de KO en las siguientes peleas a dar, en donde pasa a ganar por la misma v\u00eda tres peleas m\u00e1s en la ciudad de Resistencia y otras tres peleas en el primer round a los 15 segundos contra su contrincante de nacionalidad paraguaya.<\/p>\n<div class=\" large m_image\">\n<figure><picture><source srcset=\"https:\/\/www.diarionorte.com\/content\/bucket\/4\/398514w790h584c.jpg.webp\" type=\"image\/webp\" media=\"(min-width: 640px)\" \/><source srcset=\"https:\/\/www.diarionorte.com\/content\/bucket\/4\/398514w440h325c.jpg.webp\" type=\"image\/webp\" media=\"(min-width: 300px)\" \/><source srcset=\"https:\/\/www.diarionorte.com\/content\/bucket\/4\/398514w790h584c.jpg\" media=\"(min-width: 300px)\" \/><img loading=\"lazy\" decoding=\"async\" class=\"pic\" src=\"https:\/\/www.diarionorte.com\/content\/bucket\/4\/398514w790h584c.jpg.webp\" alt=\"\" width=\"790\" height=\"584\" \/><\/picture><\/figure>\n<\/div>\n<h2>UN PASADO Y UN FUTURO EN COM\u00daN<\/h2>\n<p>Pablo, actualmente reside en la ciudad de Corrientes, donde se prepara junto con su compa\u00f1era Valeria Ib\u00e1\u00f1ez (25 a\u00f1os, ambos oriundos de Castelli), con quien no s\u00f3lo los une una infancia y juventud en com\u00fan, sino que tambi\u00e9n la misma pasi\u00f3n por el combate. Valeria es apodada como \u00abFoxy\u00bb y tiene tres peleas ganadas en MMA Pro. Ambos eligieron vivir juntos para solventar gastos en com\u00fan y siguen prolijamente una disciplina de preparaci\u00f3n profesional.<\/p>\n<p>El \u00abNi\u00f1o\u00bb Flores para perseguir su sue\u00f1o de ser el mejor del mundo, se abre a las ayudas de cualquier sponsor, colaborador personal y\/o padrino que quiera apoyarlo en su carrera.<\/p>\n<p>Pablo, se caracteriza por ser un joven p\u00edcaro de alma sana, carism\u00e1tico e histri\u00f3nico en su peque\u00f1o alrededor, socialmente es disciplinado, obediente y constante en su d\u00eda a d\u00eda para la profesi\u00f3n que eligi\u00f3, mostrando activamente en sus redes el sacrificio que implica esta profesi\u00f3n, el cuidado alimenticio, las horas de entrenamiento y una vida sana que implique mucho m\u00e1s que compromiso personal, sino que tambi\u00e9n los valores morales adquiridos por su familia y la pasi\u00f3n por cumplir su sue\u00f1o de llegar a pelear evento m\u00e1s grande del mundo UFC: \u00abLo voy hacer\u00bb, sostiene con su mirada fija proyect\u00e1ndose a un futuro cercano.<\/p>\n<p><em><strong>Fuente: Diario NORTE<\/strong><\/em><\/p>\n<p><img loading=\"lazy\" decoding=\"async\" class=\" wp-image-10821 aligncenter\" src=\"https:\/\/www.sportchaco.com.ar\/wp-content\/uploads\/2024\/06\/Gobierno-paisaje-1-300x116.png\" alt=\"\" width=\"507\" height=\"196\" srcset=\"https:\/\/www.sportchaco.com.ar\/wp-content\/uploads\/2024\/06\/Gobierno-paisaje-1-300x116.png 300w, https:\/\/www.sportchaco.com.ar\/wp-content\/uploads\/2024\/06\/Gobierno-paisaje-1-768x297.png 768w, https:\/\/www.sportchaco.com.ar\/wp-content\/uploads\/2024\/06\/Gobierno-paisaje-1.png 800w\" sizes=\"auto, (max-width: 507px) 100vw, 507px\" \/><\/p>\n","protected":false},"excerpt":{"rendered":"<p>05-02-2025 El s\u00e1bado por la noche se desarroll\u00f3 un gran espect\u00e1culo de combate en Juan Jos\u00e9 Castelli, oportunidad en la que\u00a0Pablo el \u00abNi\u00f1o\u00bb Flores\u00a0pele\u00f3 mano a mano contra el quitilipense Francisco Corrales, ganando por Knock Out (KO). Pablo naci\u00f3 el 28 de febrero de 2004 y es oriundo del Port\u00f3n de El Impenetrable, Juan Jos\u00e9 &hellip;<\/p>\n","protected":false},"author":3,"featured_media":16254,"comment_status":"open","ping_status":"open","sticky":false,"template":"","format":"standard","meta":{"footnotes":""},"categories":[62],"tags":[],"class_list":["post-16253","post","type-post","status-publish","format-standard","has-post-thumbnail","hentry","category-artes-marciales"],"_links":{"self":[{"href":"https:\/\/www.sportchaco.com.ar\/index.php?rest_route=\/wp\/v2\/posts\/16253","targetHints":{"allow":["GET"]}}],"collection":[{"href":"https:\/\/www.sportchaco.com.ar\/index.php?rest_route=\/wp\/v2\/posts"}],"about":[{"href":"https:\/\/www.sportchaco.com.ar\/index.php?rest_route=\/wp\/v2\/types\/post"}],"author":[{"embeddable":true,"href":"https:\/\/www.sportchaco.com.ar\/index.php?rest_route=\/wp\/v2\/users\/3"}],"replies":[{"embeddable":true,"href":"https:\/\/www.sportchaco.com.ar\/index.php?rest_route=%2Fwp%2Fv2%2Fcomments&post=16253"}],"version-history":[{"count":1,"href":"https:\/\/www.sportchaco.com.ar\/index.php?rest_route=\/wp\/v2\/posts\/16253\/revisions"}],"predecessor-version":[{"id":16255,"href":"https:\/\/www.sportchaco.com.ar\/index.php?rest_route=\/wp\/v2\/posts\/16253\/revisions\/16255"}],"wp:featuredmedia":[{"embeddable":true,"href":"https:\/\/www.sportchaco.com.ar\/index.php?rest_route=\/wp\/v2\/media\/16254"}],"wp:attachment":[{"href":"https:\/\/www.sportchaco.com.ar\/index.php?rest_route=%2Fwp%2Fv2%2Fmedia&parent=16253"}],"wp:term":[{"taxonomy":"category","embeddable":true,"href":"https:\/\/www.sportchaco.com.ar\/index.php?rest_route=%2Fwp%2Fv2%2Fcategories&post=16253"},{"taxonomy":"post_tag","embeddable":true,"href":"https:\/\/www.sportchaco.com.ar\/index.php?rest_route=%2Fwp%2Fv2%2Ftags&post=16253"}],"curies":[{"name":"wp","href":"https:\/\/api.w.org\/{rel}","templated":true}]}}