{"id":16266,"date":"2025-02-05T12:31:04","date_gmt":"2025-02-05T15:31:04","guid":{"rendered":"https:\/\/www.sportchaco.com.ar\/?p=16266"},"modified":"2025-02-05T21:54:12","modified_gmt":"2025-02-06T00:54:12","slug":"loteria-chaquena-que-buscara-concesionar-el-yaco-guarnieri","status":"publish","type":"post","link":"https:\/\/www.sportchaco.com.ar\/?p=16266","title":{"rendered":"Loter\u00eda Chaque\u00f1a buscar\u00e1 concesionar el Yaco Guarnieri"},"content":{"rendered":"<header><strong>05-02-2025<\/strong><img loading=\"lazy\" decoding=\"async\" class=\" wp-image-6730 aligncenter\" src=\"https:\/\/www.sportchaco.com.ar\/wp-content\/uploads\/2024\/03\/aviso-colegios-acostado-1-300x50.jpg\" alt=\"\" width=\"372\" height=\"62\" srcset=\"https:\/\/www.sportchaco.com.ar\/wp-content\/uploads\/2024\/03\/aviso-colegios-acostado-1-300x50.jpg 300w, https:\/\/www.sportchaco.com.ar\/wp-content\/uploads\/2024\/03\/aviso-colegios-acostado-1-1024x171.jpg 1024w, https:\/\/www.sportchaco.com.ar\/wp-content\/uploads\/2024\/03\/aviso-colegios-acostado-1-768x128.jpg 768w, https:\/\/www.sportchaco.com.ar\/wp-content\/uploads\/2024\/03\/aviso-colegios-acostado-1.jpg 1200w\" sizes=\"auto, (max-width: 372px) 100vw, 372px\" \/><\/p>\n<div><\/div>\n<div class=\"meta\">Este mi\u00e9rcoles, a partir de las 10, se concretar\u00e1 una conferencia de prensa en la que se brindar\u00e1n detalles de lo aprobado por los legisladores de los distintos bloques, iniciativa impulsada por el oficialismo, para recuperar la infraestructura de un escenario abandonado por las promesas incumplidas de gesti\u00f3n municipal anterior.<\/div>\n<div><\/div>\n<div><\/div>\n<\/header>\n<section class=\"body\">\n<section class=\"content\">\n<div class=\"main-text\">\n<p>Cabe recordar que Gustavo Mart\u00ednez, al frente del Municipio de nuestra capital, asumi\u00f3 la responsabilidad de la explotaci\u00f3n, al punto de darle impulso con algunos eventos, pero lo proyectado y prometido qued\u00f3 en la nada. Incluso hab\u00eda quedado una deuda considerable al Municipio que debi\u00f3 absorberla con las empresas constructoras encargadas de las reformas estructurales en el lugar, entre ellas, el recapado asf\u00e1ltico del trazado.<\/p>\n<p>Pero, las instalaciones quedaron en un estado de total abandono y \u00abamigos de lo ajeno\u00bb aprovecharon el momento para desmantelar el sistema el\u00e9ctrico con el robo de cables y el destrozo del sistema que dej\u00f3 sin iluminaci\u00f3n al predio.<\/p>\n<p>Con el nuevo instrumento legal, la ley aprobada, el automovilismo de la provincia recupera su trazado que nunca debi\u00f3 perderlo. A\u00f1os de desidia han hecho una tremenda p\u00e9rdida de tiempo por la falta de actividad ante la imposibilidad de correr en el mismo.<\/p>\n<p>Si bien, este era un momento esperado, desde el gobierno provincial asumir\u00e1n la responsabilidad junto con la conducci\u00f3n de Loter\u00eda Chaque\u00f1a, pero el objetivo ser\u00eda concesionar el aut\u00f3dromo, es decir, apostar al sector privado dispuesto a invertir y a organizar eventos de distintas naturaleza que contemple los espect\u00e1culos automovil\u00edsticos, karting, adem\u00e1s de ciclismo, f\u00fatbol, marat\u00f3n y la continuidad de recepciones, entre otras.<\/p>\n<p>El trazado, ubicado en la zona norte de nuestra capital, a solo un kil\u00f3metro de la rotonda del cruce de las rutas 16 y 11, fue escenario de numerosas pruebas de primer nivel, entre ellas, el TC 2000, Top Race, Turismo 4000 Argentino, Campeonato Argentino de Motociclismo, adem\u00e1s de la APAC, con saldo tr\u00e1gico por el fallecimiento del banderillero Gustavo N\u00fa\u00f1ez de 27 a\u00f1os, cuando fue embestido por el auto de Adri\u00e1n Bertschi al salir de pista en 2017, m\u00e1s la muerte del piloto Juan Iglesias que sufri\u00f3 el incendio del auto y producto de las quemaduras perdi\u00f3 la vida en 2019. Tambi\u00e9n se present\u00f3 el Zonal en los \u00faltimos tiempos hasta que qued\u00f3 inutilizada la pista.<\/p>\n<p>Cabe recordar, que en 2017 fue reacondicionado para servir como vivac de acampe para la competencia del Rally Dakar que en esa temporada tuvo un breve paso por la provincia del Chaco, los d\u00edas 2 y 3 de enero.<\/p>\n<p><em><strong>Fuente: Diario Norte<\/strong><\/em><\/p>\n<\/div>\n<p><img loading=\"lazy\" decoding=\"async\" class=\" wp-image-16112 aligncenter\" src=\"https:\/\/www.sportchaco.com.ar\/wp-content\/uploads\/2025\/01\/Salud-Comida-en-Hospitales-200x200-1.gif\" alt=\"\" width=\"259\" height=\"259\" \/><\/p>\n<\/section>\n<\/section>\n","protected":false},"excerpt":{"rendered":"<p>05-02-2025 Este mi\u00e9rcoles, a partir de las 10, se concretar\u00e1 una conferencia de prensa en la que se brindar\u00e1n detalles de lo aprobado por los legisladores de los distintos bloques, iniciativa impulsada por el oficialismo, para recuperar la infraestructura de un escenario abandonado por las promesas incumplidas de gesti\u00f3n municipal anterior. Cabe recordar que Gustavo &hellip;<\/p>\n","protected":false},"author":2,"featured_media":16267,"comment_status":"open","ping_status":"open","sticky":false,"template":"","format":"standard","meta":{"footnotes":""},"categories":[2],"tags":[],"class_list":["post-16266","post","type-post","status-publish","format-standard","has-post-thumbnail","hentry","category-automovilismo"],"_links":{"self":[{"href":"https:\/\/www.sportchaco.com.ar\/index.php?rest_route=\/wp\/v2\/posts\/16266","targetHints":{"allow":["GET"]}}],"collection":[{"href":"https:\/\/www.sportchaco.com.ar\/index.php?rest_route=\/wp\/v2\/posts"}],"about":[{"href":"https:\/\/www.sportchaco.com.ar\/index.php?rest_route=\/wp\/v2\/types\/post"}],"author":[{"embeddable":true,"href":"https:\/\/www.sportchaco.com.ar\/index.php?rest_route=\/wp\/v2\/users\/2"}],"replies":[{"embeddable":true,"href":"https:\/\/www.sportchaco.com.ar\/index.php?rest_route=%2Fwp%2Fv2%2Fcomments&post=16266"}],"version-history":[{"count":8,"href":"https:\/\/www.sportchaco.com.ar\/index.php?rest_route=\/wp\/v2\/posts\/16266\/revisions"}],"predecessor-version":[{"id":16287,"href":"https:\/\/www.sportchaco.com.ar\/index.php?rest_route=\/wp\/v2\/posts\/16266\/revisions\/16287"}],"wp:featuredmedia":[{"embeddable":true,"href":"https:\/\/www.sportchaco.com.ar\/index.php?rest_route=\/wp\/v2\/media\/16267"}],"wp:attachment":[{"href":"https:\/\/www.sportchaco.com.ar\/index.php?rest_route=%2Fwp%2Fv2%2Fmedia&parent=16266"}],"wp:term":[{"taxonomy":"category","embeddable":true,"href":"https:\/\/www.sportchaco.com.ar\/index.php?rest_route=%2Fwp%2Fv2%2Fcategories&post=16266"},{"taxonomy":"post_tag","embeddable":true,"href":"https:\/\/www.sportchaco.com.ar\/index.php?rest_route=%2Fwp%2Fv2%2Ftags&post=16266"}],"curies":[{"name":"wp","href":"https:\/\/api.w.org\/{rel}","templated":true}]}}