{"id":16272,"date":"2025-02-05T12:36:38","date_gmt":"2025-02-05T15:36:38","guid":{"rendered":"https:\/\/www.sportchaco.com.ar\/?p=16272"},"modified":"2025-02-05T14:28:47","modified_gmt":"2025-02-05T17:28:47","slug":"la-seleccion-argentina-de-cestoball-concentrara-en-saenz-pena","status":"publish","type":"post","link":"https:\/\/www.sportchaco.com.ar\/?p=16272","title":{"rendered":"La Selecci\u00f3n Argentina de Cestoball concentrar\u00e1 en S\u00e1enz Pe\u00f1a"},"content":{"rendered":"<header><strong>05-02-2025<\/strong><img loading=\"lazy\" decoding=\"async\" class=\" wp-image-11424 aligncenter\" src=\"https:\/\/www.sportchaco.com.ar\/wp-content\/uploads\/2024\/07\/gob-salud-fijo-marzo-300x50.jpg\" alt=\"\" width=\"378\" height=\"63\" srcset=\"https:\/\/www.sportchaco.com.ar\/wp-content\/uploads\/2024\/07\/gob-salud-fijo-marzo-300x50.jpg 300w, https:\/\/www.sportchaco.com.ar\/wp-content\/uploads\/2024\/07\/gob-salud-fijo-marzo-1024x171.jpg 1024w, https:\/\/www.sportchaco.com.ar\/wp-content\/uploads\/2024\/07\/gob-salud-fijo-marzo-768x128.jpg 768w, https:\/\/www.sportchaco.com.ar\/wp-content\/uploads\/2024\/07\/gob-salud-fijo-marzo.jpg 1200w\" sizes=\"auto, (max-width: 378px) 100vw, 378px\" \/>A mediados de marzo, la Selecci\u00f3n Argentina de Cestoball se concentrar\u00e1 en S\u00e1enz Pe\u00f1a, para comenzar la preparaci\u00f3n de cara a los compromisos internacionales que tendr\u00e1 durante el rodaje 2025.<\/p>\n<p>La Confederaci\u00f3n Argentina de Cestoball confirm\u00f3 esto, luego de las gestiones realizadas junto a la Asociaci\u00f3n Chaque\u00f1a de ese deporte, ante las autoridades de la coordinaci\u00f3n nacional. Del mismo modo, desde el municipio s\u00e1enzpe\u00f1ense habr\u00e1 una buena log\u00edstica para recibir al contingente de jugadores.<\/p>\n<p>Cabe destacar, que en esta oportunidad, la pretemporada en territorio chaque\u00f1o, solo estar\u00e1 comprendida por la rama masculina del seleccionado.<\/p>\n<\/header>\n<section class=\"body\">\n<section class=\"content\">\n<div class=\"main-text\">\n<div class=\" large m_image\">\n<figure><picture><source srcset=\"https:\/\/www.deportnea.com\/content\/bucket\/0\/8180w790h444c.jpg.webp\" type=\"image\/webp\" media=\"(min-width: 640px)\" \/><source srcset=\"https:\/\/www.deportnea.com\/content\/bucket\/0\/8180w440h248c.jpg.webp\" type=\"image\/webp\" media=\"(min-width: 300px)\" \/><source srcset=\"https:\/\/www.deportnea.com\/content\/bucket\/0\/8180w790h444c.jpg\" media=\"(min-width: 300px)\" \/><img loading=\"lazy\" decoding=\"async\" class=\"pic\" src=\"https:\/\/www.deportnea.com\/content\/bucket\/0\/8180w790h444c.jpg.webp\" alt=\"\" width=\"790\" height=\"444\" \/><\/picture><\/figure>\n<\/div>\n<p>Con esto, los entrenamientos en la localidad del centro chaque\u00f1o, ser\u00e1n del 13 al 16 de marzo, aunque resta definir cu\u00e1l ser\u00e1 el estadio que recibir\u00e1 al conjunto Albiceleste, teniendo en cuenta que S\u00e1enz Pe\u00f1a cuenta con buenas instalaciones de primer nivel, para los deportes bajo estadio cubierto, como el Arena Uncaus.<\/p>\n<p>Adem\u00e1s, desde la Confederaci\u00f3n Argentina, se espera poder darle una buena difusi\u00f3n y capacitaci\u00f3n al deporte, que est\u00e1 en pleno crecimiento. El plantel y el cuerpo t\u00e9cnico har\u00edan algunas demostraciones durante su estad\u00eda en la provincia.<\/p>\n<p>Por otra parte, los jugadores Mat\u00edas Barreto e Iv\u00e1n Liva, oriundos de Quitilipi, fueron convocados durante la \u00faltima concentraci\u00f3n que realiz\u00f3 el equipo, por lo que podr\u00eda volver a haber presencia chaque\u00f1a en la selecci\u00f3n.<\/p>\n<p><img loading=\"lazy\" decoding=\"async\" class=\" wp-image-9489 aligncenter\" src=\"https:\/\/www.sportchaco.com.ar\/wp-content\/uploads\/2024\/05\/gob-sube-marzo-24-2-300x300.jpeg\" alt=\"\" width=\"323\" height=\"323\" srcset=\"https:\/\/www.sportchaco.com.ar\/wp-content\/uploads\/2024\/05\/gob-sube-marzo-24-2-300x300.jpeg 300w, https:\/\/www.sportchaco.com.ar\/wp-content\/uploads\/2024\/05\/gob-sube-marzo-24-2-1024x1024.jpeg 1024w, https:\/\/www.sportchaco.com.ar\/wp-content\/uploads\/2024\/05\/gob-sube-marzo-24-2-150x150.jpeg 150w, https:\/\/www.sportchaco.com.ar\/wp-content\/uploads\/2024\/05\/gob-sube-marzo-24-2-768x768.jpeg 768w, https:\/\/www.sportchaco.com.ar\/wp-content\/uploads\/2024\/05\/gob-sube-marzo-24-2.jpeg 1080w\" sizes=\"auto, (max-width: 323px) 100vw, 323px\" \/><\/p>\n<\/div>\n<\/section>\n<\/section>\n","protected":false},"excerpt":{"rendered":"<p>05-02-2025A mediados de marzo, la Selecci\u00f3n Argentina de Cestoball se concentrar\u00e1 en S\u00e1enz Pe\u00f1a, para comenzar la preparaci\u00f3n de cara a los compromisos internacionales que tendr\u00e1 durante el rodaje 2025. La Confederaci\u00f3n Argentina de Cestoball confirm\u00f3 esto, luego de las gestiones realizadas junto a la Asociaci\u00f3n Chaque\u00f1a de ese deporte, ante las autoridades de la &hellip;<\/p>\n","protected":false},"author":2,"featured_media":16273,"comment_status":"open","ping_status":"open","sticky":false,"template":"","format":"standard","meta":{"footnotes":""},"categories":[76,44],"tags":[],"class_list":["post-16272","post","type-post","status-publish","format-standard","has-post-thumbnail","hentry","category-cestoball","category-varios"],"_links":{"self":[{"href":"https:\/\/www.sportchaco.com.ar\/index.php?rest_route=\/wp\/v2\/posts\/16272","targetHints":{"allow":["GET"]}}],"collection":[{"href":"https:\/\/www.sportchaco.com.ar\/index.php?rest_route=\/wp\/v2\/posts"}],"about":[{"href":"https:\/\/www.sportchaco.com.ar\/index.php?rest_route=\/wp\/v2\/types\/post"}],"author":[{"embeddable":true,"href":"https:\/\/www.sportchaco.com.ar\/index.php?rest_route=\/wp\/v2\/users\/2"}],"replies":[{"embeddable":true,"href":"https:\/\/www.sportchaco.com.ar\/index.php?rest_route=%2Fwp%2Fv2%2Fcomments&post=16272"}],"version-history":[{"count":5,"href":"https:\/\/www.sportchaco.com.ar\/index.php?rest_route=\/wp\/v2\/posts\/16272\/revisions"}],"predecessor-version":[{"id":16280,"href":"https:\/\/www.sportchaco.com.ar\/index.php?rest_route=\/wp\/v2\/posts\/16272\/revisions\/16280"}],"wp:featuredmedia":[{"embeddable":true,"href":"https:\/\/www.sportchaco.com.ar\/index.php?rest_route=\/wp\/v2\/media\/16273"}],"wp:attachment":[{"href":"https:\/\/www.sportchaco.com.ar\/index.php?rest_route=%2Fwp%2Fv2%2Fmedia&parent=16272"}],"wp:term":[{"taxonomy":"category","embeddable":true,"href":"https:\/\/www.sportchaco.com.ar\/index.php?rest_route=%2Fwp%2Fv2%2Fcategories&post=16272"},{"taxonomy":"post_tag","embeddable":true,"href":"https:\/\/www.sportchaco.com.ar\/index.php?rest_route=%2Fwp%2Fv2%2Ftags&post=16272"}],"curies":[{"name":"wp","href":"https:\/\/api.w.org\/{rel}","templated":true}]}}