{"id":16297,"date":"2025-02-06T14:38:33","date_gmt":"2025-02-06T17:38:33","guid":{"rendered":"https:\/\/www.sportchaco.com.ar\/?p=16297"},"modified":"2025-02-06T14:40:13","modified_gmt":"2025-02-06T17:40:13","slug":"bacas-y-palazuelo-se-suman-a-sarmiento","status":"publish","type":"post","link":"https:\/\/www.sportchaco.com.ar\/?p=16297","title":{"rendered":"Bacas y Palazuelo se suman a Sarmiento"},"content":{"rendered":"<p><strong>06-02-2025<\/strong><\/p>\n<p><img loading=\"lazy\" decoding=\"async\" class=\" wp-image-9468 aligncenter\" src=\"https:\/\/www.sportchaco.com.ar\/wp-content\/uploads\/2024\/05\/Nachec-728x90-2-300x37.gif\" alt=\"\" width=\"341\" height=\"42\" \/><\/p>\n<p>Sarmiento sigue sumando jugadores a su plantel de cara al inicio del torneo Federal \u00abA\u00bb 2025 mientras contin\u00faa con su pretemporada que inici\u00f3 el pasado lunes.<\/p>\n<p>En este caso, llegaron al equipo de Miguel Urbina dos volantes ofensivos. Se trata de Tom\u00e1s Bacas y Felipe Palazuelo. Adem\u00e1s, Mat\u00edas Meza renov\u00f3 v\u00ednculo con el club.<\/p>\n<p>Tom\u00e1s Bacas es de Pirovano de la provincia de Buenos Aires, tiene 21 a\u00f1os e hizo inferiores en Sarmiento de Jun\u00edn donde supo ganar el torneo de Reserva ante Boca Juniors. Luego tuvo pasos en la Primera Nacional vistiendo las camisetas de Villa D\u00e1lmine y Estudiantes de Caseros.<\/p>\n<p><img loading=\"lazy\" decoding=\"async\" class=\" wp-image-16298 aligncenter\" src=\"https:\/\/www.sportchaco.com.ar\/wp-content\/uploads\/2025\/02\/6cf09e50-b0b9-4677-9ed9-b5b4c78f56cb-300x181.jpg\" alt=\"\" width=\"376\" height=\"227\" srcset=\"https:\/\/www.sportchaco.com.ar\/wp-content\/uploads\/2025\/02\/6cf09e50-b0b9-4677-9ed9-b5b4c78f56cb-300x181.jpg 300w, https:\/\/www.sportchaco.com.ar\/wp-content\/uploads\/2025\/02\/6cf09e50-b0b9-4677-9ed9-b5b4c78f56cb-768x463.jpg 768w, https:\/\/www.sportchaco.com.ar\/wp-content\/uploads\/2025\/02\/6cf09e50-b0b9-4677-9ed9-b5b4c78f56cb-780x470.jpg 780w, https:\/\/www.sportchaco.com.ar\/wp-content\/uploads\/2025\/02\/6cf09e50-b0b9-4677-9ed9-b5b4c78f56cb.jpg 843w\" sizes=\"auto, (max-width: 376px) 100vw, 376px\" \/><\/p>\n<p>Por su parte, Felipe Palazuelo llega proveniente de Defensores Unidos de Z\u00e1rate donde disput\u00f3 16 partidos y marc\u00f3 un gol en la segunda divisi\u00f3n del f\u00fatbol argentino. Tiene 21 a\u00f1os y tambi\u00e9n se desenvuelve como mediocampista ofensivo.<\/p>\n<p>El equipo \u00abdecano\u00bb est\u00e1 cerrando su primera semana de pretemporada y contin\u00faa a\u00fan movi\u00e9ndose por el mercado de pase a la espera de sumar alg\u00fan jugador m\u00e1s.<\/p>\n<p><b>EL PLANTEL<\/b><br \/>\n<b>Arqueros<\/b><br \/>\nGerm\u00e1n Yacaruso<br \/>\nEmmanuel Cirrincione<br \/>\nFacundo S\u00e1nchez<\/p>\n<p><b>Defensores<\/b><br \/>\nBrian Berlo<br \/>\nRodrigo Gim\u00e9nez<br \/>\nRodrigo L\u00f3pez Alba<br \/>\nMat\u00edas Ayala<br \/>\nCarlos Di Pietro<br \/>\nRenzo Arzamendia<br \/>\nFranco Dom\u00ednguez<br \/>\nEzequiel Gnemmi<\/p>\n<p><b>Mediocampistas<\/b><br \/>\nRodrigo Montenegro<br \/>\nFranco Falc\u00f3n<br \/>\nCarlos Arriola<br \/>\nPablo Mart\u00ednez<br \/>\nEnzo Niz<br \/>\nDaniel Meza<br \/>\nFelipe Fern\u00e1ndez Palazuelo<br \/>\nTom\u00e1s Bacas<br \/>\nMat\u00edas Meza<\/p>\n<p><b>Delanteros<\/b><br \/>\nGonzalo Gonz\u00e1lez<br \/>\nLautaro Ruiz Mart\u00ednez<br \/>\nRamiro Peters<br \/>\nEnzo Vargas<br \/>\nRen\u00e9 Escobar<\/p>\n<p><img loading=\"lazy\" decoding=\"async\" class=\" wp-image-8565 aligncenter\" src=\"https:\/\/www.sportchaco.com.ar\/wp-content\/uploads\/2024\/04\/Nachec1-300x600-3-150x300.gif\" alt=\"\" width=\"169\" height=\"338\" \/><\/p>\n","protected":false},"excerpt":{"rendered":"<p>06-02-2025 Sarmiento sigue sumando jugadores a su plantel de cara al inicio del torneo Federal \u00abA\u00bb 2025 mientras contin\u00faa con su pretemporada que inici\u00f3 el pasado lunes. En este caso, llegaron al equipo de Miguel Urbina dos volantes ofensivos. Se trata de Tom\u00e1s Bacas y Felipe Palazuelo. Adem\u00e1s, Mat\u00edas Meza renov\u00f3 v\u00ednculo con el club. &hellip;<\/p>\n","protected":false},"author":3,"featured_media":16299,"comment_status":"open","ping_status":"open","sticky":false,"template":"","format":"standard","meta":{"footnotes":""},"categories":[5],"tags":[],"class_list":["post-16297","post","type-post","status-publish","format-standard","has-post-thumbnail","hentry","category-futbol"],"_links":{"self":[{"href":"https:\/\/www.sportchaco.com.ar\/index.php?rest_route=\/wp\/v2\/posts\/16297","targetHints":{"allow":["GET"]}}],"collection":[{"href":"https:\/\/www.sportchaco.com.ar\/index.php?rest_route=\/wp\/v2\/posts"}],"about":[{"href":"https:\/\/www.sportchaco.com.ar\/index.php?rest_route=\/wp\/v2\/types\/post"}],"author":[{"embeddable":true,"href":"https:\/\/www.sportchaco.com.ar\/index.php?rest_route=\/wp\/v2\/users\/3"}],"replies":[{"embeddable":true,"href":"https:\/\/www.sportchaco.com.ar\/index.php?rest_route=%2Fwp%2Fv2%2Fcomments&post=16297"}],"version-history":[{"count":2,"href":"https:\/\/www.sportchaco.com.ar\/index.php?rest_route=\/wp\/v2\/posts\/16297\/revisions"}],"predecessor-version":[{"id":16301,"href":"https:\/\/www.sportchaco.com.ar\/index.php?rest_route=\/wp\/v2\/posts\/16297\/revisions\/16301"}],"wp:featuredmedia":[{"embeddable":true,"href":"https:\/\/www.sportchaco.com.ar\/index.php?rest_route=\/wp\/v2\/media\/16299"}],"wp:attachment":[{"href":"https:\/\/www.sportchaco.com.ar\/index.php?rest_route=%2Fwp%2Fv2%2Fmedia&parent=16297"}],"wp:term":[{"taxonomy":"category","embeddable":true,"href":"https:\/\/www.sportchaco.com.ar\/index.php?rest_route=%2Fwp%2Fv2%2Fcategories&post=16297"},{"taxonomy":"post_tag","embeddable":true,"href":"https:\/\/www.sportchaco.com.ar\/index.php?rest_route=%2Fwp%2Fv2%2Ftags&post=16297"}],"curies":[{"name":"wp","href":"https:\/\/api.w.org\/{rel}","templated":true}]}}