{"id":16308,"date":"2025-02-07T14:27:07","date_gmt":"2025-02-07T17:27:07","guid":{"rendered":"https:\/\/www.sportchaco.com.ar\/?p=16308"},"modified":"2025-02-07T14:27:07","modified_gmt":"2025-02-07T17:27:07","slug":"don-orione-puso-en-marcha-todas-las-categorias-de-basquet","status":"publish","type":"post","link":"https:\/\/www.sportchaco.com.ar\/?p=16308","title":{"rendered":"Don Orione puso en marcha todas las categor\u00edas de b\u00e1squet"},"content":{"rendered":"<p><strong>07-02-2025<\/strong><\/p>\n<p><img loading=\"lazy\" decoding=\"async\" class=\" wp-image-11424 aligncenter\" src=\"https:\/\/www.sportchaco.com.ar\/wp-content\/uploads\/2024\/07\/gob-salud-fijo-marzo-300x50.jpg\" alt=\"\" width=\"372\" height=\"62\" srcset=\"https:\/\/www.sportchaco.com.ar\/wp-content\/uploads\/2024\/07\/gob-salud-fijo-marzo-300x50.jpg 300w, https:\/\/www.sportchaco.com.ar\/wp-content\/uploads\/2024\/07\/gob-salud-fijo-marzo-1024x171.jpg 1024w, https:\/\/www.sportchaco.com.ar\/wp-content\/uploads\/2024\/07\/gob-salud-fijo-marzo-768x128.jpg 768w, https:\/\/www.sportchaco.com.ar\/wp-content\/uploads\/2024\/07\/gob-salud-fijo-marzo.jpg 1200w\" sizes=\"auto, (max-width: 372px) 100vw, 372px\" \/><\/p>\n<p>En la jornada del lunes 3, Don Orione Atletic Club de Barranqueras puso en marcha la temporada 2025 del b\u00e1squet en las distintas categor\u00edas, desde minib\u00e1squet hasta Primera, con un staff nuevo de entrenadores de experiencia que sin dudas aportan en gran manera a este proyecto que promete mucho, aunque los resultados ya se est\u00e1n viendo en a\u00f1os anteriores, fruto del trabajo que viene llevando adelante la actual comisi\u00f3n directiva, presidida por Osvaldo Nardoni.<\/p>\n<p>Entre los nombres que llegaron, se sum\u00f3 la experiencia de Alejandro \u201cPombero\u201d Acosta a U21 y Primera, adem\u00e1s de que Roberto \u201cTito\u201d Sol\u00eds a U17 y U21 B, otro entrenador experimentado es H\u00e9ctor \u201cTiti\u201d Rodr\u00edguez al U13 y U15, y Gustavo Alcar\u00e1z en el minib\u00e1squet.<\/p>\n<p>A continuaci\u00f3n, d\u00edas y horarios de las distintas categor\u00edas del b\u00e1squet Don Orione de Barranqueras.<\/p>\n<p><strong>MOSQUITOS<\/strong><br \/>\n<strong>De 5 a 7 a\u00f1os<\/strong><br \/>\nMartes y jueves a las 16 horas.<\/p>\n<p><strong>PRE \u2013 MINI<\/strong><br \/>\n<strong>8 y 9 a\u00f1os<\/strong><br \/>\nLunes, mi\u00e9rcoles y viernes a las 16 horas.<\/p>\n<p><strong>MINI<\/strong><br \/>\n<strong>10 y 11 a\u00f1os<\/strong><br \/>\nLunes, mi\u00e9rcoles y viernes a las 17 horas.<\/p>\n<p><strong>U13 y U15<\/strong><br \/>\n<strong>De 12 a 15 a\u00f1os<\/strong><br \/>\nLunes, mi\u00e9rcoles y viernes a las 18 horas.<\/p>\n<p><strong>U17<\/strong><br \/>\n<strong>De 16 a 17 a\u00f1os<\/strong><br \/>\nLunes, mi\u00e9rcoles y viernes a las 19 horas.<\/p>\n<p><strong>U21<\/strong><br \/>\n<strong>De 18 a 21 a\u00f1os<\/strong><br \/>\nLunes, mi\u00e9rcoles y viernes a las 20 horas.<\/p>\n<p><strong>PRIMERA<\/strong><br \/>\nLunes, mi\u00e9rcoles y viernes a las 21 horas.<\/p>\n<p><strong>\u201cMe sedujo mucho esta propuesta\u201d<br \/>\n<\/strong>Al hacer uso de la palabra, el flamante entrenador, Alejandro \u201cPombe\u201d Acosta, expres\u00f3 que \u201cpor pedido del presidente de la subcomisi\u00f3n de b\u00e1squet H\u00e9ctor \u201cPuli\u201d C\u00e1ceres para hacerme cargo del U21 y Primera, obviamente me sedujo mucho esta propuesta y sobre todo por Don Orione, que me conlleva una gran responsabilidad, sobre todo a nivel deportivo\u201d.<\/p>\n<p>\u201cMe encontr\u00e9 con un staff de entrenadores que est\u00e1n muy bien organizados y predispuestos a colaborar conmigo, yo no tuve m\u00e1s que nada que incorporarme a un club con una gran infraestructura, adem\u00e1s de muchos recursos humanos quienes est\u00e1n ah\u00ed para hacerte m\u00e1s f\u00e1cil las cosas\u201d, remarc\u00f3 Acosta.<\/p>\n<p>\u201cEs un desaf\u00edo que tengo que afrontar, obviamente me gusta; vengo a aportar lo m\u00edo a una organizaci\u00f3n que ya viene funcionando\u201d, finaliz\u00f3, aunque ya confirm\u00f3 que \u201cValentino Colman y Rodrigo Caliva se suman al equipo de Primera\u201d.<\/p>\n<figure class=\"wp-block-image size-full\"><a href=\"https:\/\/baskettotal.com.ar\/wp-content\/uploads\/2025\/02\/DON-ORIONE-5.jpg\"><img loading=\"lazy\" decoding=\"async\" class=\"lazy wp-image-26203 lazy-loaded\" src=\"https:\/\/baskettotal.com.ar\/wp-content\/uploads\/2025\/02\/DON-ORIONE-5.jpg\" sizes=\"auto, (max-width: 1000px) 100vw, 1000px\" srcset=\"https:\/\/baskettotal.com.ar\/wp-content\/uploads\/2025\/02\/DON-ORIONE-5.jpg 1000w, https:\/\/baskettotal.com.ar\/wp-content\/uploads\/2025\/02\/DON-ORIONE-5-300x180.jpg 300w, https:\/\/baskettotal.com.ar\/wp-content\/uploads\/2025\/02\/DON-ORIONE-5-768x461.jpg 768w, https:\/\/baskettotal.com.ar\/wp-content\/uploads\/2025\/02\/DON-ORIONE-5-400x240.jpg 400w\" alt=\"\" width=\"1000\" height=\"600\" data-lazy-type=\"image\" data-lazy-src=\"https:\/\/baskettotal.com.ar\/wp-content\/uploads\/2025\/02\/DON-ORIONE-5.jpg\" data-lazy-srcset=\"https:\/\/baskettotal.com.ar\/wp-content\/uploads\/2025\/02\/DON-ORIONE-5.jpg 1000w, https:\/\/baskettotal.com.ar\/wp-content\/uploads\/2025\/02\/DON-ORIONE-5-300x180.jpg 300w, https:\/\/baskettotal.com.ar\/wp-content\/uploads\/2025\/02\/DON-ORIONE-5-768x461.jpg 768w, https:\/\/baskettotal.com.ar\/wp-content\/uploads\/2025\/02\/DON-ORIONE-5-400x240.jpg 400w\" data-lazy-sizes=\"(max-width: 1000px) 100vw, 1000px\" \/><\/a><\/figure>\n<p><strong>\u201cEntusiasmo al 100%\u201d<br \/>\n<\/strong>Por su parte, el entrenador Roberto \u201cTito\u201d Sol\u00eds, afirm\u00f3 que arranca \u201ceste a\u00f1o con las esperanzas renovadas, el entusiasmo al 100% con las categor\u00edas U17 y U21 B, donde conformamos un buen grupo de trabajo y todos a disposici\u00f3n del club para avanzar un pasito m\u00e1s\u201d, remarcando Sol\u00eds a su vez que \u201ctrabajamos para seguir formando jugadores para que en un futuro cercano puedan llegar a Primera\u201d.<\/p>\n<p>Adem\u00e1s, el buen entrenador \u201cportuario\u201d, especific\u00f3 que la cancha principal la utilizan los lunes, mi\u00e9rcoles y viernes, aunque marte y jueves trabajan en la parte f\u00edsica \u2013 t\u00e1ctica con el entrenador Fernando \u201cMura\u201d Cristaldo, incluyendo trabajos de gimnasio muy c\u00f3modo y completo, manejo de bal\u00f3n y lanzamientos\u201d.<\/p>\n<p><strong>\u201cFormando ni\u00f1os\u201d<br \/>\n<\/strong>Finalmente, el entrenador Gustavo Alcar\u00e1z, explic\u00f3 que \u201cen lo que se refiere a minib\u00e1squet vamos a continuar con el proyecto con el cual venimos trabajando hace varios a\u00f1os en Don Orione, donde seguiremos contagiando el b\u00e1squet, el sentido de pertenencia y la camarader\u00eda\u201d, destacando as su vez que \u201cla idea es seguir formando ni\u00f1os qu\u00e9 se desarrollen como deportistas, impartiendo siempre desde el respeto, buenos modales, respeto de normas y dem\u00e1s, para que el d\u00eda de ma\u00f1ana les sirva en el deporte, pero mucho m\u00e1s en su formaci\u00f3n como persona\u201d.<\/p>\n<p>\u201cEn el a\u00f1o buscaremos redoblar lo conseguido el a\u00f1o pasado, donde tenemos proyectos como nuestro encuentro aniversario, viajes, participar de la mayor cantidad de encuentros posibles, campamentos y m\u00e1s, donde siempre los protagonistas ser\u00e1n los ni\u00f1os\u201d, finaliz\u00f3 Alcar\u00e1z.<\/p>\n<p><img loading=\"lazy\" decoding=\"async\" class=\" wp-image-9571 aligncenter\" src=\"https:\/\/www.sportchaco.com.ar\/wp-content\/uploads\/2024\/05\/gob-salud-marzo-apaisado-2-1.gif\" alt=\"\" width=\"298\" height=\"298\" \/><\/p>\n","protected":false},"excerpt":{"rendered":"<p>07-02-2025 En la jornada del lunes 3, Don Orione Atletic Club de Barranqueras puso en marcha la temporada 2025 del b\u00e1squet en las distintas categor\u00edas, desde minib\u00e1squet hasta Primera, con un staff nuevo de entrenadores de experiencia que sin dudas aportan en gran manera a este proyecto que promete mucho, aunque los resultados ya se &hellip;<\/p>\n","protected":false},"author":3,"featured_media":16309,"comment_status":"open","ping_status":"open","sticky":false,"template":"","format":"standard","meta":{"footnotes":""},"categories":[3],"tags":[],"class_list":["post-16308","post","type-post","status-publish","format-standard","has-post-thumbnail","hentry","category-basquetbol"],"_links":{"self":[{"href":"https:\/\/www.sportchaco.com.ar\/index.php?rest_route=\/wp\/v2\/posts\/16308","targetHints":{"allow":["GET"]}}],"collection":[{"href":"https:\/\/www.sportchaco.com.ar\/index.php?rest_route=\/wp\/v2\/posts"}],"about":[{"href":"https:\/\/www.sportchaco.com.ar\/index.php?rest_route=\/wp\/v2\/types\/post"}],"author":[{"embeddable":true,"href":"https:\/\/www.sportchaco.com.ar\/index.php?rest_route=\/wp\/v2\/users\/3"}],"replies":[{"embeddable":true,"href":"https:\/\/www.sportchaco.com.ar\/index.php?rest_route=%2Fwp%2Fv2%2Fcomments&post=16308"}],"version-history":[{"count":1,"href":"https:\/\/www.sportchaco.com.ar\/index.php?rest_route=\/wp\/v2\/posts\/16308\/revisions"}],"predecessor-version":[{"id":16310,"href":"https:\/\/www.sportchaco.com.ar\/index.php?rest_route=\/wp\/v2\/posts\/16308\/revisions\/16310"}],"wp:featuredmedia":[{"embeddable":true,"href":"https:\/\/www.sportchaco.com.ar\/index.php?rest_route=\/wp\/v2\/media\/16309"}],"wp:attachment":[{"href":"https:\/\/www.sportchaco.com.ar\/index.php?rest_route=%2Fwp%2Fv2%2Fmedia&parent=16308"}],"wp:term":[{"taxonomy":"category","embeddable":true,"href":"https:\/\/www.sportchaco.com.ar\/index.php?rest_route=%2Fwp%2Fv2%2Fcategories&post=16308"},{"taxonomy":"post_tag","embeddable":true,"href":"https:\/\/www.sportchaco.com.ar\/index.php?rest_route=%2Fwp%2Fv2%2Ftags&post=16308"}],"curies":[{"name":"wp","href":"https:\/\/api.w.org\/{rel}","templated":true}]}}