{"id":16314,"date":"2025-02-07T15:58:11","date_gmt":"2025-02-07T18:58:11","guid":{"rendered":"https:\/\/www.sportchaco.com.ar\/?p=16314"},"modified":"2025-02-09T22:16:47","modified_gmt":"2025-02-10T01:16:47","slug":"don-bosco-inico-con-sus-pretemporadas","status":"publish","type":"post","link":"https:\/\/www.sportchaco.com.ar\/?p=16314","title":{"rendered":"Don Bosco inic\u00f3 con sus pretemporadas"},"content":{"rendered":"<p><strong>07-02-2025<\/strong><\/p>\n<p><img loading=\"lazy\" decoding=\"async\" class=\" wp-image-7249 aligncenter\" src=\"https:\/\/www.sportchaco.com.ar\/wp-content\/uploads\/2024\/03\/aviso-Impulsamos-turismo-1-300x31.jpg\" alt=\"\" width=\"465\" height=\"48\" srcset=\"https:\/\/www.sportchaco.com.ar\/wp-content\/uploads\/2024\/03\/aviso-Impulsamos-turismo-1-300x31.jpg 300w, https:\/\/www.sportchaco.com.ar\/wp-content\/uploads\/2024\/03\/aviso-Impulsamos-turismo-1-1024x106.jpg 1024w, https:\/\/www.sportchaco.com.ar\/wp-content\/uploads\/2024\/03\/aviso-Impulsamos-turismo-1-768x79.jpg 768w, https:\/\/www.sportchaco.com.ar\/wp-content\/uploads\/2024\/03\/aviso-Impulsamos-turismo-1.jpg 1366w\" sizes=\"auto, (max-width: 465px) 100vw, 465px\" \/><\/p>\n<p>El lunes 3, el Centro Deportivo Don Bosco inici\u00f3 el b\u00e1squet en todas las categor\u00edas, con una gran cantidad de chicos tanto en la rama masculina como femenina y la vara alta, buscando continuar posicionando a la instituci\u00f3n en los primeros planos, combinando calidad deportiva y de infraestructura.<\/p>\n<p>\u00abLa idea del club es seguir creando masas de chicos, acerc\u00e1ndolos al club, ya que el deporte es vida, a trav\u00e9s de eso salen de muchos problemas y es herramienta de vida\u00bb, explic\u00f3 el coordinador del b\u00e1squet en la instituci\u00f3n, Facundo G\u00f3mez Brocal.<\/p>\n<p>El minib\u00e1squet est\u00e1 guiado por Fernando Cristaldo y Lucas Sin\u00f3polis, las formativas masculina y femenina las coordina Facundo G\u00f3mez Brocal y Fernando Cristaldo en Primera.<\/p>\n<p>Con respecto a los d\u00edas y horarios del b\u00e1squet masculino, son los siguientes:<br \/>\n<strong>MINIB\u00c1SQUET<\/strong>: \u00abMosquito y Escuelita\u00bb (categor\u00eda 2018, 2019 y 2020) \/ martes y jueves a las 17 horas.<br \/>\n\u00abPre \u2013 Mini y Mini\u00bb (categor\u00eda 2014, 2015, 2016 y 2017) \/ lunes, mi\u00e9rcoles y viernes a las 17 horas.<br \/>\n<strong>Entrenador:<\/strong> Fernando Cristaldo<\/p>\n<p><strong>FORMATIVAS MASCULINAS<br \/>\nU13:<\/strong> De lunes a viernes, de 18 a 19 horas.<br \/>\n<strong>U15:<\/strong> De lunea a viernes, de 19 a 20 horas.<br \/>\n<strong>U17 Y U21:<\/strong> De lunes a viernes, de 20 a 21 horas.<br \/>\n<strong>PRIMERA:<\/strong> De lunes a viernes, a partir de las 21 horas.<br \/>\n<strong>Entrenadores:<\/strong> Facundo G\u00f3mez Brocal, Fernando Cristaldo, Lucas Sin\u00f3polis y resta confirmar por la rama femenina algunos detalles del nuevo entrenador. El preparador f\u00edsico es Claudio R\u00edos.<\/p>\n<p><strong>FORMATIVAS FEMENINAS<br \/>\n<\/strong>Martes, jueves y viernes, de 18 a 19 horas.<\/p>\n<figure class=\"wp-block-image size-large\"><a href=\"https:\/\/baskettotal.com.ar\/wp-content\/uploads\/2025\/02\/1-1.jpg\"><img loading=\"lazy\" decoding=\"async\" class=\"lazy wp-image-26192 lazy-loaded\" src=\"https:\/\/baskettotal.com.ar\/wp-content\/uploads\/2025\/02\/1-1-1024x685.jpg\" sizes=\"auto, (max-width: 1024px) 100vw, 1024px\" srcset=\"https:\/\/baskettotal.com.ar\/wp-content\/uploads\/2025\/02\/1-1-1024x685.jpg 1024w, https:\/\/baskettotal.com.ar\/wp-content\/uploads\/2025\/02\/1-1-300x201.jpg 300w, https:\/\/baskettotal.com.ar\/wp-content\/uploads\/2025\/02\/1-1-768x514.jpg 768w, https:\/\/baskettotal.com.ar\/wp-content\/uploads\/2025\/02\/1-1.jpg 1040w\" alt=\"\" width=\"1024\" height=\"685\" data-lazy-type=\"image\" data-lazy-src=\"https:\/\/baskettotal.com.ar\/wp-content\/uploads\/2025\/02\/1-1-1024x685.jpg\" data-lazy-srcset=\"https:\/\/baskettotal.com.ar\/wp-content\/uploads\/2025\/02\/1-1-1024x685.jpg 1024w, https:\/\/baskettotal.com.ar\/wp-content\/uploads\/2025\/02\/1-1-300x201.jpg 300w, https:\/\/baskettotal.com.ar\/wp-content\/uploads\/2025\/02\/1-1-768x514.jpg 768w, https:\/\/baskettotal.com.ar\/wp-content\/uploads\/2025\/02\/1-1.jpg 1040w\" data-lazy-sizes=\"(max-width: 1024px) 100vw, 1024px\" \/><\/a><\/figure>\n<p><strong>Nivel de trabajo<br \/>\n<\/strong>\u00abEn la rama masculina tenemos una buena cantidad de chicos de U13, en U15 pr\u00e1cticamente hay para presentar 2 equipos como lo ven\u00edamos haciendo, en U17 mantenemos nuestra categor\u00eda fija, U21 estamos viendo con que cantidad de chicos contamos para presentar 2 equipos\u00bb, puntualiz\u00f3 el coordinador del b\u00e1squet \u00absalesiano\u00bb, Facundo G\u00f3mez Brocal, a su vez entrenador de formativas y jugador de Primera del club.<\/p>\n<p>\u00abTenemos la idea de dejar al club en lo m\u00e1s alto, donde los resultados vendr\u00e1n con el nivel de trabajo que llevemos nosotros\u00bb, finaliz\u00f3.<\/p>\n<p><strong>MINIB\u00c1SQUET Y PRIMERA<br \/>\n<\/strong>Por su parte, el entrenador del equipo de Primera y a cargo del minib\u00e1squet de Don Bosco, Fernando Cristaldo, precis\u00f3 que \u00aben el minib\u00e1squet tenemos que sumar m\u00e1s chicos, ahora hubo un cambio de edades todo lo que comprende el minib\u00e1squet sea un a\u00f1o menos, donde por un lado decimos que el minib\u00e1squet es importante para ense\u00f1ar, generar la cantidad de chicos para las formativas del club y por otro lado le sacamos un a\u00f1o al mini; totalmente incoherente\u00bb, explicando que \u00abo sea que los chicos de 12 a\u00f1os ahora formen parte del U13 significa que habr\u00e1 menos chicos en todo lo que comprenda minib\u00e1squet\u00bb.<\/p>\n<p>\u00abEl deporte en los ni\u00f1os es un instrumento, un granito de arena para la formaci\u00f3n, educaci\u00f3n, felicidad, salud y seguir por el camino de proveer a los ni\u00f1os estos elementos mencionados\u00bb, resalt\u00f3.<br \/>\n\u00abY en Primera estamos en un proceso de rearmado, esto implica algunas caras nuevas, estilo de juego nuevo, con el objetivo de volver a lograr conformar un equipo que todos nos reconozcan, por lo que trataremos de encontrar el mismo camino e imagen, que es llegar en las instancia definitivas del torneo\u00bb.<\/p>\n<p><em><strong>Fotos: Nahiara Pallares (Don Bosco)<\/strong><\/em><\/p>\n<p><img loading=\"lazy\" decoding=\"async\" class=\" wp-image-11197 aligncenter\" src=\"https:\/\/www.sportchaco.com.ar\/wp-content\/uploads\/2024\/07\/Mosquitos-3-300x300.jpg\" alt=\"\" width=\"326\" height=\"326\" srcset=\"https:\/\/www.sportchaco.com.ar\/wp-content\/uploads\/2024\/07\/Mosquitos-3-300x300.jpg 300w, https:\/\/www.sportchaco.com.ar\/wp-content\/uploads\/2024\/07\/Mosquitos-3-1024x1024.jpg 1024w, https:\/\/www.sportchaco.com.ar\/wp-content\/uploads\/2024\/07\/Mosquitos-3-150x150.jpg 150w, https:\/\/www.sportchaco.com.ar\/wp-content\/uploads\/2024\/07\/Mosquitos-3-768x768.jpg 768w, https:\/\/www.sportchaco.com.ar\/wp-content\/uploads\/2024\/07\/Mosquitos-3.jpg 1440w\" sizes=\"auto, (max-width: 326px) 100vw, 326px\" \/><\/p>\n","protected":false},"excerpt":{"rendered":"<p>07-02-2025 El lunes 3, el Centro Deportivo Don Bosco inici\u00f3 el b\u00e1squet en todas las categor\u00edas, con una gran cantidad de chicos tanto en la rama masculina como femenina y la vara alta, buscando continuar posicionando a la instituci\u00f3n en los primeros planos, combinando calidad deportiva y de infraestructura. \u00abLa idea del club es seguir &hellip;<\/p>\n","protected":false},"author":3,"featured_media":16318,"comment_status":"open","ping_status":"open","sticky":false,"template":"","format":"standard","meta":{"footnotes":""},"categories":[3],"tags":[],"class_list":["post-16314","post","type-post","status-publish","format-standard","has-post-thumbnail","hentry","category-basquetbol"],"_links":{"self":[{"href":"https:\/\/www.sportchaco.com.ar\/index.php?rest_route=\/wp\/v2\/posts\/16314","targetHints":{"allow":["GET"]}}],"collection":[{"href":"https:\/\/www.sportchaco.com.ar\/index.php?rest_route=\/wp\/v2\/posts"}],"about":[{"href":"https:\/\/www.sportchaco.com.ar\/index.php?rest_route=\/wp\/v2\/types\/post"}],"author":[{"embeddable":true,"href":"https:\/\/www.sportchaco.com.ar\/index.php?rest_route=\/wp\/v2\/users\/3"}],"replies":[{"embeddable":true,"href":"https:\/\/www.sportchaco.com.ar\/index.php?rest_route=%2Fwp%2Fv2%2Fcomments&post=16314"}],"version-history":[{"count":2,"href":"https:\/\/www.sportchaco.com.ar\/index.php?rest_route=\/wp\/v2\/posts\/16314\/revisions"}],"predecessor-version":[{"id":16362,"href":"https:\/\/www.sportchaco.com.ar\/index.php?rest_route=\/wp\/v2\/posts\/16314\/revisions\/16362"}],"wp:featuredmedia":[{"embeddable":true,"href":"https:\/\/www.sportchaco.com.ar\/index.php?rest_route=\/wp\/v2\/media\/16318"}],"wp:attachment":[{"href":"https:\/\/www.sportchaco.com.ar\/index.php?rest_route=%2Fwp%2Fv2%2Fmedia&parent=16314"}],"wp:term":[{"taxonomy":"category","embeddable":true,"href":"https:\/\/www.sportchaco.com.ar\/index.php?rest_route=%2Fwp%2Fv2%2Fcategories&post=16314"},{"taxonomy":"post_tag","embeddable":true,"href":"https:\/\/www.sportchaco.com.ar\/index.php?rest_route=%2Fwp%2Fv2%2Ftags&post=16314"}],"curies":[{"name":"wp","href":"https:\/\/api.w.org\/{rel}","templated":true}]}}