{"id":16335,"date":"2025-02-08T22:59:45","date_gmt":"2025-02-09T01:59:45","guid":{"rendered":"https:\/\/www.sportchaco.com.ar\/?p=16335"},"modified":"2025-02-09T01:26:55","modified_gmt":"2025-02-09T04:26:55","slug":"efemerides-del-9-de-febrero-2","status":"publish","type":"post","link":"https:\/\/www.sportchaco.com.ar\/?p=16335","title":{"rendered":"Efem\u00e9rides del 9 de Febrero"},"content":{"rendered":"<div class=\"container fullwidth-entry-title-wrapper\">\n<div class=\"container-wrapper fullwidth-entry-title\">\n<header class=\"entry-header-outer\">\n<div class=\"entry-header\">\n<div class=\"single-post-meta post-meta clearfix\">\n<div class=\"tie-alignright\"><\/div>\n<\/div>\n<\/div>\n<\/header>\n<\/div>\n<\/div>\n<div id=\"content\" class=\"site-content container\">\n<div id=\"main-content-row\" class=\"tie-row main-content-row\">\n<div class=\"main-content tie-col-md-8 tie-col-xs-12\" role=\"main\">\n<article id=\"the-post\" class=\"container-wrapper post-content tie-standard\">\n<div class=\"featured-area\">\n<div class=\"featured-area-inner\">\n<figure class=\"single-featured-image\"><img loading=\"lazy\" decoding=\"async\" class=\"attachment-jannah-image-post size-jannah-image-post wp-post-image\" src=\"https:\/\/www.sportchaco.com.ar\/wp-content\/uploads\/2024\/02\/Vargas-carita-780x470.jpg\" alt=\"\" width=\"780\" height=\"470\" data-main-img=\"1\" \/><\/figure>\n<\/div>\n<\/div>\n<div class=\"entry-content entry clearfix\">\n<p><strong>Esta son las efem\u00e9rides del deporte chaque\u00f1o de un 9 de febrero, del periodista Luis Dar\u00edo Molodezky<\/strong><\/p>\n<p><img loading=\"lazy\" decoding=\"async\" class=\"alignnone size-medium wp-image-16190\" src=\"https:\/\/www.sportchaco.com.ar\/wp-content\/uploads\/2025\/02\/Molodezky-Luis-11-05-24-300x225.jpg\" alt=\"\" width=\"300\" height=\"225\" srcset=\"https:\/\/www.sportchaco.com.ar\/wp-content\/uploads\/2025\/02\/Molodezky-Luis-11-05-24-300x225.jpg 300w, https:\/\/www.sportchaco.com.ar\/wp-content\/uploads\/2025\/02\/Molodezky-Luis-11-05-24-1024x768.jpg 1024w, https:\/\/www.sportchaco.com.ar\/wp-content\/uploads\/2025\/02\/Molodezky-Luis-11-05-24-768x576.jpg 768w, https:\/\/www.sportchaco.com.ar\/wp-content\/uploads\/2025\/02\/Molodezky-Luis-11-05-24-1536x1153.jpg 1536w, https:\/\/www.sportchaco.com.ar\/wp-content\/uploads\/2025\/02\/Molodezky-Luis-11-05-24.jpg 1599w\" sizes=\"auto, (max-width: 300px) 100vw, 300px\" \/><\/p>\n<p>.<\/p>\n<p>&nbsp;<\/p>\n<p><strong>1937\u00a0<\/strong>\/ Tras la renovaci\u00f3n parcial de la CD, Resistencia Central tiene como autoridades a Lorenzo R. Pi\u00f1ero como presidente honorario, Pablo Sorge presidente, vice Gaspar Mart\u00ednez, secretario Jos\u00e9 Carballeira, pro Camilo Yedro, tesorero Luis \u00c1lvarez y pro Gregorio Olbano.<\/p>\n<p>&nbsp;<\/p>\n<p><strong>1979\u00a0<\/strong>\/ Domingo D\u2018El\u00eda retiene el t\u00edtulo Sudamericano de los pesados, al vencer por abandono en el d\u00e9cimo al brasile\u00f1o Faustino Pires. La pelea se desarroll\u00f3 ante una multitud en el estadio de Villa San Mart\u00edn.<\/p>\n<p>&nbsp;<\/p>\n<p><strong>1994\u00a0<\/strong>\/ Fallece el futbolista de Fontana, Sarmiento y de los seleccionados de la Liga Chaque\u00f1a, F\u00e9lix Ren\u00e9 Anchava.<\/p>\n<p>&nbsp;<\/p>\n<p><strong>2018 \/<\/strong>\u00a0Fallece en Resistencia a los 70 a\u00f1os el periodista Oscar Alberto Vargas. Criado en una familia apasionada por el f\u00fatbol (padre \u00e1rbitro y hermanos jugadores). y las dulces rutinas de los barrios. Hab\u00eda nacido el 24 de diciembre de 1947 en Resistencia. Se desempe\u00f1\u00f3 en el Banco Provincia del Chaco SEM durante 13 a\u00f1os y medio y posteriormente en la Secretar\u00eda Electoral Nacional por 9 a\u00f1os. Ingres\u00f3 en NORTE como colaborador de Deportes y luego fue empleado de planta desde el 1 de agosto de 1991 hasta el 30 de septiembre de 2013 cuando se jubil\u00f3. Al mismo tiempo se desempe\u00f1\u00f3 por m\u00e1s de cuarenta a\u00f1os en la Liga Chaque\u00f1a de F\u00fatbol donde ingres\u00f3 en enero de 1972, y en 1994 por iniciativa del presidente de esa \u00e9poca, C\u00e9sar Acu\u00f1a fue promovido a gerente. Jug\u00f3 en todas las inferiores del Club Don Orione, hasta hacerlo en primera durante 3 a\u00f1os, (65, 66 y 67), terminando su carrera en Bancarios.<\/p>\n<p>&nbsp;<\/p>\n<p>&nbsp;<\/p>\n<h5>Foto de Oscar Vargas en la redacci\u00f3n de Norte<\/h5>\n<p>&nbsp;<\/p>\n<\/div>\n<\/article>\n<\/div>\n<\/div>\n<\/div>\n","protected":false},"excerpt":{"rendered":"<p>Esta son las efem\u00e9rides del deporte chaque\u00f1o de un 9 de febrero, del periodista Luis Dar\u00edo Molodezky . &nbsp; 1937\u00a0\/ Tras la renovaci\u00f3n parcial de la CD, Resistencia Central tiene como autoridades a Lorenzo R. Pi\u00f1ero como presidente honorario, Pablo Sorge presidente, vice Gaspar Mart\u00ednez, secretario Jos\u00e9 Carballeira, pro Camilo Yedro, tesorero Luis \u00c1lvarez y &hellip;<\/p>\n","protected":false},"author":2,"featured_media":16336,"comment_status":"open","ping_status":"open","sticky":false,"template":"","format":"standard","meta":{"footnotes":""},"categories":[45,32],"tags":[],"class_list":["post-16335","post","type-post","status-publish","format-standard","has-post-thumbnail","hentry","category-efemerides-dia-por-dia","category-febrero"],"_links":{"self":[{"href":"https:\/\/www.sportchaco.com.ar\/index.php?rest_route=\/wp\/v2\/posts\/16335","targetHints":{"allow":["GET"]}}],"collection":[{"href":"https:\/\/www.sportchaco.com.ar\/index.php?rest_route=\/wp\/v2\/posts"}],"about":[{"href":"https:\/\/www.sportchaco.com.ar\/index.php?rest_route=\/wp\/v2\/types\/post"}],"author":[{"embeddable":true,"href":"https:\/\/www.sportchaco.com.ar\/index.php?rest_route=\/wp\/v2\/users\/2"}],"replies":[{"embeddable":true,"href":"https:\/\/www.sportchaco.com.ar\/index.php?rest_route=%2Fwp%2Fv2%2Fcomments&post=16335"}],"version-history":[{"count":1,"href":"https:\/\/www.sportchaco.com.ar\/index.php?rest_route=\/wp\/v2\/posts\/16335\/revisions"}],"predecessor-version":[{"id":16337,"href":"https:\/\/www.sportchaco.com.ar\/index.php?rest_route=\/wp\/v2\/posts\/16335\/revisions\/16337"}],"wp:featuredmedia":[{"embeddable":true,"href":"https:\/\/www.sportchaco.com.ar\/index.php?rest_route=\/wp\/v2\/media\/16336"}],"wp:attachment":[{"href":"https:\/\/www.sportchaco.com.ar\/index.php?rest_route=%2Fwp%2Fv2%2Fmedia&parent=16335"}],"wp:term":[{"taxonomy":"category","embeddable":true,"href":"https:\/\/www.sportchaco.com.ar\/index.php?rest_route=%2Fwp%2Fv2%2Fcategories&post=16335"},{"taxonomy":"post_tag","embeddable":true,"href":"https:\/\/www.sportchaco.com.ar\/index.php?rest_route=%2Fwp%2Fv2%2Ftags&post=16335"}],"curies":[{"name":"wp","href":"https:\/\/api.w.org\/{rel}","templated":true}]}}