{"id":16349,"date":"2025-02-09T11:44:48","date_gmt":"2025-02-09T14:44:48","guid":{"rendered":"https:\/\/www.sportchaco.com.ar\/?p=16349"},"modified":"2025-02-09T19:02:42","modified_gmt":"2025-02-09T22:02:42","slug":"creacion-de-espacios-ofensivos-con-balon-clinica-de-juniors-cequeira","status":"publish","type":"post","link":"https:\/\/www.sportchaco.com.ar\/?p=16349","title":{"rendered":"Creaci\u00f3n de Espacios Ofensivos con Bal\u00f3n\u201d, cl\u00ednica de Juniors Cequeira"},"content":{"rendered":"<div id=\"right-content\" class=\"relative\">\n<div id=\"content-area\" class=\"left relative\">\n<div id=\"tps_slideContainer_26223\" class=\"theiaPostSlider_slides\">\n<div>\n<p><strong>09-02-2025<\/strong><\/p>\n<p><img loading=\"lazy\" decoding=\"async\" class=\" wp-image-9640 aligncenter\" src=\"https:\/\/www.sportchaco.com.ar\/wp-content\/uploads\/2024\/05\/gob-obras-marzo-apaisado-300x29.gif\" alt=\"\" width=\"362\" height=\"35\" srcset=\"https:\/\/www.sportchaco.com.ar\/wp-content\/uploads\/2024\/05\/gob-obras-marzo-apaisado-300x29.gif 300w, https:\/\/www.sportchaco.com.ar\/wp-content\/uploads\/2024\/05\/gob-obras-marzo-apaisado-768x74.gif 768w\" sizes=\"auto, (max-width: 362px) 100vw, 362px\" \/><\/p>\n<p>En pocos d\u00edas, en Hind\u00fa Club de Resistencia se realizar\u00e1 la Cl\u00ednica \u201cCreaci\u00f3n de Espacios Ofensivos con Bal\u00f3n\u201d, que ser\u00e1 llevada adelante por el ex jugador de caracter nacional y que tambi\u00e9n visti\u00f3 los colores de la Selecci\u00f3n Argentina, Luis \u201cJunior\u201d Cequeira, donde actualmente es entrenador de formativas en Quilmes de Mar del Plata.<\/p>\n<p>\u201cLa idea es tratar temas espec\u00edficos de como crear un espacio desde el dribling en determinadas situaciones de juego, donde hablar\u00edamos sobre la toma de decisiones, definici\u00f3n y manejo de bal\u00f3n\u201d, explic\u00f3 el entrenador \u201cJunior\u201d Cequeira.<\/p>\n<p>Esta movida deportiva de jerarqu\u00eda se realizar\u00e1 en las instalaciones de Hind\u00fa Club de Resistencia, los d\u00edas 15, 16 y 17 de febrero, en jornadas de doble turno. El mismo est\u00e1 dirigido a jugadores de todos los clubes, para categor\u00edas formativas.<\/p>\n<p>\u201cSer\u00e1n m\u00f3dulos de 75 minutos de entrenamiento por la ma\u00f1ana y otro m\u00f3dulo por la tarde, teniendo la idea es dar por finalizada la Cl\u00ednica mediante competencias, juegos y una charla final que pueda involucrar a los padres tambi\u00e9n\u201d, remarc\u00f3 Cequeira.<\/p>\n<p>\u201cVamos a darles a los jugadores un abanico de herramientas a los chicos y que cada uno pueda resolver un poco la situaci\u00f3n de juego, tener ese ida y vuelta tanto con los chicos como con los entrenadores de lo que respecta al b\u00e1squet\u201d, puntualiz\u00f3.<\/p>\n<p>\u201cMi intenci\u00f3n es colaborar o participar con el nombre de mi Academia JR10 y dando una iniciativa que tengo en esta nueva etapa de mi vida\u201d, finaliz\u00f3.<a href=\"https:\/\/baskettotal.com.ar\/wp-content\/uploads\/2025\/02\/hhh.jpg\"><img loading=\"lazy\" decoding=\"async\" class=\"lazy wp-image-26226 lazy-loaded aligncenter\" src=\"https:\/\/baskettotal.com.ar\/wp-content\/uploads\/2025\/02\/hhh.jpg\" sizes=\"auto, (max-width: 425px) 100vw, 425px\" srcset=\"https:\/\/baskettotal.com.ar\/wp-content\/uploads\/2025\/02\/hhh.jpg 425w, https:\/\/baskettotal.com.ar\/wp-content\/uploads\/2025\/02\/hhh-163x300.jpg 163w\" alt=\"\" width=\"425\" height=\"780\" data-lazy-type=\"image\" data-lazy-src=\"https:\/\/baskettotal.com.ar\/wp-content\/uploads\/2025\/02\/hhh.jpg\" data-lazy-srcset=\"https:\/\/baskettotal.com.ar\/wp-content\/uploads\/2025\/02\/hhh.jpg 425w, https:\/\/baskettotal.com.ar\/wp-content\/uploads\/2025\/02\/hhh-163x300.jpg 163w\" data-lazy-sizes=\"(max-width: 425px) 100vw, 425px\" \/><\/a><\/p>\n<p><strong>LUIS \u201cJUNIOR\u201d CEQUEIRA<br \/>\n<\/strong>R\u00e1pidamente, luego de su decisi\u00f3n de dejar de jugar al b\u00e1squet de manera profesional, Luis \u201cJunior\u201d Cequeira se uni\u00f3 al staff de entrenadores del b\u00e1squet formativo del Club Quilmes de Mar del Plata, instituci\u00f3n a la que sigue ligada tanto emocional como laboralmente. Asimismo, la entidad \u201ccervecera\u00bb anunci\u00f3 que el ex base se sumar\u00e1 como entrenador en las categor\u00edas U17 y U19 en el presente a\u00f1o.<\/p>\n<p>Vale resaltar que Cequeira fue un basquetbolista profesional argentino (chaque\u00f1o m\u00e1s precisamente) que en sus \u00faltimos pasos jug\u00f3 para Quilmes MdP en la Liga Argentina. Adem\u00e1s, tambi\u00e9n para resaltar, fue parte del plantel de la Selecci\u00f3n Argentina que disput\u00f3 la Copa Mundial 2010 en Turqu\u00eda.<\/p>\n<figure class=\"wp-block-image size-large\"><a href=\"https:\/\/baskettotal.com.ar\/wp-content\/uploads\/2025\/02\/CEQUEIRA-2-1.jpg\"><img loading=\"lazy\" decoding=\"async\" class=\"lazy wp-image-26227 lazy-loaded\" src=\"https:\/\/baskettotal.com.ar\/wp-content\/uploads\/2025\/02\/CEQUEIRA-2-1-1024x682.jpg\" sizes=\"auto, (max-width: 1024px) 100vw, 1024px\" srcset=\"https:\/\/baskettotal.com.ar\/wp-content\/uploads\/2025\/02\/CEQUEIRA-2-1-1024x682.jpg 1024w, https:\/\/baskettotal.com.ar\/wp-content\/uploads\/2025\/02\/CEQUEIRA-2-1-300x200.jpg 300w, https:\/\/baskettotal.com.ar\/wp-content\/uploads\/2025\/02\/CEQUEIRA-2-1-768x512.jpg 768w, https:\/\/baskettotal.com.ar\/wp-content\/uploads\/2025\/02\/CEQUEIRA-2-1.jpg 1040w\" alt=\"\" width=\"1024\" height=\"682\" data-lazy-type=\"image\" data-lazy-src=\"https:\/\/baskettotal.com.ar\/wp-content\/uploads\/2025\/02\/CEQUEIRA-2-1-1024x682.jpg\" data-lazy-srcset=\"https:\/\/baskettotal.com.ar\/wp-content\/uploads\/2025\/02\/CEQUEIRA-2-1-1024x682.jpg 1024w, https:\/\/baskettotal.com.ar\/wp-content\/uploads\/2025\/02\/CEQUEIRA-2-1-300x200.jpg 300w, https:\/\/baskettotal.com.ar\/wp-content\/uploads\/2025\/02\/CEQUEIRA-2-1-768x512.jpg 768w, https:\/\/baskettotal.com.ar\/wp-content\/uploads\/2025\/02\/CEQUEIRA-2-1.jpg 1040w\" data-lazy-sizes=\"(max-width: 1024px) 100vw, 1024px\" \/><\/a><\/figure>\n<p><strong>A TENER EN CUENTA<br \/>\n<\/strong>Los jugadores interesados en participar de esta Cl\u00ednica que promete ser colmada de aprendizaje basquetbol\u00edstico, pueden comunicarse al 2236815599, o tambi\u00e9n acercarse a la administraci\u00f3n de Hind\u00fa Club.<\/p>\n<\/div>\n<p><img loading=\"lazy\" decoding=\"async\" class=\" wp-image-16112 aligncenter\" src=\"https:\/\/www.sportchaco.com.ar\/wp-content\/uploads\/2025\/01\/Salud-Comida-en-Hospitales-200x200-1.gif\" alt=\"\" width=\"233\" height=\"233\" \/><\/p>\n<\/div>\n<\/div>\n<\/div>\n","protected":false},"excerpt":{"rendered":"<p>09-02-2025 En pocos d\u00edas, en Hind\u00fa Club de Resistencia se realizar\u00e1 la Cl\u00ednica \u201cCreaci\u00f3n de Espacios Ofensivos con Bal\u00f3n\u201d, que ser\u00e1 llevada adelante por el ex jugador de caracter nacional y que tambi\u00e9n visti\u00f3 los colores de la Selecci\u00f3n Argentina, Luis \u201cJunior\u201d Cequeira, donde actualmente es entrenador de formativas en Quilmes de Mar del Plata. &hellip;<\/p>\n","protected":false},"author":2,"featured_media":16350,"comment_status":"open","ping_status":"open","sticky":false,"template":"","format":"standard","meta":{"footnotes":""},"categories":[3],"tags":[],"class_list":["post-16349","post","type-post","status-publish","format-standard","has-post-thumbnail","hentry","category-basquetbol"],"_links":{"self":[{"href":"https:\/\/www.sportchaco.com.ar\/index.php?rest_route=\/wp\/v2\/posts\/16349","targetHints":{"allow":["GET"]}}],"collection":[{"href":"https:\/\/www.sportchaco.com.ar\/index.php?rest_route=\/wp\/v2\/posts"}],"about":[{"href":"https:\/\/www.sportchaco.com.ar\/index.php?rest_route=\/wp\/v2\/types\/post"}],"author":[{"embeddable":true,"href":"https:\/\/www.sportchaco.com.ar\/index.php?rest_route=\/wp\/v2\/users\/2"}],"replies":[{"embeddable":true,"href":"https:\/\/www.sportchaco.com.ar\/index.php?rest_route=%2Fwp%2Fv2%2Fcomments&post=16349"}],"version-history":[{"count":3,"href":"https:\/\/www.sportchaco.com.ar\/index.php?rest_route=\/wp\/v2\/posts\/16349\/revisions"}],"predecessor-version":[{"id":16355,"href":"https:\/\/www.sportchaco.com.ar\/index.php?rest_route=\/wp\/v2\/posts\/16349\/revisions\/16355"}],"wp:featuredmedia":[{"embeddable":true,"href":"https:\/\/www.sportchaco.com.ar\/index.php?rest_route=\/wp\/v2\/media\/16350"}],"wp:attachment":[{"href":"https:\/\/www.sportchaco.com.ar\/index.php?rest_route=%2Fwp%2Fv2%2Fmedia&parent=16349"}],"wp:term":[{"taxonomy":"category","embeddable":true,"href":"https:\/\/www.sportchaco.com.ar\/index.php?rest_route=%2Fwp%2Fv2%2Fcategories&post=16349"},{"taxonomy":"post_tag","embeddable":true,"href":"https:\/\/www.sportchaco.com.ar\/index.php?rest_route=%2Fwp%2Fv2%2Ftags&post=16349"}],"curies":[{"name":"wp","href":"https:\/\/api.w.org\/{rel}","templated":true}]}}