{"id":16363,"date":"2025-02-09T22:23:10","date_gmt":"2025-02-10T01:23:10","guid":{"rendered":"https:\/\/www.sportchaco.com.ar\/?p=16363"},"modified":"2025-02-09T22:23:10","modified_gmt":"2025-02-10T01:23:10","slug":"lautaro-moreau-regreso-a-cultural-de-sylvina","status":"publish","type":"post","link":"https:\/\/www.sportchaco.com.ar\/?p=16363","title":{"rendered":"Lautaro Moreau regres\u00f3 a Cultural de Sylvina"},"content":{"rendered":"<p><strong>09-02-2025<\/strong><\/p>\n<p><img loading=\"lazy\" decoding=\"async\" class=\" wp-image-9639 aligncenter\" src=\"https:\/\/www.sportchaco.com.ar\/wp-content\/uploads\/2024\/05\/gob-salud-apaisado-marzo-300x37.gif\" alt=\"\" width=\"357\" height=\"44\" \/><\/p>\n<p>En las \u00faltimas horas, Cultural de Santa Sylvina confirm\u00f3 el fichaje de Lautaro Moreau, jugador que se desempe\u00f1a en la posici\u00f3n de 3 (alero), con 23 a\u00f1os de edad y mide 1,96 metros. La \u00faltima vez que jug\u00f3 el el elenco sylvinense fue en 2023, disputado aquel Pre\u2013Federal y La Liga Federal.<\/p>\n<p>\u201cRegreso a este club con las expectativas de tener una gran temporada, confiando plenamente en el equipo y en todo el potencial que puede dar\u201d, fueron las primeras palabras del perimetral jugador que viene de Regatas Resistencia jugando a un gran nivel.<\/p>\n<p>Con respecto al equipo, Cultural presenta un equipo muy interesante, teniendo a Lautaro Arold, Alan Popler, la experiencia de Aldo Stacul y Lautaro Ayala desde la conducci\u00f3n, dentro de un equipo intenso e interesante. Al respecto, el alero de Resistencia afirm\u00f3 \u201cconocer a todos y con toda la confianza de hacer bien las cosas\u201d.<\/p>\n<p>\u201cEspero competir y seguir mejorando como jugador; estoy muy confiado para esta temporada\u201d, finaliz\u00f3.<\/p>\n<p><img loading=\"lazy\" decoding=\"async\" class=\" wp-image-9489 aligncenter\" src=\"https:\/\/www.sportchaco.com.ar\/wp-content\/uploads\/2024\/05\/gob-sube-marzo-24-2-300x300.jpeg\" alt=\"\" width=\"342\" height=\"342\" srcset=\"https:\/\/www.sportchaco.com.ar\/wp-content\/uploads\/2024\/05\/gob-sube-marzo-24-2-300x300.jpeg 300w, https:\/\/www.sportchaco.com.ar\/wp-content\/uploads\/2024\/05\/gob-sube-marzo-24-2-1024x1024.jpeg 1024w, https:\/\/www.sportchaco.com.ar\/wp-content\/uploads\/2024\/05\/gob-sube-marzo-24-2-150x150.jpeg 150w, https:\/\/www.sportchaco.com.ar\/wp-content\/uploads\/2024\/05\/gob-sube-marzo-24-2-768x768.jpeg 768w, https:\/\/www.sportchaco.com.ar\/wp-content\/uploads\/2024\/05\/gob-sube-marzo-24-2.jpeg 1080w\" sizes=\"auto, (max-width: 342px) 100vw, 342px\" \/><\/p>\n","protected":false},"excerpt":{"rendered":"<p>09-02-2025 En las \u00faltimas horas, Cultural de Santa Sylvina confirm\u00f3 el fichaje de Lautaro Moreau, jugador que se desempe\u00f1a en la posici\u00f3n de 3 (alero), con 23 a\u00f1os de edad y mide 1,96 metros. La \u00faltima vez que jug\u00f3 el el elenco sylvinense fue en 2023, disputado aquel Pre\u2013Federal y La Liga Federal. \u201cRegreso a &hellip;<\/p>\n","protected":false},"author":3,"featured_media":16364,"comment_status":"open","ping_status":"open","sticky":false,"template":"","format":"standard","meta":{"footnotes":""},"categories":[3],"tags":[],"class_list":["post-16363","post","type-post","status-publish","format-standard","has-post-thumbnail","hentry","category-basquetbol"],"_links":{"self":[{"href":"https:\/\/www.sportchaco.com.ar\/index.php?rest_route=\/wp\/v2\/posts\/16363","targetHints":{"allow":["GET"]}}],"collection":[{"href":"https:\/\/www.sportchaco.com.ar\/index.php?rest_route=\/wp\/v2\/posts"}],"about":[{"href":"https:\/\/www.sportchaco.com.ar\/index.php?rest_route=\/wp\/v2\/types\/post"}],"author":[{"embeddable":true,"href":"https:\/\/www.sportchaco.com.ar\/index.php?rest_route=\/wp\/v2\/users\/3"}],"replies":[{"embeddable":true,"href":"https:\/\/www.sportchaco.com.ar\/index.php?rest_route=%2Fwp%2Fv2%2Fcomments&post=16363"}],"version-history":[{"count":1,"href":"https:\/\/www.sportchaco.com.ar\/index.php?rest_route=\/wp\/v2\/posts\/16363\/revisions"}],"predecessor-version":[{"id":16365,"href":"https:\/\/www.sportchaco.com.ar\/index.php?rest_route=\/wp\/v2\/posts\/16363\/revisions\/16365"}],"wp:featuredmedia":[{"embeddable":true,"href":"https:\/\/www.sportchaco.com.ar\/index.php?rest_route=\/wp\/v2\/media\/16364"}],"wp:attachment":[{"href":"https:\/\/www.sportchaco.com.ar\/index.php?rest_route=%2Fwp%2Fv2%2Fmedia&parent=16363"}],"wp:term":[{"taxonomy":"category","embeddable":true,"href":"https:\/\/www.sportchaco.com.ar\/index.php?rest_route=%2Fwp%2Fv2%2Fcategories&post=16363"},{"taxonomy":"post_tag","embeddable":true,"href":"https:\/\/www.sportchaco.com.ar\/index.php?rest_route=%2Fwp%2Fv2%2Ftags&post=16363"}],"curies":[{"name":"wp","href":"https:\/\/api.w.org\/{rel}","templated":true}]}}