{"id":16366,"date":"2025-02-10T00:06:52","date_gmt":"2025-02-10T03:06:52","guid":{"rendered":"https:\/\/www.sportchaco.com.ar\/?p=16366"},"modified":"2025-02-10T00:06:52","modified_gmt":"2025-02-10T03:06:52","slug":"luis-cequeira-dio-las-razones-y-motivos-del-si-de-hindu-a-la-liga-federal-de-basquet","status":"publish","type":"post","link":"https:\/\/www.sportchaco.com.ar\/?p=16366","title":{"rendered":"Luis Cequeira dio las razones y motivos del \u00abs\u00ed\u00bb de Hind\u00fa a La Liga Federal de B\u00e1squet"},"content":{"rendered":"<p><strong>10-02-2025<\/strong><\/p>\n<p><img loading=\"lazy\" decoding=\"async\" class=\" wp-image-6631 aligncenter\" src=\"https:\/\/www.sportchaco.com.ar\/wp-content\/uploads\/2024\/03\/aviso-Impulsamos-turismo-300x31.jpg\" alt=\"\" width=\"339\" height=\"35\" srcset=\"https:\/\/www.sportchaco.com.ar\/wp-content\/uploads\/2024\/03\/aviso-Impulsamos-turismo-300x31.jpg 300w, https:\/\/www.sportchaco.com.ar\/wp-content\/uploads\/2024\/03\/aviso-Impulsamos-turismo-1024x106.jpg 1024w, https:\/\/www.sportchaco.com.ar\/wp-content\/uploads\/2024\/03\/aviso-Impulsamos-turismo-768x79.jpg 768w, https:\/\/www.sportchaco.com.ar\/wp-content\/uploads\/2024\/03\/aviso-Impulsamos-turismo.jpg 1366w\" sizes=\"auto, (max-width: 339px) 100vw, 339px\" \/><\/p>\n<p>Luis Cequeira, titular de Hind\u00fa Club, dio a conocer en un comunicado los motivos y las razones que llevaron al \u00abb\u00f3lido verde\u00bb a participar finalmente de La Liga Federal de B\u00e1squet en su edici\u00f3n 2025.<\/p>\n<p>Anteriormente ya hab\u00edan confirmado su participaci\u00f3n H\u00e9rcules de Charata y Cultural de Santa Sylvina. El que se dio de baja definitivamente fue Regatas Resistencia, con lo cual el Chaco tendr\u00e1 tres participantes esta temporada.<\/p>\n<p><strong>POR LUIS CEQUEIRA<\/strong><br \/>\n<strong>PRESIDENTE DE HIND\u00da CLUB<\/strong><\/p>\n<p>Nuestra participaci\u00f3n a La Liga Federal 2025 se hizo esperar porque como dije en todos los medios, la decisi\u00f3n de contar con la rama femenina de b\u00e1squet lo deb\u00eda analizar y aprobar o no la comisi\u00f3n directiva del club. El mayor inconveniente que tenemos y lo hicimos p\u00fablico es el espacio f\u00edsico y los tiempos para sumar U11 y U13 femenino.<\/p>\n<p>Esto era algo que lo ven\u00edamos debatiendo los dirigentes y en la reuni\u00f3n del pasado 6 de febrero aprobamos en comisi\u00f3n directiva incorporar la rama femenina como una actividad m\u00e1s del club y comenzar a trabajar a tal efecto, pensando estar en regla con los requisitos solicitados por la Confederaci\u00f3n Argentina de B\u00e1squet (CAB) para una futura clasificaci\u00f3n a la Liga Federal 2026.<\/p>\n<p>Pero cre\u00edmos conveniente para la instituci\u00f3n aprovechar la pr\u00f3rroga dispuesta por la CAB para incorporar en el GES a ambas categor\u00edas hasta el 31 de marzo, dado que esto nos da margen como para lanzar una campa\u00f1a ahora y en marzo con el comienzo de las clases en las escuelas, gimnasios, etc. y desarrollar una estructura en principio acotada para las nenas hasta que contemos con la nueva cancha de b\u00e1squet.<\/p>\n<p>Asimismo y a pesar de haber perdido a dos hijos del club, a quienes les vamos a estar siempre agradecidos y les deseamos lo mejor como lo son Juan Del\u00f3n y \u00c1lvaro Ghidini, aprovechamos tambi\u00e9n la pr\u00f3rroga para la inscripci\u00f3n a la Liga Federal y en la misma reuni\u00f3n aprobamos la inscripci\u00f3n a la misma; no nos olvidemos que pertenecemos a la CAB hace muchos a\u00f1os, donde muchas veces y como en la vida misma tenemos idas y vueltas, que somos los actuales campeones del Pre-Federal del Chaco y nos costaba mucho aceptar quedar afuera.<\/p>\n<p>Gracias a Dios las pr\u00f3rrogas nos favorecieron y por sobre todas las cosas es bueno destacar que cuando impera el sentido com\u00fan y el objetivo final es el mismo, en alg\u00fan punto nos terminamos encontrando con la entidad madre del b\u00e1squet Argentino.<\/p>\n<p>Para finalizar, contarles que en este momento nos encontramos abocados a la conformaci\u00f3n del plantel que nos representar\u00e1 en La Liga Federal 2025.<\/p>\n<p><img loading=\"lazy\" decoding=\"async\" class=\" wp-image-11325 aligncenter\" src=\"https:\/\/www.sportchaco.com.ar\/wp-content\/uploads\/2024\/07\/Mosquitos-300x300.jpg\" alt=\"\" width=\"324\" height=\"324\" srcset=\"https:\/\/www.sportchaco.com.ar\/wp-content\/uploads\/2024\/07\/Mosquitos-300x300.jpg 300w, https:\/\/www.sportchaco.com.ar\/wp-content\/uploads\/2024\/07\/Mosquitos-1024x1024.jpg 1024w, https:\/\/www.sportchaco.com.ar\/wp-content\/uploads\/2024\/07\/Mosquitos-150x150.jpg 150w, https:\/\/www.sportchaco.com.ar\/wp-content\/uploads\/2024\/07\/Mosquitos-768x768.jpg 768w, https:\/\/www.sportchaco.com.ar\/wp-content\/uploads\/2024\/07\/Mosquitos.jpg 1440w\" sizes=\"auto, (max-width: 324px) 100vw, 324px\" \/><\/p>\n","protected":false},"excerpt":{"rendered":"<p>10-02-2025 Luis Cequeira, titular de Hind\u00fa Club, dio a conocer en un comunicado los motivos y las razones que llevaron al \u00abb\u00f3lido verde\u00bb a participar finalmente de La Liga Federal de B\u00e1squet en su edici\u00f3n 2025. Anteriormente ya hab\u00edan confirmado su participaci\u00f3n H\u00e9rcules de Charata y Cultural de Santa Sylvina. El que se dio de &hellip;<\/p>\n","protected":false},"author":3,"featured_media":16367,"comment_status":"open","ping_status":"open","sticky":false,"template":"","format":"standard","meta":{"footnotes":""},"categories":[3],"tags":[],"class_list":["post-16366","post","type-post","status-publish","format-standard","has-post-thumbnail","hentry","category-basquetbol"],"_links":{"self":[{"href":"https:\/\/www.sportchaco.com.ar\/index.php?rest_route=\/wp\/v2\/posts\/16366","targetHints":{"allow":["GET"]}}],"collection":[{"href":"https:\/\/www.sportchaco.com.ar\/index.php?rest_route=\/wp\/v2\/posts"}],"about":[{"href":"https:\/\/www.sportchaco.com.ar\/index.php?rest_route=\/wp\/v2\/types\/post"}],"author":[{"embeddable":true,"href":"https:\/\/www.sportchaco.com.ar\/index.php?rest_route=\/wp\/v2\/users\/3"}],"replies":[{"embeddable":true,"href":"https:\/\/www.sportchaco.com.ar\/index.php?rest_route=%2Fwp%2Fv2%2Fcomments&post=16366"}],"version-history":[{"count":1,"href":"https:\/\/www.sportchaco.com.ar\/index.php?rest_route=\/wp\/v2\/posts\/16366\/revisions"}],"predecessor-version":[{"id":16368,"href":"https:\/\/www.sportchaco.com.ar\/index.php?rest_route=\/wp\/v2\/posts\/16366\/revisions\/16368"}],"wp:featuredmedia":[{"embeddable":true,"href":"https:\/\/www.sportchaco.com.ar\/index.php?rest_route=\/wp\/v2\/media\/16367"}],"wp:attachment":[{"href":"https:\/\/www.sportchaco.com.ar\/index.php?rest_route=%2Fwp%2Fv2%2Fmedia&parent=16366"}],"wp:term":[{"taxonomy":"category","embeddable":true,"href":"https:\/\/www.sportchaco.com.ar\/index.php?rest_route=%2Fwp%2Fv2%2Fcategories&post=16366"},{"taxonomy":"post_tag","embeddable":true,"href":"https:\/\/www.sportchaco.com.ar\/index.php?rest_route=%2Fwp%2Fv2%2Ftags&post=16366"}],"curies":[{"name":"wp","href":"https:\/\/api.w.org\/{rel}","templated":true}]}}