{"id":16369,"date":"2025-02-10T00:07:39","date_gmt":"2025-02-10T03:07:39","guid":{"rendered":"https:\/\/www.sportchaco.com.ar\/?p=16369"},"modified":"2025-02-10T00:07:39","modified_gmt":"2025-02-10T03:07:39","slug":"alvaro-ghidini-deja-hindu-y-se-suma-a-cultural","status":"publish","type":"post","link":"https:\/\/www.sportchaco.com.ar\/?p=16369","title":{"rendered":"\u00c1lvaro Ghidini deja Hind\u00fa y se suma a Cultural"},"content":{"rendered":"<p><strong>10-02-2025<\/strong><\/p>\n<p><img loading=\"lazy\" decoding=\"async\" class=\" wp-image-9468 aligncenter\" src=\"https:\/\/www.sportchaco.com.ar\/wp-content\/uploads\/2024\/05\/Nachec-728x90-2-300x37.gif\" alt=\"\" width=\"357\" height=\"44\" \/><\/p>\n<p>En las \u00faltimas horas, Cultural de Santa Sylvina confirm\u00f3 la llegada del base \u00c1lvaro Ghidini, quien viene de salir campe\u00f3n con Hind\u00fa en el Pre\u2013Federal 2024, para la temporada 2025 de La Liga Federal de B\u00e1squet (LFB).<\/p>\n<p>De esta manera, los dirigidos por Fabio Vi\u00f1etta no dejan dudas de la fuerte apuesta del equipo para esta temporada, teniendo tambi\u00e9n en las \u00faltimas horas la confirmaci\u00f3n del perimetral Lautaro Moreau.<\/p>\n<p>\u00c1lvaro Ghidini, es un base talentoso, acostumbrado a cortar redes con Hind\u00fa Club, instituci\u00f3n que lo vio nacer y que es hincha. Tiene 26 a\u00f1os, mide 1.86 metros y aporta un gran goleo.<\/p>\n<p>\u00abLlego a un equipo s\u00f3lido que la mayor\u00eda de jugadores vienen teniendo mucho rodaje juntos, as\u00ed que voy con las expectativas altas y tratar\u00e9 de adaptarme lo m\u00e1s r\u00e1pido posible a ellos y a sumar de mi parte todo lo que necesite el equipo y lo que pida el entrenador Fabio Vi\u00f1etta\u00bb, fueron las primeras palabras de la flamante incorporaci\u00f3n de Cultural de Santa Sylvina.<\/p>\n<p>\u00abEl objetivo principal es competir de igual a igual a los otros equipos e intentar dejar a la instituci\u00f3n lo m\u00e1s arriba posible; en lo personal sumar m\u00e1s rodaje, adquirir experiencia y tratar de aportar algo al equipo\u00bb, finaliz\u00f3 Ghidini.<\/p>\n<p><img loading=\"lazy\" decoding=\"async\" class=\" wp-image-9671 aligncenter\" src=\"https:\/\/www.sportchaco.com.ar\/wp-content\/uploads\/2024\/05\/Nachec1-200x200-1.gif\" alt=\"\" width=\"241\" height=\"241\" \/><\/p>\n","protected":false},"excerpt":{"rendered":"<p>10-02-2025 En las \u00faltimas horas, Cultural de Santa Sylvina confirm\u00f3 la llegada del base \u00c1lvaro Ghidini, quien viene de salir campe\u00f3n con Hind\u00fa en el Pre\u2013Federal 2024, para la temporada 2025 de La Liga Federal de B\u00e1squet (LFB). De esta manera, los dirigidos por Fabio Vi\u00f1etta no dejan dudas de la fuerte apuesta del equipo &hellip;<\/p>\n","protected":false},"author":3,"featured_media":11423,"comment_status":"open","ping_status":"open","sticky":false,"template":"","format":"standard","meta":{"footnotes":""},"categories":[3],"tags":[],"class_list":["post-16369","post","type-post","status-publish","format-standard","has-post-thumbnail","hentry","category-basquetbol"],"_links":{"self":[{"href":"https:\/\/www.sportchaco.com.ar\/index.php?rest_route=\/wp\/v2\/posts\/16369","targetHints":{"allow":["GET"]}}],"collection":[{"href":"https:\/\/www.sportchaco.com.ar\/index.php?rest_route=\/wp\/v2\/posts"}],"about":[{"href":"https:\/\/www.sportchaco.com.ar\/index.php?rest_route=\/wp\/v2\/types\/post"}],"author":[{"embeddable":true,"href":"https:\/\/www.sportchaco.com.ar\/index.php?rest_route=\/wp\/v2\/users\/3"}],"replies":[{"embeddable":true,"href":"https:\/\/www.sportchaco.com.ar\/index.php?rest_route=%2Fwp%2Fv2%2Fcomments&post=16369"}],"version-history":[{"count":1,"href":"https:\/\/www.sportchaco.com.ar\/index.php?rest_route=\/wp\/v2\/posts\/16369\/revisions"}],"predecessor-version":[{"id":16370,"href":"https:\/\/www.sportchaco.com.ar\/index.php?rest_route=\/wp\/v2\/posts\/16369\/revisions\/16370"}],"wp:featuredmedia":[{"embeddable":true,"href":"https:\/\/www.sportchaco.com.ar\/index.php?rest_route=\/wp\/v2\/media\/11423"}],"wp:attachment":[{"href":"https:\/\/www.sportchaco.com.ar\/index.php?rest_route=%2Fwp%2Fv2%2Fmedia&parent=16369"}],"wp:term":[{"taxonomy":"category","embeddable":true,"href":"https:\/\/www.sportchaco.com.ar\/index.php?rest_route=%2Fwp%2Fv2%2Fcategories&post=16369"},{"taxonomy":"post_tag","embeddable":true,"href":"https:\/\/www.sportchaco.com.ar\/index.php?rest_route=%2Fwp%2Fv2%2Ftags&post=16369"}],"curies":[{"name":"wp","href":"https:\/\/api.w.org\/{rel}","templated":true}]}}