{"id":16373,"date":"2025-02-10T12:22:01","date_gmt":"2025-02-10T15:22:01","guid":{"rendered":"https:\/\/www.sportchaco.com.ar\/?p=16373"},"modified":"2025-02-10T12:22:01","modified_gmt":"2025-02-10T15:22:01","slug":"hercules-continua-de-pretemporada-y-asoman-los-primeros-amistosos","status":"publish","type":"post","link":"https:\/\/www.sportchaco.com.ar\/?p=16373","title":{"rendered":"H\u00e9rcules contin\u00faa de pretemporada y asoman los primeros amistosos"},"content":{"rendered":"<p><strong>10-02-2025<\/strong><\/p>\n<p><img loading=\"lazy\" decoding=\"async\" class=\" wp-image-11424 aligncenter\" src=\"https:\/\/www.sportchaco.com.ar\/wp-content\/uploads\/2024\/07\/gob-salud-fijo-marzo-300x50.jpg\" alt=\"\" width=\"372\" height=\"62\" srcset=\"https:\/\/www.sportchaco.com.ar\/wp-content\/uploads\/2024\/07\/gob-salud-fijo-marzo-300x50.jpg 300w, https:\/\/www.sportchaco.com.ar\/wp-content\/uploads\/2024\/07\/gob-salud-fijo-marzo-1024x171.jpg 1024w, https:\/\/www.sportchaco.com.ar\/wp-content\/uploads\/2024\/07\/gob-salud-fijo-marzo-768x128.jpg 768w, https:\/\/www.sportchaco.com.ar\/wp-content\/uploads\/2024\/07\/gob-salud-fijo-marzo.jpg 1200w\" sizes=\"auto, (max-width: 372px) 100vw, 372px\" \/><\/p>\n<p>Continuando con los trabajos de pretemporada, H\u00e9rcules de Charata atraviesa su tercera semana de pretemporada, teniendo jornadas de doble turno con trabajos t\u00e1cticos y por supuesto f\u00edsicos, buscando la puesta a punto para llegar de la mejor manera al inicio de la temporada 2025 de la Liga Federal.<\/p>\n<p>\u201cSeguimos trabajando a doble turno, sobre todo para poder empezar a trabajar algunas cuestiones t\u00e1cticas, tanto defensiva como en ofensiva, haciendo hincapi\u00e9 en estas cuestiones\u201d, remarc\u00f3 el entrenador principal, Mauro Aleckzandrowicz.<\/p>\n<figure class=\"wp-block-gallery has-nested-images columns-default is-cropped wp-block-gallery-1 is-layout-flex wp-block-gallery-is-layout-flex\">\n<figure class=\"wp-block-image size-large\"><a href=\"https:\/\/baskettotal.com.ar\/wp-content\/uploads\/2025\/02\/1000022822-1.jpg\"><img loading=\"lazy\" decoding=\"async\" class=\"lazy wp-image-26261 lazy-loaded\" src=\"https:\/\/baskettotal.com.ar\/wp-content\/uploads\/2025\/02\/1000022822-1.jpg\" sizes=\"auto, (max-width: 720px) 100vw, 720px\" srcset=\"https:\/\/baskettotal.com.ar\/wp-content\/uploads\/2025\/02\/1000022822-1.jpg 720w, https:\/\/baskettotal.com.ar\/wp-content\/uploads\/2025\/02\/1000022822-1-300x151.jpg 300w\" alt=\"\" width=\"720\" height=\"362\" data-id=\"26261\" data-lazy-type=\"image\" data-lazy-src=\"https:\/\/baskettotal.com.ar\/wp-content\/uploads\/2025\/02\/1000022822-1.jpg\" data-lazy-srcset=\"https:\/\/baskettotal.com.ar\/wp-content\/uploads\/2025\/02\/1000022822-1.jpg 720w, https:\/\/baskettotal.com.ar\/wp-content\/uploads\/2025\/02\/1000022822-1-300x151.jpg 300w\" data-lazy-sizes=\"(max-width: 720px) 100vw, 720px\" \/><\/a><\/figure>\n<\/figure>\n<p>Con respecto al equipo que se encuentra entrenando, las fichas confirmadas, donde hay que resaltar la continuidad de Gabriel Frencia, David Reynoso, Gonzalo Ger\u00e9z, Cristian Aguilar, Carlos Carrocino, Marino Frontalini y Jorge Maluk (Mayores); Ignacio Torrente, Nicol\u00e1s Alisio, Gabriel Campoya y Federico Cativa (U21); Facundo Pereira e Ian Zain (U19).<\/p>\n<p>Actualmente, la zona NEA de la temporada 2025 de la Liga Federal, est\u00e1 confirmada por los equipos de H\u00e9rcules, Cultural de Santa Sylvina e Hind\u00fa (Chaco); San Mart\u00edn de Curuz\u00fa Cuati\u00e1, AMAD de Goya y San Lorenzo de Monte Caseros (Corrientes); Tokio, Mitre y CAPRI (Misiones) y Sarmiento de Formosa (Formosa).<\/p>\n<p>\u201cEstamos viendo la posibilidad de que la semana que viene podamos encontrar un equipo para jugar un amistoso y empezar a movernos, ya que lo necesitamos\u201d, finaliz\u00f3.<\/p>\n<p><img loading=\"lazy\" decoding=\"async\" class=\" wp-image-11197 aligncenter\" src=\"https:\/\/www.sportchaco.com.ar\/wp-content\/uploads\/2024\/07\/Mosquitos-3-300x300.jpg\" alt=\"\" width=\"323\" height=\"323\" srcset=\"https:\/\/www.sportchaco.com.ar\/wp-content\/uploads\/2024\/07\/Mosquitos-3-300x300.jpg 300w, https:\/\/www.sportchaco.com.ar\/wp-content\/uploads\/2024\/07\/Mosquitos-3-1024x1024.jpg 1024w, https:\/\/www.sportchaco.com.ar\/wp-content\/uploads\/2024\/07\/Mosquitos-3-150x150.jpg 150w, https:\/\/www.sportchaco.com.ar\/wp-content\/uploads\/2024\/07\/Mosquitos-3-768x768.jpg 768w, https:\/\/www.sportchaco.com.ar\/wp-content\/uploads\/2024\/07\/Mosquitos-3.jpg 1440w\" sizes=\"auto, (max-width: 323px) 100vw, 323px\" \/><\/p>\n","protected":false},"excerpt":{"rendered":"<p>10-02-2025 Continuando con los trabajos de pretemporada, H\u00e9rcules de Charata atraviesa su tercera semana de pretemporada, teniendo jornadas de doble turno con trabajos t\u00e1cticos y por supuesto f\u00edsicos, buscando la puesta a punto para llegar de la mejor manera al inicio de la temporada 2025 de la Liga Federal. \u201cSeguimos trabajando a doble turno, sobre &hellip;<\/p>\n","protected":false},"author":3,"featured_media":16374,"comment_status":"open","ping_status":"open","sticky":false,"template":"","format":"standard","meta":{"footnotes":""},"categories":[3],"tags":[],"class_list":["post-16373","post","type-post","status-publish","format-standard","has-post-thumbnail","hentry","category-basquetbol"],"_links":{"self":[{"href":"https:\/\/www.sportchaco.com.ar\/index.php?rest_route=\/wp\/v2\/posts\/16373","targetHints":{"allow":["GET"]}}],"collection":[{"href":"https:\/\/www.sportchaco.com.ar\/index.php?rest_route=\/wp\/v2\/posts"}],"about":[{"href":"https:\/\/www.sportchaco.com.ar\/index.php?rest_route=\/wp\/v2\/types\/post"}],"author":[{"embeddable":true,"href":"https:\/\/www.sportchaco.com.ar\/index.php?rest_route=\/wp\/v2\/users\/3"}],"replies":[{"embeddable":true,"href":"https:\/\/www.sportchaco.com.ar\/index.php?rest_route=%2Fwp%2Fv2%2Fcomments&post=16373"}],"version-history":[{"count":1,"href":"https:\/\/www.sportchaco.com.ar\/index.php?rest_route=\/wp\/v2\/posts\/16373\/revisions"}],"predecessor-version":[{"id":16375,"href":"https:\/\/www.sportchaco.com.ar\/index.php?rest_route=\/wp\/v2\/posts\/16373\/revisions\/16375"}],"wp:featuredmedia":[{"embeddable":true,"href":"https:\/\/www.sportchaco.com.ar\/index.php?rest_route=\/wp\/v2\/media\/16374"}],"wp:attachment":[{"href":"https:\/\/www.sportchaco.com.ar\/index.php?rest_route=%2Fwp%2Fv2%2Fmedia&parent=16373"}],"wp:term":[{"taxonomy":"category","embeddable":true,"href":"https:\/\/www.sportchaco.com.ar\/index.php?rest_route=%2Fwp%2Fv2%2Fcategories&post=16373"},{"taxonomy":"post_tag","embeddable":true,"href":"https:\/\/www.sportchaco.com.ar\/index.php?rest_route=%2Fwp%2Fv2%2Ftags&post=16373"}],"curies":[{"name":"wp","href":"https:\/\/api.w.org\/{rel}","templated":true}]}}