{"id":16376,"date":"2025-02-10T23:00:21","date_gmt":"2025-02-11T02:00:21","guid":{"rendered":"https:\/\/www.sportchaco.com.ar\/?p=16376"},"modified":"2025-02-10T23:29:00","modified_gmt":"2025-02-11T02:29:00","slug":"efemerides-del-11de-febrero-2","status":"publish","type":"post","link":"https:\/\/www.sportchaco.com.ar\/?p=16376","title":{"rendered":"Efem\u00e9rides del 11 de febrero"},"content":{"rendered":"<div class=\"container fullwidth-entry-title-wrapper\">\n<div class=\"container-wrapper fullwidth-entry-title\">\n<header class=\"entry-header-outer\">\n<div class=\"entry-header\">\n<div class=\"single-post-meta post-meta clearfix\">\n<div class=\"tie-alignright\"><\/div>\n<\/div>\n<\/div>\n<\/header>\n<\/div>\n<\/div>\n<div id=\"content\" class=\"site-content container\">\n<div id=\"main-content-row\" class=\"tie-row main-content-row\">\n<div class=\"main-content tie-col-md-8 tie-col-xs-12\" role=\"main\">\n<article id=\"the-post\" class=\"container-wrapper post-content tie-standard\">\n<div class=\"featured-area\">\n<div class=\"featured-area-inner\"><\/div>\n<\/div>\n<div class=\"entry-content entry clearfix\">\n<h4><strong>Esta es la Efem\u00e9rides del Deporte en el Chaco de un 11 de febrero del periodista Luis Dar\u00edo Molodezky.<\/strong><\/h4>\n<p><img loading=\"lazy\" decoding=\"async\" class=\"alignnone size-medium wp-image-16190\" src=\"https:\/\/www.sportchaco.com.ar\/wp-content\/uploads\/2025\/02\/Molodezky-Luis-11-05-24-300x225.jpg\" alt=\"\" width=\"300\" height=\"225\" srcset=\"https:\/\/www.sportchaco.com.ar\/wp-content\/uploads\/2025\/02\/Molodezky-Luis-11-05-24-300x225.jpg 300w, https:\/\/www.sportchaco.com.ar\/wp-content\/uploads\/2025\/02\/Molodezky-Luis-11-05-24-1024x768.jpg 1024w, https:\/\/www.sportchaco.com.ar\/wp-content\/uploads\/2025\/02\/Molodezky-Luis-11-05-24-768x576.jpg 768w, https:\/\/www.sportchaco.com.ar\/wp-content\/uploads\/2025\/02\/Molodezky-Luis-11-05-24-1536x1153.jpg 1536w, https:\/\/www.sportchaco.com.ar\/wp-content\/uploads\/2025\/02\/Molodezky-Luis-11-05-24.jpg 1599w\" sizes=\"auto, (max-width: 300px) 100vw, 300px\" \/><\/p>\n<\/div>\n<p>&nbsp;<\/p>\n<div class=\"entry-content entry clearfix\">\n<p><strong>1962\u00a0<\/strong>\/ Fecha de fundaci\u00f3n del Club Atl\u00e9tico Tucum\u00e1n, que por muchos a\u00f1os anim\u00f3 los torneos de la Liga Chaque\u00f1a de F\u00fatbol.<\/p>\n<p>&nbsp;<\/p>\n<p><strong>1973<\/strong> \/ Primera transmisi\u00f3n Internacional de LT 5 \u00abRadio Chaco\u00bb con el Equipo Acelerando de Automovilismo desde Interlagos Brasil. Encabezado por Eduardo Rub\u00e9n Ferreyra (Pirulo), con la participaci\u00f3n de Ricardo C\u00e1rdenas, Adolfo \u00abChichin\u00bb Carrara, Alfredo Flores y comerciales de Eduardo Barrios Duran, En estudios Miguel Omar Retamoso y operador Jos\u00e9 Salvador Di Giussepe.<\/p>\n<p>&nbsp;<\/p>\n<p><strong>1980\u00a0<\/strong>\/ Los atletas chaque\u00f1os Guillermo Varas y Sebasti\u00e1n L\u00f3pez, son convocados para integrar el equipo juvenil argentino con miras al torneo sudamericano en Chile.<\/p>\n<p>&nbsp;<\/p>\n<p><strong>1983\u00a0<\/strong>\/ El joven Jos\u00e9 Podskoc es presentado por N\u00e9stor Lobera, Ram\u00f3n Gudi\u00f1o y Juan Kusmak, como nuevo entrenador de las divisiones inferiores de Uni\u00f3n Progresista.<\/p>\n<p>&nbsp;<\/p>\n<p><strong>2005\u00a0<\/strong>\/ Javier Osvaldo \u00c1lvarez se consagra campe\u00f3n Mundial s\u00faper Pluma de la Uni\u00f3n Mundial de Boxeo (UMB), al vencer por KO en el sexto asalto al cubano Michael G\u00f3mez, combate realizado en Manchester, Inglaterra.<\/p>\n<p>&nbsp;<\/p>\n<p>&nbsp;<\/p>\n<h3>Foto de la dur\u00edsima pelea en la que Javier Alvarez se consagra campe\u00f3n mundial de la UMB en Manchester. Foto Alamy.<\/h3>\n<\/div>\n<p><img loading=\"lazy\" decoding=\"async\" class=\"alignnone size-full wp-image-16112 aligncenter\" src=\"https:\/\/www.sportchaco.com.ar\/wp-content\/uploads\/2025\/01\/Salud-Comida-en-Hospitales-200x200-1.gif\" alt=\"\" width=\"200\" height=\"200\" \/><\/p>\n<\/article>\n<\/div>\n<\/div>\n<\/div>\n","protected":false},"excerpt":{"rendered":"<p>Esta es la Efem\u00e9rides del Deporte en el Chaco de un 11 de febrero del periodista Luis Dar\u00edo Molodezky. &nbsp; 1962\u00a0\/ Fecha de fundaci\u00f3n del Club Atl\u00e9tico Tucum\u00e1n, que por muchos a\u00f1os anim\u00f3 los torneos de la Liga Chaque\u00f1a de F\u00fatbol. &nbsp; 1973 \/ Primera transmisi\u00f3n Internacional de LT 5 \u00abRadio Chaco\u00bb con el Equipo &hellip;<\/p>\n","protected":false},"author":2,"featured_media":16377,"comment_status":"open","ping_status":"open","sticky":false,"template":"","format":"standard","meta":{"footnotes":""},"categories":[45,32],"tags":[],"class_list":["post-16376","post","type-post","status-publish","format-standard","has-post-thumbnail","hentry","category-efemerides-dia-por-dia","category-febrero"],"_links":{"self":[{"href":"https:\/\/www.sportchaco.com.ar\/index.php?rest_route=\/wp\/v2\/posts\/16376","targetHints":{"allow":["GET"]}}],"collection":[{"href":"https:\/\/www.sportchaco.com.ar\/index.php?rest_route=\/wp\/v2\/posts"}],"about":[{"href":"https:\/\/www.sportchaco.com.ar\/index.php?rest_route=\/wp\/v2\/types\/post"}],"author":[{"embeddable":true,"href":"https:\/\/www.sportchaco.com.ar\/index.php?rest_route=\/wp\/v2\/users\/2"}],"replies":[{"embeddable":true,"href":"https:\/\/www.sportchaco.com.ar\/index.php?rest_route=%2Fwp%2Fv2%2Fcomments&post=16376"}],"version-history":[{"count":2,"href":"https:\/\/www.sportchaco.com.ar\/index.php?rest_route=\/wp\/v2\/posts\/16376\/revisions"}],"predecessor-version":[{"id":16379,"href":"https:\/\/www.sportchaco.com.ar\/index.php?rest_route=\/wp\/v2\/posts\/16376\/revisions\/16379"}],"wp:featuredmedia":[{"embeddable":true,"href":"https:\/\/www.sportchaco.com.ar\/index.php?rest_route=\/wp\/v2\/media\/16377"}],"wp:attachment":[{"href":"https:\/\/www.sportchaco.com.ar\/index.php?rest_route=%2Fwp%2Fv2%2Fmedia&parent=16376"}],"wp:term":[{"taxonomy":"category","embeddable":true,"href":"https:\/\/www.sportchaco.com.ar\/index.php?rest_route=%2Fwp%2Fv2%2Fcategories&post=16376"},{"taxonomy":"post_tag","embeddable":true,"href":"https:\/\/www.sportchaco.com.ar\/index.php?rest_route=%2Fwp%2Fv2%2Ftags&post=16376"}],"curies":[{"name":"wp","href":"https:\/\/api.w.org\/{rel}","templated":true}]}}