{"id":16391,"date":"2025-02-11T18:13:23","date_gmt":"2025-02-11T21:13:23","guid":{"rendered":"https:\/\/www.sportchaco.com.ar\/?p=16391"},"modified":"2025-02-11T18:13:23","modified_gmt":"2025-02-11T21:13:23","slug":"sarmiento-retomo-las-actividades-del-basquet","status":"publish","type":"post","link":"https:\/\/www.sportchaco.com.ar\/?p=16391","title":{"rendered":"Sarmiento retom\u00f3 las actividades del b\u00e1squet"},"content":{"rendered":"<p><strong>11-02-2025<\/strong><\/p>\n<p><img loading=\"lazy\" decoding=\"async\" class=\" wp-image-11681 aligncenter\" src=\"https:\/\/www.sportchaco.com.ar\/wp-content\/uploads\/2024\/07\/CHACO-JUEGA-BANNERS-1_320X50-1-300x47.gif\" alt=\"\" width=\"319\" height=\"50\" \/><\/p>\n<p>En este 2025, el club atl\u00e9tico Sarmiento, sin dudas uno de los clubes m\u00e1s prestigiosa en la provincia, combinando m\u00faltiples propuestas deportivas y una infraestructura de primer nivel, que obviamente lo posicionan como las mejores opciones en Resistencia.<\/p>\n<p>En este sentido, la nueva comisi\u00f3n directiva presidida por Mauricio Gonz\u00e1lez y Lucas Vallejos, encabezaron el regreso del b\u00e1squet al \u00abdecano\u00bb, donde asumi\u00f3 un staff de entrenadores combinando tambi\u00e9n experiencia y juventud y toda la confianza puesta.<\/p>\n<p>En este marco, el coordinador del b\u00e1squet de la instituci\u00f3n, Juan Marcos Ferraris, analizo este regreso del club a la actividad basquetbol\u00edstica luego de un 2024 que la actividad par\u00f3 en la rama masculina. Vale remarcar que la rama femenina fue la que sigui\u00f3 todo el 2024, con t\u00edtulos y objetivos provinciales cumplidos, destac\u00e1ndose en gran manera el b\u00e1squet de Sarmiento, trat\u00e1ndose ahora de copiar o igualar el trabajo de las chicas, pero con el masculino.<\/p>\n<p>\u00abLas expectativas con las que se inici\u00f3 este a\u00f1o son buenas, positivas, tenemos un gran acompa\u00f1amiento de la subcomisi\u00f3n de B\u00e1squet y comisi\u00f3n directiva, mas all\u00e1 de que yo no estaba preparado para recibir esta propuesta, me sorprendi\u00f3, donde yo me dedico y trabajo con el b\u00e1squet Amateur, esto me tom\u00f3 por sorpresa, con un entusiasmo muy bueno porque me pone en una situaci\u00f3n para ver hasta donde puedo llegar o hasta que estoy capacitado o preparado para sacar adelante un club como Sarmiento\u00bb, fueron las primeras palabras del coordinador del b\u00e1squet de Sarmiento.<\/p>\n<p>Remarcando que \u00aben el \u00faltimo a\u00f1o el club no estuvo a la altura de las circunstancias pero en a\u00f1os anteriores si, siendo un club que compet\u00eda en formativas, en Primera y jug\u00f3 hasta competencias nacionales; hoy la situaci\u00f3n es distinta, la expectativa personal es muy positiva y es un desaf\u00edo ver hasta donde, como y cuando puedo llegar\u00bb, afirm\u00f3 Ferraris.<\/p>\n<div id=\"feat-img-reg\" class=\"relative\"><img decoding=\"async\" class=\"lazyloaded aligncenter\" src=\"https:\/\/baskettotal.com.ar\/wp-content\/uploads\/2025\/02\/3-2-1000x600.jpg\" data-src=\"https:\/\/baskettotal.com.ar\/wp-content\/uploads\/2025\/02\/3-2-1000x600.jpg\" \/><\/div>\n<div id=\"tps_slideContainer_26267\" class=\"theiaPostSlider_slides\">\n<p><strong>D\u00cdAS Y HORARIOS<br \/>\n<\/strong>Lunes, mi\u00e9rcoles y viernes (U9 de 16 a 17 horas; U11 de 17 a 18 horas; U13 de 18 a 19 horas; U15 de 19 a 20 horas; U17 de 20 a 21 horas; U21 y Primera a las 21 horas).<\/p>\n<\/div>\n<p>Martes y jueves (Escuelita de 16 a 17 horas; y Mosquito de 17 a 18 horas)<\/p>\n<p>En tanto que la rama femenina, cuenta con los siguientes horarios:<br \/>\nLunes y viernes (U13 de 19 a 20 horas; U15 y U17 de 20 a 21 horas)<\/p>\n<p>Martes y jueves (Mini de 16 a 17 horas; U13 de 18 a 19 horas; U15 y U17 de 19 a 20 horas; Primera y Maxi a las 21 horas).<\/p>\n<p><strong>Entrenadores:<\/strong> El staff de entrenadores de Sarmiento, en ambas ramas, est\u00e1 conformado por: Jos\u00e9 C\u00e1ndido (Minib\u00e1squet), Gabriel Cabrera y Mateo Fern\u00e1ndez (U13); Jorge \u00abPomelo\u00bb Gonz\u00e1lez (U15 y U17); U21 y Juan Ferraris (U21 y Primera). En tanto que por la rama masculina, en formativas est\u00e1 Marcelo \u00abGallego\u00bb Mart\u00ednez y Nancy Fern\u00e1ndez (Primera y Maxis).<\/p>\n<figure class=\"wp-block-image size-large\"><a href=\"https:\/\/baskettotal.com.ar\/wp-content\/uploads\/2025\/02\/1-4.jpg\"><img loading=\"lazy\" decoding=\"async\" class=\"lazy wp-image-26269 lazy-loaded\" src=\"https:\/\/baskettotal.com.ar\/wp-content\/uploads\/2025\/02\/1-4-1024x768.jpg\" sizes=\"auto, (max-width: 1024px) 100vw, 1024px\" srcset=\"https:\/\/baskettotal.com.ar\/wp-content\/uploads\/2025\/02\/1-4-1024x768.jpg 1024w, https:\/\/baskettotal.com.ar\/wp-content\/uploads\/2025\/02\/1-4-300x225.jpg 300w, https:\/\/baskettotal.com.ar\/wp-content\/uploads\/2025\/02\/1-4-768x576.jpg 768w, https:\/\/baskettotal.com.ar\/wp-content\/uploads\/2025\/02\/1-4.jpg 1040w\" alt=\"\" width=\"1024\" height=\"768\" data-lazy-type=\"image\" data-lazy-src=\"https:\/\/baskettotal.com.ar\/wp-content\/uploads\/2025\/02\/1-4-1024x768.jpg\" data-lazy-srcset=\"https:\/\/baskettotal.com.ar\/wp-content\/uploads\/2025\/02\/1-4-1024x768.jpg 1024w, https:\/\/baskettotal.com.ar\/wp-content\/uploads\/2025\/02\/1-4-300x225.jpg 300w, https:\/\/baskettotal.com.ar\/wp-content\/uploads\/2025\/02\/1-4-768x576.jpg 768w, https:\/\/baskettotal.com.ar\/wp-content\/uploads\/2025\/02\/1-4.jpg 1040w\" data-lazy-sizes=\"(max-width: 1024px) 100vw, 1024px\" \/><\/a><\/figure>\n<p><strong>OBJETIVOS CLAROS<br \/>\n<\/strong>Por otra parte, \u00abTungui\u00bb Ferraris dej\u00f3 en claro lo que se busca desde la nueva estructura de Sarmiento, expresando que \u00abhoy el objetivo no es deportivo, sino social, ya que el objetivo es conformar las categor\u00edas del club, tanto masculino como femenino, donde consideramos que el b\u00e1squet de Sarmiento es en ambas ramas, buscando terminar el a\u00f1o compitiendo en todas las categor\u00edas\u00bb, resaltando a su vez que \u00abno estamos en b\u00fasqueda de resultados, sino competir en ABR y Federaci\u00f3n, ah\u00ed ser\u00eda un excelente a\u00f1o\u00bb.<\/p>\n<p>Adem\u00e1s, el coordinador celebr\u00f3 en que \u00abla relaci\u00f3n es positiva con los dirigentes, hoy estamos trabajando codo a codo con Nicol\u00e1s Ram\u00edrez y Cristian Tur Springer, ambos estamos casi todo el d\u00eda pensando en el club, donde ellos me depositan el 100% de la confianza y yo trato de retribuirles con trabajo e ideas, buscando siempre que resurja el b\u00e1squet de Sarmiento\u00bb.<\/p>\n<p>Finalmente, Juan Marcos Ferraris no se guard\u00f3 nada, manifestando que \u00abel primer objetivo era la reapertura del b\u00e1squet de Sarmiento y lo logramos; el segundo era la conformaci\u00f3n de las categor\u00edas y ya lo logramos; el tercer objetivo es tratar de competir con los clubes que vienen hace mucho, pero el objetivo es que terminemos compitiendo con todas las categor\u00edas de la ABR y con un gran volumen de chicos\u00bb, finaliz\u00f3.<\/p>\n<p><em><strong>Fotos: Walter Denaro (Sarmiento Resistencia)<\/strong><\/em><\/p>\n<p><img loading=\"lazy\" decoding=\"async\" class=\" wp-image-14093 aligncenter\" src=\"https:\/\/www.sportchaco.com.ar\/wp-content\/uploads\/2024\/10\/CHACO-JUEGA-BANNERS-1_250X250-1-1.gif\" alt=\"\" width=\"269\" height=\"269\" \/><\/p>\n","protected":false},"excerpt":{"rendered":"<p>11-02-2025 En este 2025, el club atl\u00e9tico Sarmiento, sin dudas uno de los clubes m\u00e1s prestigiosa en la provincia, combinando m\u00faltiples propuestas deportivas y una infraestructura de primer nivel, que obviamente lo posicionan como las mejores opciones en Resistencia. En este sentido, la nueva comisi\u00f3n directiva presidida por Mauricio Gonz\u00e1lez y Lucas Vallejos, encabezaron el &hellip;<\/p>\n","protected":false},"author":3,"featured_media":16392,"comment_status":"open","ping_status":"open","sticky":false,"template":"","format":"standard","meta":{"footnotes":""},"categories":[3],"tags":[],"class_list":["post-16391","post","type-post","status-publish","format-standard","has-post-thumbnail","hentry","category-basquetbol"],"_links":{"self":[{"href":"https:\/\/www.sportchaco.com.ar\/index.php?rest_route=\/wp\/v2\/posts\/16391","targetHints":{"allow":["GET"]}}],"collection":[{"href":"https:\/\/www.sportchaco.com.ar\/index.php?rest_route=\/wp\/v2\/posts"}],"about":[{"href":"https:\/\/www.sportchaco.com.ar\/index.php?rest_route=\/wp\/v2\/types\/post"}],"author":[{"embeddable":true,"href":"https:\/\/www.sportchaco.com.ar\/index.php?rest_route=\/wp\/v2\/users\/3"}],"replies":[{"embeddable":true,"href":"https:\/\/www.sportchaco.com.ar\/index.php?rest_route=%2Fwp%2Fv2%2Fcomments&post=16391"}],"version-history":[{"count":1,"href":"https:\/\/www.sportchaco.com.ar\/index.php?rest_route=\/wp\/v2\/posts\/16391\/revisions"}],"predecessor-version":[{"id":16393,"href":"https:\/\/www.sportchaco.com.ar\/index.php?rest_route=\/wp\/v2\/posts\/16391\/revisions\/16393"}],"wp:featuredmedia":[{"embeddable":true,"href":"https:\/\/www.sportchaco.com.ar\/index.php?rest_route=\/wp\/v2\/media\/16392"}],"wp:attachment":[{"href":"https:\/\/www.sportchaco.com.ar\/index.php?rest_route=%2Fwp%2Fv2%2Fmedia&parent=16391"}],"wp:term":[{"taxonomy":"category","embeddable":true,"href":"https:\/\/www.sportchaco.com.ar\/index.php?rest_route=%2Fwp%2Fv2%2Fcategories&post=16391"},{"taxonomy":"post_tag","embeddable":true,"href":"https:\/\/www.sportchaco.com.ar\/index.php?rest_route=%2Fwp%2Fv2%2Ftags&post=16391"}],"curies":[{"name":"wp","href":"https:\/\/api.w.org\/{rel}","templated":true}]}}