{"id":16398,"date":"2025-02-11T18:44:55","date_gmt":"2025-02-11T21:44:55","guid":{"rendered":"https:\/\/www.sportchaco.com.ar\/?p=16398"},"modified":"2025-02-11T18:44:55","modified_gmt":"2025-02-11T21:44:55","slug":"empezo-la-copa-regional-de-beach-voley","status":"publish","type":"post","link":"https:\/\/www.sportchaco.com.ar\/?p=16398","title":{"rendered":"Empez\u00f3 la Copa Regional de Beach V\u00f3ley"},"content":{"rendered":"<p><strong>11-02-2025<\/strong><\/p>\n<p><img loading=\"lazy\" decoding=\"async\" class=\" wp-image-11424 aligncenter\" src=\"https:\/\/www.sportchaco.com.ar\/wp-content\/uploads\/2024\/07\/gob-salud-fijo-marzo-300x50.jpg\" alt=\"\" width=\"324\" height=\"54\" srcset=\"https:\/\/www.sportchaco.com.ar\/wp-content\/uploads\/2024\/07\/gob-salud-fijo-marzo-300x50.jpg 300w, https:\/\/www.sportchaco.com.ar\/wp-content\/uploads\/2024\/07\/gob-salud-fijo-marzo-1024x171.jpg 1024w, https:\/\/www.sportchaco.com.ar\/wp-content\/uploads\/2024\/07\/gob-salud-fijo-marzo-768x128.jpg 768w, https:\/\/www.sportchaco.com.ar\/wp-content\/uploads\/2024\/07\/gob-salud-fijo-marzo.jpg 1200w\" sizes=\"auto, (max-width: 324px) 100vw, 324px\" \/><\/p>\n<p>Cabe destacar que el certamen, organizado por el gobierno del Chaco, a trav\u00e9s del Instituto del Deporte Chaque\u00f1o, con el acompa\u00f1amiento de Loter\u00eda Chaque\u00f1a, del Municipio de Resistencia y la fiscalizaci\u00f3n de la Fechavo (Federaci\u00f3n Chaque\u00f1a de V\u00f3ley), contar\u00e1 con entrada libre y gratuita en ambas canchas y tendr\u00e1 en acci\u00f3n a deportistas federados en las categor\u00edas Sub-14, Sub-16 y Sub-18, en ambas ramas, masculino y femenino.<\/p>\n<h2>LA PRESENTACI\u00d3N<\/h2>\n<p>En las instalaciones del Polideportivo Jaime Zapata se present\u00f3 ayer la \u00abCopa Regional de Beach V\u00f3ley\u00bb. Las autoridades que estuvieron presentes por parte del Instituto del Deporte Chaque\u00f1o fueron el profesor Gabriel Pellegrini, vicepresidente; el secretario de Desarrollo Humano de la Municipalidad de Resistencia, Pablo Mujica; Rosario G\u00f3mez, presidente de la Federaci\u00f3n Chaque\u00f1a de V\u00f3ley y N\u00e9stor Bergagno, entrenador de la selecci\u00f3n de beach v\u00f3ley.<\/p>\n<h2>LOS HORARIOS<\/h2>\n<p>Martes: de 8 a 11 y de 16 a 21.<br \/>\nMi\u00e9rcoles: de 8 a 11 y de 16 a 21.<br \/>\nJueves: de 8 a 12.<\/p>\n<p><img loading=\"lazy\" decoding=\"async\" class=\" wp-image-11289 aligncenter\" src=\"https:\/\/www.sportchaco.com.ar\/wp-content\/uploads\/2024\/07\/Gobierno-paisaje-1-300x116.png\" alt=\"\" width=\"326\" height=\"126\" srcset=\"https:\/\/www.sportchaco.com.ar\/wp-content\/uploads\/2024\/07\/Gobierno-paisaje-1-300x116.png 300w, https:\/\/www.sportchaco.com.ar\/wp-content\/uploads\/2024\/07\/Gobierno-paisaje-1-768x297.png 768w, https:\/\/www.sportchaco.com.ar\/wp-content\/uploads\/2024\/07\/Gobierno-paisaje-1.png 800w\" sizes=\"auto, (max-width: 326px) 100vw, 326px\" \/><\/p>\n","protected":false},"excerpt":{"rendered":"<p>11-02-2025 Cabe destacar que el certamen, organizado por el gobierno del Chaco, a trav\u00e9s del Instituto del Deporte Chaque\u00f1o, con el acompa\u00f1amiento de Loter\u00eda Chaque\u00f1a, del Municipio de Resistencia y la fiscalizaci\u00f3n de la Fechavo (Federaci\u00f3n Chaque\u00f1a de V\u00f3ley), contar\u00e1 con entrada libre y gratuita en ambas canchas y tendr\u00e1 en acci\u00f3n a deportistas federados &hellip;<\/p>\n","protected":false},"author":3,"featured_media":12167,"comment_status":"open","ping_status":"open","sticky":false,"template":"","format":"standard","meta":{"footnotes":""},"categories":[44],"tags":[],"class_list":["post-16398","post","type-post","status-publish","format-standard","has-post-thumbnail","hentry","category-varios"],"_links":{"self":[{"href":"https:\/\/www.sportchaco.com.ar\/index.php?rest_route=\/wp\/v2\/posts\/16398","targetHints":{"allow":["GET"]}}],"collection":[{"href":"https:\/\/www.sportchaco.com.ar\/index.php?rest_route=\/wp\/v2\/posts"}],"about":[{"href":"https:\/\/www.sportchaco.com.ar\/index.php?rest_route=\/wp\/v2\/types\/post"}],"author":[{"embeddable":true,"href":"https:\/\/www.sportchaco.com.ar\/index.php?rest_route=\/wp\/v2\/users\/3"}],"replies":[{"embeddable":true,"href":"https:\/\/www.sportchaco.com.ar\/index.php?rest_route=%2Fwp%2Fv2%2Fcomments&post=16398"}],"version-history":[{"count":1,"href":"https:\/\/www.sportchaco.com.ar\/index.php?rest_route=\/wp\/v2\/posts\/16398\/revisions"}],"predecessor-version":[{"id":16399,"href":"https:\/\/www.sportchaco.com.ar\/index.php?rest_route=\/wp\/v2\/posts\/16398\/revisions\/16399"}],"wp:featuredmedia":[{"embeddable":true,"href":"https:\/\/www.sportchaco.com.ar\/index.php?rest_route=\/wp\/v2\/media\/12167"}],"wp:attachment":[{"href":"https:\/\/www.sportchaco.com.ar\/index.php?rest_route=%2Fwp%2Fv2%2Fmedia&parent=16398"}],"wp:term":[{"taxonomy":"category","embeddable":true,"href":"https:\/\/www.sportchaco.com.ar\/index.php?rest_route=%2Fwp%2Fv2%2Fcategories&post=16398"},{"taxonomy":"post_tag","embeddable":true,"href":"https:\/\/www.sportchaco.com.ar\/index.php?rest_route=%2Fwp%2Fv2%2Ftags&post=16398"}],"curies":[{"name":"wp","href":"https:\/\/api.w.org\/{rel}","templated":true}]}}