{"id":16411,"date":"2025-02-12T15:12:33","date_gmt":"2025-02-12T18:12:33","guid":{"rendered":"https:\/\/www.sportchaco.com.ar\/?p=16411"},"modified":"2025-02-12T15:12:33","modified_gmt":"2025-02-12T18:12:33","slug":"sarmiento-se-movio-en-corrientes-y-arranca-con-los-turnos-dobles-de-entrenamiento","status":"publish","type":"post","link":"https:\/\/www.sportchaco.com.ar\/?p=16411","title":{"rendered":"Sarmiento se movi\u00f3 en Corrientes y arranca con los turnos dobles de entrenamiento"},"content":{"rendered":"<p><strong>12-02-2025<\/strong><\/p>\n<p><img loading=\"lazy\" decoding=\"async\" class=\" wp-image-11990 aligncenter\" src=\"https:\/\/www.sportchaco.com.ar\/wp-content\/uploads\/2024\/07\/Copy-of-CHACO-JUEGA-BANNERS-1_1200X200-1-300x50.gif\" alt=\"\" width=\"390\" height=\"65\" srcset=\"https:\/\/www.sportchaco.com.ar\/wp-content\/uploads\/2024\/07\/Copy-of-CHACO-JUEGA-BANNERS-1_1200X200-1-300x50.gif 300w, https:\/\/www.sportchaco.com.ar\/wp-content\/uploads\/2024\/07\/Copy-of-CHACO-JUEGA-BANNERS-1_1200X200-1-1024x171.gif 1024w, https:\/\/www.sportchaco.com.ar\/wp-content\/uploads\/2024\/07\/Copy-of-CHACO-JUEGA-BANNERS-1_1200X200-1-768x128.gif 768w\" sizes=\"auto, (max-width: 390px) 100vw, 390px\" \/><\/p>\n<p>El equipo de Sarmiento contin\u00faa con su puesta a punto pensando en el arranque del Federal \u00abA\u00bb 2025 y en una nueva semana de entrenamientos arranc\u00f3 con el doble turno para aumentar las cargas de la pretemporada.<\/p>\n<p>En la jornada de este martes, el equipo \u00abdecano\u00bb cruz\u00f3 el puente interprovincial y se entren\u00f3 en las playas de Corrientes haciendo hincapi\u00e9 en lo f\u00edsico, mientras que por la tarde se movi\u00f3 en el estadio Centenario.<\/p>\n<p>El equipo de Miguel Urbina se ha quedado sin uno de los jugadores por los cuales apost\u00f3 por reforzar el plantel ya que Felipe Fern\u00e1ndez Palazuelo rescindi\u00f3 su contrato luego de ser presentado a trav\u00e9s de las redes sociales de la instituci\u00f3n chaque\u00f1a. As\u00ed y todo, el DT cuenta con 25 futbolistas en dicha pretemporada.<\/p>\n<p>Estas semanas de entrenamiento que se vendr\u00e1n ser\u00e1n m\u00e1s estrictas desde lo f\u00edsico y luego se buscar\u00e1 bajar las cargas con encuentros amistosos.<\/p>\n<p><b>EL PLANTEL<\/b><br \/>\n<b>Arqueros:<\/b>\u00a0Germ\u00e1n Yacaruso, Emanuel Cirrincione y Facundo S\u00e1nchez.<br \/>\n<b>Defensores:<\/b> Rodrigo Gim\u00e9nez, Rodrigo L\u00f3pez Alba, Brian Berlo, Ezequiel Gnemmi, Franco Dom\u00ednguez, Renzo Arzamendia, Carlos Di Pietro y Mat\u00edas Ayala.<br \/>\n<b>Mediocampistas:<\/b> Enzo Niz, Pablo Mart\u00ednez, Tom\u00e1s Bacas, L\u00e1zaro Barlessi, Cristian Alarc\u00f3n, Rodrigo Montenegro y Franco Falc\u00f3n.<br \/>\n<b>Delanteros:<\/b> Enzo Vargas, Carlos Arriola, Ren\u00e9 Escobar, Daniel Meza, Gonzalo Gonz\u00e1lez, Lautaro Ruiz Mart\u00ednez y Ramiro Peters.<\/p>\n<p><img loading=\"lazy\" decoding=\"async\" class=\" wp-image-13295 aligncenter\" src=\"https:\/\/www.sportchaco.com.ar\/wp-content\/uploads\/2024\/09\/CHACO-JUEGA-BANNERS-1_300X250-1-1.gif\" alt=\"\" width=\"324\" height=\"270\" \/><\/p>\n","protected":false},"excerpt":{"rendered":"<p>12-02-2025 El equipo de Sarmiento contin\u00faa con su puesta a punto pensando en el arranque del Federal \u00abA\u00bb 2025 y en una nueva semana de entrenamientos arranc\u00f3 con el doble turno para aumentar las cargas de la pretemporada. En la jornada de este martes, el equipo \u00abdecano\u00bb cruz\u00f3 el puente interprovincial y se entren\u00f3 en &hellip;<\/p>\n","protected":false},"author":3,"featured_media":16412,"comment_status":"open","ping_status":"open","sticky":false,"template":"","format":"standard","meta":{"footnotes":""},"categories":[5],"tags":[],"class_list":["post-16411","post","type-post","status-publish","format-standard","has-post-thumbnail","hentry","category-futbol"],"_links":{"self":[{"href":"https:\/\/www.sportchaco.com.ar\/index.php?rest_route=\/wp\/v2\/posts\/16411","targetHints":{"allow":["GET"]}}],"collection":[{"href":"https:\/\/www.sportchaco.com.ar\/index.php?rest_route=\/wp\/v2\/posts"}],"about":[{"href":"https:\/\/www.sportchaco.com.ar\/index.php?rest_route=\/wp\/v2\/types\/post"}],"author":[{"embeddable":true,"href":"https:\/\/www.sportchaco.com.ar\/index.php?rest_route=\/wp\/v2\/users\/3"}],"replies":[{"embeddable":true,"href":"https:\/\/www.sportchaco.com.ar\/index.php?rest_route=%2Fwp%2Fv2%2Fcomments&post=16411"}],"version-history":[{"count":1,"href":"https:\/\/www.sportchaco.com.ar\/index.php?rest_route=\/wp\/v2\/posts\/16411\/revisions"}],"predecessor-version":[{"id":16414,"href":"https:\/\/www.sportchaco.com.ar\/index.php?rest_route=\/wp\/v2\/posts\/16411\/revisions\/16414"}],"wp:featuredmedia":[{"embeddable":true,"href":"https:\/\/www.sportchaco.com.ar\/index.php?rest_route=\/wp\/v2\/media\/16412"}],"wp:attachment":[{"href":"https:\/\/www.sportchaco.com.ar\/index.php?rest_route=%2Fwp%2Fv2%2Fmedia&parent=16411"}],"wp:term":[{"taxonomy":"category","embeddable":true,"href":"https:\/\/www.sportchaco.com.ar\/index.php?rest_route=%2Fwp%2Fv2%2Fcategories&post=16411"},{"taxonomy":"post_tag","embeddable":true,"href":"https:\/\/www.sportchaco.com.ar\/index.php?rest_route=%2Fwp%2Fv2%2Ftags&post=16411"}],"curies":[{"name":"wp","href":"https:\/\/api.w.org\/{rel}","templated":true}]}}