{"id":16437,"date":"2025-02-13T12:23:10","date_gmt":"2025-02-13T15:23:10","guid":{"rendered":"https:\/\/www.sportchaco.com.ar\/?p=16437"},"modified":"2025-02-13T12:23:10","modified_gmt":"2025-02-13T15:23:10","slug":"regional-inicio-sus-trabajos-de-pretemporada","status":"publish","type":"post","link":"https:\/\/www.sportchaco.com.ar\/?p=16437","title":{"rendered":"Regional inici\u00f3 sus trabajos de pretemporada"},"content":{"rendered":"<p><strong>13-02-2025<\/strong><\/p>\n<p><img loading=\"lazy\" decoding=\"async\" class=\" wp-image-6744 aligncenter\" src=\"https:\/\/www.sportchaco.com.ar\/wp-content\/uploads\/2024\/02\/aVISO-2-300x50.jpeg\" alt=\"\" width=\"324\" height=\"54\" srcset=\"https:\/\/www.sportchaco.com.ar\/wp-content\/uploads\/2024\/02\/aVISO-2-300x50.jpeg 300w, https:\/\/www.sportchaco.com.ar\/wp-content\/uploads\/2024\/02\/aVISO-2-1024x171.jpeg 1024w, https:\/\/www.sportchaco.com.ar\/wp-content\/uploads\/2024\/02\/aVISO-2-768x128.jpeg 768w, https:\/\/www.sportchaco.com.ar\/wp-content\/uploads\/2024\/02\/aVISO-2.jpeg 1200w\" sizes=\"auto, (max-width: 324px) 100vw, 324px\" \/><\/p>\n<p>El Club Atl\u00e9tico Regional inici\u00f3 la pretemporada con el objetivo de llegar de la mejor manera al pr\u00f3ximo torneo de la Liga Chaque\u00f1a.<\/p>\n<p>Los jugadores del \u00abexpreso\u00bb se encuentran realizando una exigente preparaci\u00f3n f\u00edsica y t\u00e1ctica para afrontar los desaf\u00edos de la pr\u00f3xima temporada en las mismas instalaciones del club. El cuerpo t\u00e9cnico est\u00e1 encabezado por Dante Romero y compuesto por Walter Dellamea y Sergio Canteros.<\/p>\n<p>Las pr\u00e1cticas se llevan a cabo de lunes a viernes a partir de las 15:30 horas, y los s\u00e1bados por la ma\u00f1ana, en la sede del club ubicada en la calle Fort\u00edn Aguilar y Los Hacheros.<\/p>\n<p><img loading=\"lazy\" decoding=\"async\" class=\" wp-image-16426 aligncenter\" src=\"https:\/\/www.sportchaco.com.ar\/wp-content\/uploads\/2025\/02\/Copy-of-BANNER-WEB-Comida-en-Hospitales-250x250-1.gif\" alt=\"\" width=\"293\" height=\"293\" \/><\/p>\n","protected":false},"excerpt":{"rendered":"<p>13-02-2025 El Club Atl\u00e9tico Regional inici\u00f3 la pretemporada con el objetivo de llegar de la mejor manera al pr\u00f3ximo torneo de la Liga Chaque\u00f1a. Los jugadores del \u00abexpreso\u00bb se encuentran realizando una exigente preparaci\u00f3n f\u00edsica y t\u00e1ctica para afrontar los desaf\u00edos de la pr\u00f3xima temporada en las mismas instalaciones del club. El cuerpo t\u00e9cnico est\u00e1 &hellip;<\/p>\n","protected":false},"author":3,"featured_media":16438,"comment_status":"open","ping_status":"open","sticky":false,"template":"","format":"standard","meta":{"footnotes":""},"categories":[5],"tags":[],"class_list":["post-16437","post","type-post","status-publish","format-standard","has-post-thumbnail","hentry","category-futbol"],"_links":{"self":[{"href":"https:\/\/www.sportchaco.com.ar\/index.php?rest_route=\/wp\/v2\/posts\/16437","targetHints":{"allow":["GET"]}}],"collection":[{"href":"https:\/\/www.sportchaco.com.ar\/index.php?rest_route=\/wp\/v2\/posts"}],"about":[{"href":"https:\/\/www.sportchaco.com.ar\/index.php?rest_route=\/wp\/v2\/types\/post"}],"author":[{"embeddable":true,"href":"https:\/\/www.sportchaco.com.ar\/index.php?rest_route=\/wp\/v2\/users\/3"}],"replies":[{"embeddable":true,"href":"https:\/\/www.sportchaco.com.ar\/index.php?rest_route=%2Fwp%2Fv2%2Fcomments&post=16437"}],"version-history":[{"count":1,"href":"https:\/\/www.sportchaco.com.ar\/index.php?rest_route=\/wp\/v2\/posts\/16437\/revisions"}],"predecessor-version":[{"id":16440,"href":"https:\/\/www.sportchaco.com.ar\/index.php?rest_route=\/wp\/v2\/posts\/16437\/revisions\/16440"}],"wp:featuredmedia":[{"embeddable":true,"href":"https:\/\/www.sportchaco.com.ar\/index.php?rest_route=\/wp\/v2\/media\/16438"}],"wp:attachment":[{"href":"https:\/\/www.sportchaco.com.ar\/index.php?rest_route=%2Fwp%2Fv2%2Fmedia&parent=16437"}],"wp:term":[{"taxonomy":"category","embeddable":true,"href":"https:\/\/www.sportchaco.com.ar\/index.php?rest_route=%2Fwp%2Fv2%2Fcategories&post=16437"},{"taxonomy":"post_tag","embeddable":true,"href":"https:\/\/www.sportchaco.com.ar\/index.php?rest_route=%2Fwp%2Fv2%2Ftags&post=16437"}],"curies":[{"name":"wp","href":"https:\/\/api.w.org\/{rel}","templated":true}]}}