{"id":16444,"date":"2025-02-13T18:16:40","date_gmt":"2025-02-13T21:16:40","guid":{"rendered":"https:\/\/www.sportchaco.com.ar\/?p=16444"},"modified":"2025-02-13T18:16:40","modified_gmt":"2025-02-13T21:16:40","slug":"don-bosco-apuesta-fuerte-en-la-rama-femenina-del-basquet","status":"publish","type":"post","link":"https:\/\/www.sportchaco.com.ar\/?p=16444","title":{"rendered":"Don Bosco apuesta fuerte en la rama femenina del b\u00e1squet"},"content":{"rendered":"<p><strong>13-02-2025<\/strong><\/p>\n<p><img loading=\"lazy\" decoding=\"async\" class=\" wp-image-9468 aligncenter\" src=\"https:\/\/www.sportchaco.com.ar\/wp-content\/uploads\/2024\/05\/Nachec-728x90-2-300x37.gif\" alt=\"\" width=\"414\" height=\"51\" \/><\/p>\n<p>El Centro Deportivo Don Bosco contin\u00faa trabajando fuertemente en el b\u00e1squet en la rama femenina en esta oportunidad, combinando calidad deportiva y de infraestructura, teniendo categor\u00eda U15 y posiblemente llegando a la U17 y Primera. En esta rama, en las \u00faltimas horas fue confirmado por la dirigencia \u00absalesiana\u00bb, el entrenador Lucas G\u00f3mez Brocal.<\/p>\n<p>\u00abLa idea es seguir consolidando esta rama, que cada vez sea m\u00e1s competitiva y de a poco ir teniendo un lugar importante en el club y a nivel nacional\u00bb, remarc\u00f3 el coordinador del b\u00e1squet de Don Bosco, Facundo G\u00f3mez Brocal.<\/p>\n<figure class=\"wp-block-image size-large\"><a href=\"https:\/\/baskettotal.com.ar\/wp-content\/uploads\/2025\/02\/CDDB-3.jpg\"><img loading=\"lazy\" decoding=\"async\" class=\"lazy wp-image-26298 lazy-loaded\" src=\"https:\/\/baskettotal.com.ar\/wp-content\/uploads\/2025\/02\/CDDB-3-1024x682.jpg\" sizes=\"auto, (max-width: 1024px) 100vw, 1024px\" srcset=\"https:\/\/baskettotal.com.ar\/wp-content\/uploads\/2025\/02\/CDDB-3-1024x682.jpg 1024w, https:\/\/baskettotal.com.ar\/wp-content\/uploads\/2025\/02\/CDDB-3-300x200.jpg 300w, https:\/\/baskettotal.com.ar\/wp-content\/uploads\/2025\/02\/CDDB-3-768x512.jpg 768w, https:\/\/baskettotal.com.ar\/wp-content\/uploads\/2025\/02\/CDDB-3.jpg 1040w\" alt=\"\" width=\"1024\" height=\"682\" data-lazy-type=\"image\" data-lazy-src=\"https:\/\/baskettotal.com.ar\/wp-content\/uploads\/2025\/02\/CDDB-3-1024x682.jpg\" data-lazy-srcset=\"https:\/\/baskettotal.com.ar\/wp-content\/uploads\/2025\/02\/CDDB-3-1024x682.jpg 1024w, https:\/\/baskettotal.com.ar\/wp-content\/uploads\/2025\/02\/CDDB-3-300x200.jpg 300w, https:\/\/baskettotal.com.ar\/wp-content\/uploads\/2025\/02\/CDDB-3-768x512.jpg 768w, https:\/\/baskettotal.com.ar\/wp-content\/uploads\/2025\/02\/CDDB-3.jpg 1040w\" data-lazy-sizes=\"(max-width: 1024px) 100vw, 1024px\" \/><\/a><\/figure>\n<p>Por otra parte, el flamante entrenador de Don Bosco para las categor\u00edas femeninas, inclusive siendo asistente en categor\u00edas del masculino, agradeci\u00f3 en primer lugar a Facundo G\u00f3mez Brocal y la comisi\u00f3n directiva que confiaron en m\u00ed para trabajar en este proyecto 2025 en Don Bosco, instituci\u00f3n que viene peleando arriba a nivel local y provincial; es un desaf\u00edo nuevo y lindo para desempe\u00f1arme en formativas en ambas ramas, ya que hay mucha tela para cortar\u00bb.<\/p>\n<figure class=\"wp-block-image size-large\"><a href=\"https:\/\/baskettotal.com.ar\/wp-content\/uploads\/2025\/02\/CDDB-2.jpg\"><img loading=\"lazy\" decoding=\"async\" class=\"lazy wp-image-26296 lazy-loaded\" src=\"https:\/\/baskettotal.com.ar\/wp-content\/uploads\/2025\/02\/CDDB-2-1024x682.jpg\" sizes=\"auto, (max-width: 1024px) 100vw, 1024px\" srcset=\"https:\/\/baskettotal.com.ar\/wp-content\/uploads\/2025\/02\/CDDB-2-1024x682.jpg 1024w, https:\/\/baskettotal.com.ar\/wp-content\/uploads\/2025\/02\/CDDB-2-300x200.jpg 300w, https:\/\/baskettotal.com.ar\/wp-content\/uploads\/2025\/02\/CDDB-2-768x512.jpg 768w, https:\/\/baskettotal.com.ar\/wp-content\/uploads\/2025\/02\/CDDB-2.jpg 1040w\" alt=\"\" width=\"1024\" height=\"682\" data-lazy-type=\"image\" data-lazy-src=\"https:\/\/baskettotal.com.ar\/wp-content\/uploads\/2025\/02\/CDDB-2-1024x682.jpg\" data-lazy-srcset=\"https:\/\/baskettotal.com.ar\/wp-content\/uploads\/2025\/02\/CDDB-2-1024x682.jpg 1024w, https:\/\/baskettotal.com.ar\/wp-content\/uploads\/2025\/02\/CDDB-2-300x200.jpg 300w, https:\/\/baskettotal.com.ar\/wp-content\/uploads\/2025\/02\/CDDB-2-768x512.jpg 768w, https:\/\/baskettotal.com.ar\/wp-content\/uploads\/2025\/02\/CDDB-2.jpg 1040w\" data-lazy-sizes=\"(max-width: 1024px) 100vw, 1024px\" \/><\/a><\/figure>\n<p>Con respecto a las categor\u00edas que tendr\u00e1 a cargo, el entrenador Lucas G\u00f3mez Brocal contar\u00e1 con la U15 femenina y asistente de Primera femenina. En tanto que tambi\u00e9n ser\u00e1 entrenador de U15 B y masculino y asistente de Primera femenina.<\/p>\n<p>\u00abVamos a hacer hincapi\u00e9 en la t\u00e9cnica individual en cada jugadora y jugador, sumando conocimiento de lectura de juego, sin olvidar la parte t\u00e1ctica\u00bb, remarcando a su vez que \u00abbuscar sentido de pertenencia, masificar la cantidad de jugadores en el club y que est\u00e9 peleando en todas las categor\u00edas\u00bb, finaliz\u00f3 G\u00f3mez Brocal.<\/p>\n<p><img loading=\"lazy\" decoding=\"async\" class=\"size-medium wp-image-8565 aligncenter\" src=\"https:\/\/www.sportchaco.com.ar\/wp-content\/uploads\/2024\/04\/Nachec1-300x600-3-150x300.gif\" alt=\"\" width=\"150\" height=\"300\" \/><\/p>\n","protected":false},"excerpt":{"rendered":"<p>13-02-2025 El Centro Deportivo Don Bosco contin\u00faa trabajando fuertemente en el b\u00e1squet en la rama femenina en esta oportunidad, combinando calidad deportiva y de infraestructura, teniendo categor\u00eda U15 y posiblemente llegando a la U17 y Primera. En esta rama, en las \u00faltimas horas fue confirmado por la dirigencia \u00absalesiana\u00bb, el entrenador Lucas G\u00f3mez Brocal. \u00abLa &hellip;<\/p>\n","protected":false},"author":3,"featured_media":16445,"comment_status":"open","ping_status":"open","sticky":false,"template":"","format":"standard","meta":{"footnotes":""},"categories":[3],"tags":[],"class_list":["post-16444","post","type-post","status-publish","format-standard","has-post-thumbnail","hentry","category-basquetbol"],"_links":{"self":[{"href":"https:\/\/www.sportchaco.com.ar\/index.php?rest_route=\/wp\/v2\/posts\/16444","targetHints":{"allow":["GET"]}}],"collection":[{"href":"https:\/\/www.sportchaco.com.ar\/index.php?rest_route=\/wp\/v2\/posts"}],"about":[{"href":"https:\/\/www.sportchaco.com.ar\/index.php?rest_route=\/wp\/v2\/types\/post"}],"author":[{"embeddable":true,"href":"https:\/\/www.sportchaco.com.ar\/index.php?rest_route=\/wp\/v2\/users\/3"}],"replies":[{"embeddable":true,"href":"https:\/\/www.sportchaco.com.ar\/index.php?rest_route=%2Fwp%2Fv2%2Fcomments&post=16444"}],"version-history":[{"count":1,"href":"https:\/\/www.sportchaco.com.ar\/index.php?rest_route=\/wp\/v2\/posts\/16444\/revisions"}],"predecessor-version":[{"id":16446,"href":"https:\/\/www.sportchaco.com.ar\/index.php?rest_route=\/wp\/v2\/posts\/16444\/revisions\/16446"}],"wp:featuredmedia":[{"embeddable":true,"href":"https:\/\/www.sportchaco.com.ar\/index.php?rest_route=\/wp\/v2\/media\/16445"}],"wp:attachment":[{"href":"https:\/\/www.sportchaco.com.ar\/index.php?rest_route=%2Fwp%2Fv2%2Fmedia&parent=16444"}],"wp:term":[{"taxonomy":"category","embeddable":true,"href":"https:\/\/www.sportchaco.com.ar\/index.php?rest_route=%2Fwp%2Fv2%2Fcategories&post=16444"},{"taxonomy":"post_tag","embeddable":true,"href":"https:\/\/www.sportchaco.com.ar\/index.php?rest_route=%2Fwp%2Fv2%2Ftags&post=16444"}],"curies":[{"name":"wp","href":"https:\/\/api.w.org\/{rel}","templated":true}]}}