{"id":16448,"date":"2025-02-13T18:51:27","date_gmt":"2025-02-13T21:51:27","guid":{"rendered":"https:\/\/www.sportchaco.com.ar\/?p=16448"},"modified":"2025-02-13T18:51:27","modified_gmt":"2025-02-13T21:51:27","slug":"el-chaqueno-corbalan-citado-para-la-seleccion-argentina-de-basquet","status":"publish","type":"post","link":"https:\/\/www.sportchaco.com.ar\/?p=16448","title":{"rendered":"El chaque\u00f1o Corbal\u00e1n citado para la Selecci\u00f3n Argentina de B\u00e1squet"},"content":{"rendered":"<p><strong>13-02-2025<\/strong><\/p>\n<p><img loading=\"lazy\" decoding=\"async\" class=\" wp-image-6730 aligncenter\" src=\"https:\/\/www.sportchaco.com.ar\/wp-content\/uploads\/2024\/03\/aviso-colegios-acostado-1-300x50.jpg\" alt=\"\" width=\"324\" height=\"54\" srcset=\"https:\/\/www.sportchaco.com.ar\/wp-content\/uploads\/2024\/03\/aviso-colegios-acostado-1-300x50.jpg 300w, https:\/\/www.sportchaco.com.ar\/wp-content\/uploads\/2024\/03\/aviso-colegios-acostado-1-1024x171.jpg 1024w, https:\/\/www.sportchaco.com.ar\/wp-content\/uploads\/2024\/03\/aviso-colegios-acostado-1-768x128.jpg 768w, https:\/\/www.sportchaco.com.ar\/wp-content\/uploads\/2024\/03\/aviso-colegios-acostado-1.jpg 1200w\" sizes=\"auto, (max-width: 324px) 100vw, 324px\" \/><\/p>\n<p>El cuerpo t\u00e9cnico de la Selecci\u00f3n Argentina encabezado por Pablo Prigioni present\u00f3 la lista de\u00a024 jugadores\u00a0que integran la\u00a0Preselecci\u00f3n\u00a0para la tercera y \u00faltima Ventana de Clasificatorios rumbo a la AmeriCup 2025.<\/p>\n<p>El equipo argentino, l\u00edder del Grupo A (3 triunfos y 1 derrota), enfrentar\u00e1 a Venezuela en Caracas el jueves 20 de febrero y a Colombia en Cali el domingo 23.<\/p>\n<p>Cabe destacar que estos 24 jugadores presentados son los potencialmente convocables para la ventana, a la espera de la n\u00f3mina final de aquellos que comenzar\u00e1n oportunamente con los entrenamientos.<\/p>\n<p>Dentro de ellos se encuentra, nuevamente, el chaque\u00f1o de 22 a\u00f1os, Gonzalo Corbal\u00e1n que se desempe\u00f1a en el San Pablo Burgos de Espa\u00f1a y fue elegido MVP de la final de la Copa de Espa\u00f1a de B\u00e1squet.<\/p>\n<p>Los tres mejores equipos del Grupo A, B y D junto a los dos mejores del Grupo C y el pa\u00eds anfitri\u00f3n se clasificar\u00e1n al torneo. La AmeriCup 2025 se disputar\u00e1 del 23 al 31 de agosto en Managua, Nicaragua.<\/p>\n<p><strong>JUGADORES CONVOCADOS<\/strong><br \/>\n1. Aaliya, Lee (Instituto, Argentina)<br \/>\n2. Baralle, Franco (Minas, Brasil)<br \/>\n3. Bocca, Juan (Obradoiro, Espa\u00f1a)<br \/>\n4. Bolmaro, Leandro (Olimpia Milano, Italia)<br \/>\n5. Bord\u00f3n, Dylan (Gran Canaria, Espa\u00f1a)<br \/>\n6. Bressan, Gonzalo (Alicante, Espa\u00f1a)<br \/>\n7. Brussino, Nicol\u00e1s (Gran Canaria, Espa\u00f1a)<br \/>\n8. Caffaro, Francisco (B\u00e1squet Girona, Espa\u00f1a)<br \/>\n9. Campazzo, Facundo (Real Madrid, Espa\u00f1a)<br \/>\n10. Chapero, Tom\u00e1s (Obras Basket, Argentina)<br \/>\n<strong>11. Corbal\u00e1n, Gonzalo (San Pablo Burgos, Espa\u00f1a)<\/strong><br \/>\n12. Corval\u00e1n, Facundo (SESI Franca, Brasil)<br \/>\n13. Del\u00eda, Marcos (Boca Juniors, Argentina)<br \/>\n14. Fern\u00e1ndez, Juan (B\u00e1squet Girona, Espa\u00f1a)<br \/>\n15. Garino, Patricio (Estudiantes, Espa\u00f1a)<br \/>\n16. Giovannetti, Lucas (Estudiantes, Espa\u00f1a)<br \/>\n17. Lema, Leonardo (Atenas, Argentina)<br \/>\n18. Lugarini, Bautista (Instituto, Argentina)<br \/>\n19. Marcos, Juan Ignacio (Girona, Espa\u00f1a)<br \/>\n20. Negrete, Alex (Instituto, Argentina)<br \/>\n21. Redivo, Lucio (UEB Cividale, Italia)<br \/>\n22. Vaulet, Juan Pablo (Palencia, Espa\u00f1a)<br \/>\n23. Vildoza, Jos\u00e9 (Boca Juniors, Argentina)<br \/>\n24. Vildoza, Luca (Olympiakos, Grecia)<\/p>\n<p><img loading=\"lazy\" decoding=\"async\" class=\"size-full wp-image-16425 aligncenter\" src=\"https:\/\/www.sportchaco.com.ar\/wp-content\/uploads\/2025\/02\/salud-Comida-en-Hospitales-300x250-1.gif\" alt=\"\" width=\"300\" height=\"250\" \/><\/p>\n","protected":false},"excerpt":{"rendered":"<p>13-02-2025 El cuerpo t\u00e9cnico de la Selecci\u00f3n Argentina encabezado por Pablo Prigioni present\u00f3 la lista de\u00a024 jugadores\u00a0que integran la\u00a0Preselecci\u00f3n\u00a0para la tercera y \u00faltima Ventana de Clasificatorios rumbo a la AmeriCup 2025. El equipo argentino, l\u00edder del Grupo A (3 triunfos y 1 derrota), enfrentar\u00e1 a Venezuela en Caracas el jueves 20 de febrero y a &hellip;<\/p>\n","protected":false},"author":3,"featured_media":16449,"comment_status":"open","ping_status":"open","sticky":false,"template":"","format":"standard","meta":{"footnotes":""},"categories":[3],"tags":[],"class_list":["post-16448","post","type-post","status-publish","format-standard","has-post-thumbnail","hentry","category-basquetbol"],"_links":{"self":[{"href":"https:\/\/www.sportchaco.com.ar\/index.php?rest_route=\/wp\/v2\/posts\/16448","targetHints":{"allow":["GET"]}}],"collection":[{"href":"https:\/\/www.sportchaco.com.ar\/index.php?rest_route=\/wp\/v2\/posts"}],"about":[{"href":"https:\/\/www.sportchaco.com.ar\/index.php?rest_route=\/wp\/v2\/types\/post"}],"author":[{"embeddable":true,"href":"https:\/\/www.sportchaco.com.ar\/index.php?rest_route=\/wp\/v2\/users\/3"}],"replies":[{"embeddable":true,"href":"https:\/\/www.sportchaco.com.ar\/index.php?rest_route=%2Fwp%2Fv2%2Fcomments&post=16448"}],"version-history":[{"count":1,"href":"https:\/\/www.sportchaco.com.ar\/index.php?rest_route=\/wp\/v2\/posts\/16448\/revisions"}],"predecessor-version":[{"id":16450,"href":"https:\/\/www.sportchaco.com.ar\/index.php?rest_route=\/wp\/v2\/posts\/16448\/revisions\/16450"}],"wp:featuredmedia":[{"embeddable":true,"href":"https:\/\/www.sportchaco.com.ar\/index.php?rest_route=\/wp\/v2\/media\/16449"}],"wp:attachment":[{"href":"https:\/\/www.sportchaco.com.ar\/index.php?rest_route=%2Fwp%2Fv2%2Fmedia&parent=16448"}],"wp:term":[{"taxonomy":"category","embeddable":true,"href":"https:\/\/www.sportchaco.com.ar\/index.php?rest_route=%2Fwp%2Fv2%2Fcategories&post=16448"},{"taxonomy":"post_tag","embeddable":true,"href":"https:\/\/www.sportchaco.com.ar\/index.php?rest_route=%2Fwp%2Fv2%2Ftags&post=16448"}],"curies":[{"name":"wp","href":"https:\/\/api.w.org\/{rel}","templated":true}]}}