{"id":16494,"date":"2025-02-15T12:01:12","date_gmt":"2025-02-15T15:01:12","guid":{"rendered":"https:\/\/www.sportchaco.com.ar\/?p=16494"},"modified":"2025-02-15T12:01:12","modified_gmt":"2025-02-15T15:01:12","slug":"hindu-presento-oficialmente-su-equipo-para-la-temporada-2025","status":"publish","type":"post","link":"https:\/\/www.sportchaco.com.ar\/?p=16494","title":{"rendered":"Hind\u00fa present\u00f3 oficialmente su equipo para la temporada 2025"},"content":{"rendered":"<div id=\"right-content\" class=\"relative\">\n<div id=\"content-area\" class=\"left relative\">\n<div id=\"feat-img-reg\" class=\"relative\"><\/div>\n<div id=\"left-content-mobi\">\n<div class=\"author-info-mob-wrap\"><span class=\"vcard author\"><span class=\"author-name left fn\"><a title=\"Entradas de prensa\" href=\"https:\/\/baskettotal.com.ar\/author\/prensa\/\" rel=\"author\">prensa<\/a><\/span><\/span><\/p>\n<div class=\"post-date-wrap left relative post-date-mob\"><span class=\"post-date\"><time class=\"post-date updated\" datetime=\"2025-02-15\">15 febrero, 2025<\/time><\/span><\/div>\n<\/div>\n<\/div>\n<div id=\"tps_slideContainer_26324\" class=\"theiaPostSlider_slides\">\n<div>\n<p>\u00a0<strong>Luego de un arduo trabajo, donde prim\u00f3 el \u201csentido\u201d com\u00fan, tanto en lo institucional en aprobar la rama femenina como la CAB en extender los plazos de inscripci\u00f3n. Vale recordar que el \u201cb\u00f3lido verde\u201d fue el campe\u00f3n del Pre \u2013 Federal 2024<\/strong>.<\/p>\n<p>&nbsp;<\/p>\n<p>En la noche del viernes, ante una nutrida concurrencia de socios e hinchas, Hind\u00fa Club de Resistencia present\u00f3 en conferencia de prensa su equipo para la temporada 2025 de la Liga Federal de B\u00e1squet. Llegaron caras nuevas, otras volvieron y una fuerte apuesta a los juveniles. Vale recordar que \u00c1lvaro Ghidini y Juan Del\u00f3n estar\u00e1n en otros clubes durante la temporada.<\/p>\n<p>\u201cEn esta oportunidad, prim\u00f3 el sentido com\u00fan, tanto de nuestro club en considerar necesario tener la rama femenina, como de la Confederaci\u00f3n Argentina de B\u00e1squet (CAB) en extender los plazos de inscripci\u00f3n de categor\u00edas hasta el 31 de marzo\u201d, fueron las primeras palabras del presidente de Hind\u00fa, Luis Cequeira, quien estuvo acompa\u00f1ado en la mesa de oradores por el vicepresidente Oscar Rivas y secretario Ricardo Brocal.<\/p>\n<p>En este sentido, Cequeira anunci\u00f3 que la rama femenina comenzar\u00e1 el 5 de marzo, los lunes, mi\u00e9rcoles y viernes junto a la categor\u00eda U13. Para mayor informaci\u00f3n, los interesados pueden acercarse a la secretar\u00eda del club (Franklin 56).<\/p>\n<figure class=\"wp-block-image size-large\"><a href=\"https:\/\/baskettotal.com.ar\/wp-content\/uploads\/2025\/02\/DSC_0003.jpg\"><img loading=\"lazy\" decoding=\"async\" class=\"lazy wp-image-26325 lazy-loaded\" src=\"https:\/\/baskettotal.com.ar\/wp-content\/uploads\/2025\/02\/DSC_0003-1024x682.jpg\" sizes=\"auto, (max-width: 1024px) 100vw, 1024px\" srcset=\"https:\/\/baskettotal.com.ar\/wp-content\/uploads\/2025\/02\/DSC_0003-1024x682.jpg 1024w, https:\/\/baskettotal.com.ar\/wp-content\/uploads\/2025\/02\/DSC_0003-300x200.jpg 300w, https:\/\/baskettotal.com.ar\/wp-content\/uploads\/2025\/02\/DSC_0003-768x512.jpg 768w, https:\/\/baskettotal.com.ar\/wp-content\/uploads\/2025\/02\/DSC_0003.jpg 1040w\" alt=\"\" width=\"1024\" height=\"682\" data-lazy-type=\"image\" data-lazy-src=\"https:\/\/baskettotal.com.ar\/wp-content\/uploads\/2025\/02\/DSC_0003-1024x682.jpg\" data-lazy-srcset=\"https:\/\/baskettotal.com.ar\/wp-content\/uploads\/2025\/02\/DSC_0003-1024x682.jpg 1024w, https:\/\/baskettotal.com.ar\/wp-content\/uploads\/2025\/02\/DSC_0003-300x200.jpg 300w, https:\/\/baskettotal.com.ar\/wp-content\/uploads\/2025\/02\/DSC_0003-768x512.jpg 768w, https:\/\/baskettotal.com.ar\/wp-content\/uploads\/2025\/02\/DSC_0003.jpg 1040w\" data-lazy-sizes=\"(max-width: 1024px) 100vw, 1024px\" \/><\/a><\/figure>\n<p>&nbsp;<\/p>\n<p><strong>Un doble compromiso<\/strong><\/p>\n<p>Por su parte, el secretario de Hind\u00fa, Ricardo Brocal, explic\u00f3 que \u201cesta disposici\u00f3n de CAB hizo acelerar el proceso, donde ya ven\u00eda gest\u00e1ndose en el club la rama femenina, pero el espacio f\u00edsico era un impedimento\u201d.<\/p>\n<p>\u201cPara nosotros es un doble compromiso, por ser \u00fanica instituci\u00f3n representante de Resistencia en la Liga Federal; y la otra desarrollar el b\u00e1squet femenino de manera coherente, adem\u00e1s de ser un reconocimiento a las chicas, que despu\u00e9s del mini ten\u00edan que irse a otro club, ya que no pod\u00edamos brindarles esa contenci\u00f3n.<\/p>\n<p>&nbsp;<\/p>\n<p><strong>El equipo<br \/>\n<\/strong>El equipo de Hind\u00fa Club para la temporada 2025 de la Liga Federal de B\u00e1squet (LFB), estar\u00e1 conformado por:<\/p>\n<p><strong>FICHAS MAYORES:<\/strong> Mauro Coronel, Maximiliano Barrios, Federico Hoferek, Facundo De Jes\u00fas y Lucas Coronel.<\/p>\n<p><strong>FICHAS U23:<\/strong> Braian Maglier y M\u00e1ximo Rath.<\/p>\n<p><strong>FICHAS U21:<\/strong> Valentino Colman, Mat\u00edas Rosales y Tom\u00e1s Checura.<\/p>\n<p><strong>JUVENILES:<\/strong> Ger\u00f3nimo Brocal<\/p>\n<p><strong>CUERPO T\u00c9CNICO:<\/strong> Luis Cequeira (entrenador principal), Gonzalo Aguirre y Marcelo Cachi (asistentes) e Iv\u00e1n Olmedo (preparador f\u00edsico).<\/p>\n<p>Fuente: (Por Santiago Waissmann \/ Basket Total)<\/p>\n<p style=\"text-align: center;\"><img loading=\"lazy\" decoding=\"async\" class=\"alignnone size-full wp-image-16426\" src=\"https:\/\/www.sportchaco.com.ar\/wp-content\/uploads\/2025\/02\/Copy-of-BANNER-WEB-Comida-en-Hospitales-250x250-1.gif\" alt=\"\" width=\"250\" height=\"250\" \/><\/p>\n<\/div>\n<\/div>\n<\/div>\n<\/div>\n","protected":false},"excerpt":{"rendered":"<p>prensa 15 febrero, 2025 \u00a0Luego de un arduo trabajo, donde prim\u00f3 el \u201csentido\u201d com\u00fan, tanto en lo institucional en aprobar la rama femenina como la CAB en extender los plazos de inscripci\u00f3n. Vale recordar que el \u201cb\u00f3lido verde\u201d fue el campe\u00f3n del Pre \u2013 Federal 2024. &nbsp; En la noche del viernes, ante una nutrida &hellip;<\/p>\n","protected":false},"author":2,"featured_media":16495,"comment_status":"open","ping_status":"open","sticky":false,"template":"","format":"standard","meta":{"footnotes":""},"categories":[3],"tags":[],"class_list":["post-16494","post","type-post","status-publish","format-standard","has-post-thumbnail","hentry","category-basquetbol"],"_links":{"self":[{"href":"https:\/\/www.sportchaco.com.ar\/index.php?rest_route=\/wp\/v2\/posts\/16494","targetHints":{"allow":["GET"]}}],"collection":[{"href":"https:\/\/www.sportchaco.com.ar\/index.php?rest_route=\/wp\/v2\/posts"}],"about":[{"href":"https:\/\/www.sportchaco.com.ar\/index.php?rest_route=\/wp\/v2\/types\/post"}],"author":[{"embeddable":true,"href":"https:\/\/www.sportchaco.com.ar\/index.php?rest_route=\/wp\/v2\/users\/2"}],"replies":[{"embeddable":true,"href":"https:\/\/www.sportchaco.com.ar\/index.php?rest_route=%2Fwp%2Fv2%2Fcomments&post=16494"}],"version-history":[{"count":1,"href":"https:\/\/www.sportchaco.com.ar\/index.php?rest_route=\/wp\/v2\/posts\/16494\/revisions"}],"predecessor-version":[{"id":16496,"href":"https:\/\/www.sportchaco.com.ar\/index.php?rest_route=\/wp\/v2\/posts\/16494\/revisions\/16496"}],"wp:featuredmedia":[{"embeddable":true,"href":"https:\/\/www.sportchaco.com.ar\/index.php?rest_route=\/wp\/v2\/media\/16495"}],"wp:attachment":[{"href":"https:\/\/www.sportchaco.com.ar\/index.php?rest_route=%2Fwp%2Fv2%2Fmedia&parent=16494"}],"wp:term":[{"taxonomy":"category","embeddable":true,"href":"https:\/\/www.sportchaco.com.ar\/index.php?rest_route=%2Fwp%2Fv2%2Fcategories&post=16494"},{"taxonomy":"post_tag","embeddable":true,"href":"https:\/\/www.sportchaco.com.ar\/index.php?rest_route=%2Fwp%2Fv2%2Ftags&post=16494"}],"curies":[{"name":"wp","href":"https:\/\/api.w.org\/{rel}","templated":true}]}}