{"id":1650,"date":"2023-10-12T00:05:34","date_gmt":"2023-10-12T03:05:34","guid":{"rendered":"https:\/\/www.sportchaco.com.ar\/?p=1650"},"modified":"2023-10-12T00:05:34","modified_gmt":"2023-10-12T03:05:34","slug":"jorge-brito-hablo-de-enzo-perez-y-demichelis","status":"publish","type":"post","link":"https:\/\/www.sportchaco.com.ar\/?p=1650","title":{"rendered":"Jorge Brito habl\u00f3 de Enzo P\u00e9rez y Demichelis"},"content":{"rendered":"<h1><\/h1>\n<p class=\"description\"><em><strong>El presidente del Millonario banc\u00f3 otra vez al DT campe\u00f3n de la Liga Profesional y se refiri\u00f3 a la posibilidad de que el volante de 37 a\u00f1os siga vistiendo la camiseta de la banda roja.<\/strong><\/em><\/p>\n<figure class=\"rat16x9\"><strong><em>\u00a0<\/em><\/strong><em>TyC Sports<\/em><\/figure>\n<p>&nbsp;<\/p>\n<p>Foto de Enzo P\u00e9rez y Mart\u00edn Demichelis<\/p>\n","protected":false},"excerpt":{"rendered":"<p>El presidente del Millonario banc\u00f3 otra vez al DT campe\u00f3n de la Liga Profesional y se refiri\u00f3 a la posibilidad de que el volante de 37 a\u00f1os siga vistiendo la camiseta de la banda roja. \u00a0TyC Sports &nbsp; Foto de Enzo P\u00e9rez y Mart\u00edn Demichelis<\/p>\n","protected":false},"author":2,"featured_media":1651,"comment_status":"open","ping_status":"open","sticky":false,"template":"","format":"standard","meta":{"footnotes":""},"categories":[5,47],"tags":[],"class_list":["post-1650","post","type-post","status-publish","format-standard","has-post-thumbnail","hentry","category-futbol","category-nacionales"],"_links":{"self":[{"href":"https:\/\/www.sportchaco.com.ar\/index.php?rest_route=\/wp\/v2\/posts\/1650","targetHints":{"allow":["GET"]}}],"collection":[{"href":"https:\/\/www.sportchaco.com.ar\/index.php?rest_route=\/wp\/v2\/posts"}],"about":[{"href":"https:\/\/www.sportchaco.com.ar\/index.php?rest_route=\/wp\/v2\/types\/post"}],"author":[{"embeddable":true,"href":"https:\/\/www.sportchaco.com.ar\/index.php?rest_route=\/wp\/v2\/users\/2"}],"replies":[{"embeddable":true,"href":"https:\/\/www.sportchaco.com.ar\/index.php?rest_route=%2Fwp%2Fv2%2Fcomments&post=1650"}],"version-history":[{"count":1,"href":"https:\/\/www.sportchaco.com.ar\/index.php?rest_route=\/wp\/v2\/posts\/1650\/revisions"}],"predecessor-version":[{"id":1652,"href":"https:\/\/www.sportchaco.com.ar\/index.php?rest_route=\/wp\/v2\/posts\/1650\/revisions\/1652"}],"wp:featuredmedia":[{"embeddable":true,"href":"https:\/\/www.sportchaco.com.ar\/index.php?rest_route=\/wp\/v2\/media\/1651"}],"wp:attachment":[{"href":"https:\/\/www.sportchaco.com.ar\/index.php?rest_route=%2Fwp%2Fv2%2Fmedia&parent=1650"}],"wp:term":[{"taxonomy":"category","embeddable":true,"href":"https:\/\/www.sportchaco.com.ar\/index.php?rest_route=%2Fwp%2Fv2%2Fcategories&post=1650"},{"taxonomy":"post_tag","embeddable":true,"href":"https:\/\/www.sportchaco.com.ar\/index.php?rest_route=%2Fwp%2Fv2%2Ftags&post=1650"}],"curies":[{"name":"wp","href":"https:\/\/api.w.org\/{rel}","templated":true}]}}