{"id":16518,"date":"2025-02-15T23:24:42","date_gmt":"2025-02-16T02:24:42","guid":{"rendered":"https:\/\/www.sportchaco.com.ar\/?p=16518"},"modified":"2025-02-16T00:53:59","modified_gmt":"2025-02-16T03:53:59","slug":"16518","status":"publish","type":"post","link":"https:\/\/www.sportchaco.com.ar\/?p=16518","title":{"rendered":"Efem\u00e9rides del 16 de febrero"},"content":{"rendered":"<p><strong>16-02-2025<\/strong><\/p>\n<p><strong>Esta es la Efem\u00e9rides del Deporte en el Chaco de un 16 de febrero del periodista Luis Dar\u00edo Molodezky.<\/strong><\/p>\n<p><strong><img loading=\"lazy\" decoding=\"async\" class=\"alignnone size-medium wp-image-5658\" src=\"https:\/\/www.sportchaco.com.ar\/wp-content\/uploads\/2024\/02\/Luis-Molodezky-210x300.jpg\" sizes=\"auto, (max-width: 210px) 100vw, 210px\" srcset=\"https:\/\/www.sportchaco.com.ar\/wp-content\/uploads\/2024\/02\/Luis-Molodezky-210x300.jpg 210w, https:\/\/www.sportchaco.com.ar\/wp-content\/uploads\/2024\/02\/Luis-Molodezky.jpg 275w\" alt=\"\" width=\"210\" height=\"300\" \/><\/strong><\/p>\n<p>&nbsp;<\/p>\n<p><strong>1984\u00a0<\/strong>\/ Se funda el club cicl\u00edstico Ferm\u00edn Hidalgo, que cumple una etapa brillante en el desarrollo de la actividad. Su presidente y alma m\u00e1ter fue Jos\u00e9 Germ\u00e1n L\u00f3pez.<\/p>\n<p>&nbsp;<\/p>\n<p><img loading=\"lazy\" decoding=\"async\" class=\"wp-image-6524 aligncenter\" src=\"https:\/\/www.sportchaco.com.ar\/wp-content\/uploads\/2024\/03\/AVISO1-300x50.jpeg\" sizes=\"auto, (max-width: 420px) 100vw, 420px\" srcset=\"https:\/\/www.sportchaco.com.ar\/wp-content\/uploads\/2024\/03\/AVISO1-300x50.jpeg 300w, https:\/\/www.sportchaco.com.ar\/wp-content\/uploads\/2024\/03\/AVISO1-1024x171.jpeg 1024w, https:\/\/www.sportchaco.com.ar\/wp-content\/uploads\/2024\/03\/AVISO1-768x129.jpeg 768w, https:\/\/www.sportchaco.com.ar\/wp-content\/uploads\/2024\/03\/AVISO1.jpeg 1201w\" alt=\"\" width=\"420\" height=\"70\" \/><\/p>\n<p><strong>2020 \/<\/strong>\u00a0Fallece en Resistencia el polifac\u00e9tico y controvertido deportista y dirigente F\u00e9lix Echezarreta a los 87 a\u00f1os. Practic\u00f3 jockey, f\u00fatbol, pesca entre otros y lo que finalmente abraz\u00f3 fue el deporte tuerca. Muy jovencito junto a sus hermanos arrancaba las 3 de la ma\u00f1ana de cada d\u00eda con el reparto de leche en la ciudad en la d\u00e9cada del \u201840, mientras corr\u00eda junto al carro para entrenar. Mostr\u00f3 sus dotes de futbolista en el barrio El Favorito, donde se crio y fue jockey en carreras cuadreras. Luego se proyect\u00f3 en canchas del medio destac\u00e1ndose en los Juegos Evita, hasta desembarcar en Argentino del Norte, Uni\u00f3n de Villa Perrando y For Ever con sus dotes de goleador. Fue m\u00faltiple campe\u00f3n en automovilismo, desde karting, motociclismo y karting. Pionero de la F\u00f3rmula Renault, se retir\u00f3 con 62 a\u00f1os en Las Parejas, Santa Fe, en la carrera que marc\u00f3 el primer triunfo de Juan Manuel \u201cPato\u201d Silva. Fund\u00f3 diversas entidades deportivas como el Chaco Automoto Club (refundaci\u00f3n), Asociaci\u00f3n de Volantes, Federaci\u00f3n de Automovilismo. Particip\u00f3 con 77 a\u00f1os de la competencia \u2013 homenaje por los 50 a\u00f1os de la Buenos Aires \u2013 Caracas. Corri\u00f3 adem\u00e1s en las distintas clases del Zonal con Torino en la D y Gordini en la Clase A. Hab\u00eda nacido el 28 de noviembre de 1932<\/p>\n<p><img loading=\"lazy\" decoding=\"async\" class=\"alignnone size-full wp-image-16426 aligncenter\" src=\"https:\/\/www.sportchaco.com.ar\/wp-content\/uploads\/2025\/02\/Copy-of-BANNER-WEB-Comida-en-Hospitales-250x250-1.gif\" alt=\"\" width=\"250\" height=\"250\" \/><\/p>\n<div class=\"post-bottom-meta post-bottom-edit\">\n<div class=\"post-bottom-meta-title\"><\/div>\n<\/div>\n","protected":false},"excerpt":{"rendered":"<p>16-02-2025 Esta es la Efem\u00e9rides del Deporte en el Chaco de un 16 de febrero del periodista Luis Dar\u00edo Molodezky. &nbsp; 1984\u00a0\/ Se funda el club cicl\u00edstico Ferm\u00edn Hidalgo, que cumple una etapa brillante en el desarrollo de la actividad. Su presidente y alma m\u00e1ter fue Jos\u00e9 Germ\u00e1n L\u00f3pez. &nbsp; 2020 \/\u00a0Fallece en Resistencia el &hellip;<\/p>\n","protected":false},"author":2,"featured_media":16519,"comment_status":"open","ping_status":"open","sticky":false,"template":"","format":"standard","meta":{"footnotes":""},"categories":[45,32],"tags":[],"class_list":["post-16518","post","type-post","status-publish","format-standard","has-post-thumbnail","hentry","category-efemerides-dia-por-dia","category-febrero"],"_links":{"self":[{"href":"https:\/\/www.sportchaco.com.ar\/index.php?rest_route=\/wp\/v2\/posts\/16518","targetHints":{"allow":["GET"]}}],"collection":[{"href":"https:\/\/www.sportchaco.com.ar\/index.php?rest_route=\/wp\/v2\/posts"}],"about":[{"href":"https:\/\/www.sportchaco.com.ar\/index.php?rest_route=\/wp\/v2\/types\/post"}],"author":[{"embeddable":true,"href":"https:\/\/www.sportchaco.com.ar\/index.php?rest_route=\/wp\/v2\/users\/2"}],"replies":[{"embeddable":true,"href":"https:\/\/www.sportchaco.com.ar\/index.php?rest_route=%2Fwp%2Fv2%2Fcomments&post=16518"}],"version-history":[{"count":2,"href":"https:\/\/www.sportchaco.com.ar\/index.php?rest_route=\/wp\/v2\/posts\/16518\/revisions"}],"predecessor-version":[{"id":16521,"href":"https:\/\/www.sportchaco.com.ar\/index.php?rest_route=\/wp\/v2\/posts\/16518\/revisions\/16521"}],"wp:featuredmedia":[{"embeddable":true,"href":"https:\/\/www.sportchaco.com.ar\/index.php?rest_route=\/wp\/v2\/media\/16519"}],"wp:attachment":[{"href":"https:\/\/www.sportchaco.com.ar\/index.php?rest_route=%2Fwp%2Fv2%2Fmedia&parent=16518"}],"wp:term":[{"taxonomy":"category","embeddable":true,"href":"https:\/\/www.sportchaco.com.ar\/index.php?rest_route=%2Fwp%2Fv2%2Fcategories&post=16518"},{"taxonomy":"post_tag","embeddable":true,"href":"https:\/\/www.sportchaco.com.ar\/index.php?rest_route=%2Fwp%2Fv2%2Ftags&post=16518"}],"curies":[{"name":"wp","href":"https:\/\/api.w.org\/{rel}","templated":true}]}}