{"id":16539,"date":"2025-02-16T21:08:18","date_gmt":"2025-02-17T00:08:18","guid":{"rendered":"https:\/\/www.sportchaco.com.ar\/?p=16539"},"modified":"2025-02-16T21:08:18","modified_gmt":"2025-02-17T00:08:18","slug":"debut-y-podio-para-renz-polini-en-formula-2","status":"publish","type":"post","link":"https:\/\/www.sportchaco.com.ar\/?p=16539","title":{"rendered":"Debut y podio para Renz Polini en F\u00f3rmula 2"},"content":{"rendered":"<section class=\"elementor-section elementor-top-section elementor-element elementor-element-cdfdee6 elementor-section-boxed elementor-section-height-default elementor-section-height-default\" data-id=\"cdfdee6\" data-element_type=\"section\">\n<div class=\"elementor-container elementor-column-gap-default\">\n<div class=\"elementor-column elementor-col-100 elementor-top-column elementor-element elementor-element-a599e12\" data-id=\"a599e12\" data-element_type=\"column\">\n<div class=\"elementor-widget-wrap elementor-element-populated\">\n<div class=\"elementor-element elementor-element-8d427dc elementor-widget elementor-widget-theme-post-title elementor-page-title elementor-widget-heading\" data-id=\"8d427dc\" data-element_type=\"widget\" data-widget_type=\"theme-post-title.default\">\n<div class=\"elementor-widget-container\">\n<h1 class=\"elementor-heading-title elementor-size-default\">F\u00f3rmula 2: El chaque\u00f1o de Coronel Du Graty Renzo Polini fue segundo en su debut en la categor\u00eda, que se disputo en Viedma junto al TC.<\/h1>\n<\/div>\n<\/div>\n<div class=\"elementor-element elementor-element-8e91e1a elementor-widget elementor-widget-theme-post-excerpt\" data-id=\"8e91e1a\" data-element_type=\"widget\" data-widget_type=\"theme-post-excerpt.default\">\n<div class=\"elementor-widget-container\">El neuquino y el equipo Mart\u00ednez Competici\u00f3n consiguieron en la primera ronda del campeonato 2025 ser los dominadores absolutos en la pista la \u00abComarca Patag\u00f3nica\u00bb. Foto portada de Renzo Polini<\/div>\n<div><\/div>\n<\/div>\n<div class=\"elementor-element elementor-element-f852b45 elementor-widget__width-auto elementor-widget elementor-widget-post-info\" data-id=\"f852b45\" data-element_type=\"widget\" data-widget_type=\"post-info.default\">\n<div class=\"elementor-widget-container\">\n<ul class=\"elementor-inline-items elementor-icon-list-items elementor-post-info\">\n<li style=\"list-style-type: none\">\n<ul class=\"elementor-inline-items elementor-icon-list-items elementor-post-info\">\n<li class=\"elementor-icon-list-item elementor-repeater-item-3ad0758 elementor-inline-item\">Fuente <a href=\"https:\/\/campeones.com.ar\/author\/miguelpaez\/\"><span class=\"elementor-icon-list-text elementor-post-info__item elementor-post-info__item--type-author\">Miguel Paez &#8211;\u00a0 Campeones<\/span><\/a><\/li>\n<\/ul>\n<\/li>\n<\/ul>\n<\/div>\n<\/div>\n<\/div>\n<\/div>\n<\/div>\n<\/section>\n<section class=\"elementor-section elementor-top-section elementor-element elementor-element-eb71e8a elementor-section-boxed elementor-section-height-default elementor-section-height-default\" data-id=\"eb71e8a\" data-element_type=\"section\">\n<div class=\"elementor-container elementor-column-gap-default\">\n<div class=\"elementor-column elementor-col-100 elementor-top-column elementor-element elementor-element-5479730\" data-id=\"5479730\" data-element_type=\"column\">\n<div class=\"elementor-widget-wrap elementor-element-populated\">\n<div class=\"elementor-element elementor-element-c24f4f9 elementor-widget elementor-widget-theme-post-featured-image elementor-widget-image\" data-id=\"c24f4f9\" data-element_type=\"widget\" data-widget_type=\"theme-post-featured-image.default\">\n<div class=\"elementor-widget-container\"><img loading=\"lazy\" decoding=\"async\" class=\"alignnone size-medium wp-image-16540\" src=\"https:\/\/www.sportchaco.com.ar\/wp-content\/uploads\/2025\/02\/POLINI-AUTO-300x145.jpg\" alt=\"\" width=\"300\" height=\"145\" srcset=\"https:\/\/www.sportchaco.com.ar\/wp-content\/uploads\/2025\/02\/POLINI-AUTO-300x145.jpg 300w, https:\/\/www.sportchaco.com.ar\/wp-content\/uploads\/2025\/02\/POLINI-AUTO-1024x495.jpg 1024w, https:\/\/www.sportchaco.com.ar\/wp-content\/uploads\/2025\/02\/POLINI-AUTO-768x371.jpg 768w, https:\/\/www.sportchaco.com.ar\/wp-content\/uploads\/2025\/02\/POLINI-AUTO.jpg 1080w\" sizes=\"auto, (max-width: 300px) 100vw, 300px\" \/><\/div>\n<\/div>\n<\/div>\n<\/div>\n<\/div>\n<\/section>\n<section class=\"elementor-section elementor-top-section elementor-element elementor-element-dc2b3af elementor-reverse-tablet elementor-reverse-mobile elementor-section-boxed elementor-section-height-default elementor-section-height-default\" data-id=\"dc2b3af\" data-element_type=\"section\">\n<div class=\"elementor-container elementor-column-gap-default\">\n<div class=\"elementor-column elementor-col-100 elementor-top-column elementor-element elementor-element-9e16f65\" data-id=\"9e16f65\" data-element_type=\"column\">\n<div class=\"elementor-widget-wrap elementor-element-populated\">\n<div class=\"elementor-element elementor-element-42a1ebd elementor-widget elementor-widget-theme-post-content\" data-id=\"42a1ebd\" data-element_type=\"widget\" data-widget_type=\"theme-post-content.default\">\n<div class=\"elementor-widget-container\">\n<p>&nbsp;<\/p>\n<p>Tan contundente como en las sesiones preliminares, desde la clasificaci\u00f3n y la carrera preliminar,\u00a0<strong>Valent\u00edn Jara<\/strong>\u00a0y el auto que le alista el equipo\u00a0<strong>Mart\u00ednez Competici\u00f3n<\/strong>\u00a0consigui\u00f3 en la competencia dominical revalidar ese dominio y marcar el primer triunfo de la temporada en el campeonato de F\u00f3rmula 2, que se corri\u00f3 en el aut\u00f3dromo Ciudad de Viedma (R\u00edo Negro).<\/p>\n<p>\u00ab<em><strong>Fue un gran trabajo con el equipo durante todo el fin de semana. Hicimos una carrera tranquila que solo se alter\u00f3 con la neutralizaci\u00f3n del Pace Car<\/strong><\/em>\u00ab, se\u00f1al\u00f3 el piloto neuquino tras conseguir su\u00a0<strong>segunda victoria<\/strong>\u00a0(la anterior fue en Toay 2024), con el coche que le atiende la escuder\u00eda de Quem\u00fa Quem\u00fa (La Pampa) que alcanz\u00f3 su cuarto triunfo consecutivo.<\/p>\n<p>Manteniendo la vanguardia durante la docena de giros que se recorrieron en el circuito de 4.118 metros, el neuquino tom\u00f3 r\u00e1pidamente las diferencias sobreel chaque\u00f1o <strong>Stefano Polini<\/strong>, quien nuevamente fue su escolta (termin\u00f3 a 1s341) y\u00a0<strong>Joaqu\u00edn Rubino<\/strong>\u00a0(a m\u00e1s de dos segundos), ambos debutantes tambi\u00e9n repitieron el resultado de la prueba sabatina.<\/p>\n<p>Luego finalizaron\u00a0<strong>Brian Massa<\/strong>\u00a0y\u00a0<strong>Valentino Alaux<\/strong>, quienes mantuvieron una intensa disputa, seguidos por\u00a0<strong>Ignacio D\u00edaz<\/strong>,\u00a0<strong>Ignacio Monti<\/strong>, el debutante\u00a0<strong>Jorge Luis Bruno<\/strong>,<strong>\u00a0Federico Piper<\/strong>\u00a0y\u00a0<strong>Ramiro Cuenca<\/strong>.<\/p>\n<p>Quienes\u00a0<strong>no pudieron ver la bandera de cuadros<\/strong>\u00a0fueron\u00a0<strong>Franco Ledesma<\/strong>\u00a0y\u00a0<strong>Thiago Bettino<\/strong>, protagonistas de un toque en el ingreso de la recta principal que deriv\u00f3 en la neutralizaci\u00f3n con Pace Car durante el quinto giro, para retirar las unidades que se detuvieron contra el muro de boxes a metros de la meta y de la direcci\u00f3n de la carrera. Por dicha maniobra, los comisarios consideraron responsable al piloto de Caseros y lo excluyeron.<\/p>\n<p>La pr\u00f3xima ronda del calendario de F\u00f3rmula 2 ser\u00e1 el 29 y 30 de marzo, en el aut\u00f3dromo Provincia del Neuqu\u00e9n, en Centenario, adonde Jara llegar\u00e1 con 48 puntos encabezando el certamen, escoltado por los n\u00f3veles Polini a seis y Rubino a 12.<\/p>\n<\/div>\n<p>&nbsp;<\/p>\n<\/div>\n<div class=\"elementor-element elementor-element-5773c82 elementor-widget-divider--view-line elementor-widget elementor-widget-divider\" data-id=\"5773c82\" data-element_type=\"widget\" data-widget_type=\"divider.default\">\n<div class=\"elementor-widget-container\">\n<div class=\"elementor-divider\">\n<p><strong>PRESENTACION<\/strong><\/p>\n<p>Una muy buena carta de presentaci\u00f3n tuvo Stefano Polini en la tanda de entrenamiento que realiz\u00f3 la F\u00f3rmula 2 en el aut\u00f3dromo de Viedma, en donde comienza el certamen. El piloto de Coronel Du Graty (Chaco) estableci\u00f3 el mejor tiempo de la sesi\u00f3n a bordo del auto de Mart\u00ednez Competici\u00f3n con 1m33s768 para recorrer los 4.118 metros.<\/p>\n<p>A 191 mil\u00e9simas lo escolt\u00f3 Valentino Alaux, en tanto que a 0s225 se ubic\u00f3 Joaqu\u00edn Robino, quien tambi\u00e9n debuta. Luego se escalonaron Valent\u00edn Jara (a 0s404), Ignacio D\u00edas (a 0s409), Brian Massa (a 0s678) e Ignacio Monti (a 0s720). Detr\u00e1s quedaron Franco Ledesma, Thiago Bettino, Federico Piper, Ramiro Cuenca y Jorge Luis Bruno, otro de los n\u00f3veles pilotos en esta fecha.<\/p>\n<p style=\"text-align: center;\"><img loading=\"lazy\" decoding=\"async\" class=\"alignnone size-full wp-image-16426\" src=\"https:\/\/www.sportchaco.com.ar\/wp-content\/uploads\/2025\/02\/Copy-of-BANNER-WEB-Comida-en-Hospitales-250x250-1.gif\" alt=\"\" width=\"250\" height=\"250\" \/><\/p>\n<\/div>\n<\/div>\n<\/div>\n<div class=\"elementor-element elementor-element-26534a8 elementor-author-box--layout-image-left elementor-author-box--align-left elementor-widget__width-inherit elementor-author-box--avatar-yes elementor-author-box--name-yes elementor-widget elementor-widget-author-box\" data-id=\"26534a8\" data-element_type=\"widget\" data-widget_type=\"author-box.default\">\n<div class=\"elementor-widget-container\">\n<div class=\"elementor-author-box\"><\/div>\n<\/div>\n<\/div>\n<\/div>\n<\/div>\n<\/div>\n<\/section>\n","protected":false},"excerpt":{"rendered":"<p>F\u00f3rmula 2: El chaque\u00f1o de Coronel Du Graty Renzo Polini fue segundo en su debut en la categor\u00eda, que se disputo en Viedma junto al TC. El neuquino y el equipo Mart\u00ednez Competici\u00f3n consiguieron en la primera ronda del campeonato 2025 ser los dominadores absolutos en la pista la \u00abComarca Patag\u00f3nica\u00bb. Foto portada de Renzo &hellip;<\/p>\n","protected":false},"author":2,"featured_media":16541,"comment_status":"open","ping_status":"open","sticky":false,"template":"","format":"standard","meta":{"footnotes":""},"categories":[2],"tags":[],"class_list":["post-16539","post","type-post","status-publish","format-standard","has-post-thumbnail","hentry","category-automovilismo"],"_links":{"self":[{"href":"https:\/\/www.sportchaco.com.ar\/index.php?rest_route=\/wp\/v2\/posts\/16539","targetHints":{"allow":["GET"]}}],"collection":[{"href":"https:\/\/www.sportchaco.com.ar\/index.php?rest_route=\/wp\/v2\/posts"}],"about":[{"href":"https:\/\/www.sportchaco.com.ar\/index.php?rest_route=\/wp\/v2\/types\/post"}],"author":[{"embeddable":true,"href":"https:\/\/www.sportchaco.com.ar\/index.php?rest_route=\/wp\/v2\/users\/2"}],"replies":[{"embeddable":true,"href":"https:\/\/www.sportchaco.com.ar\/index.php?rest_route=%2Fwp%2Fv2%2Fcomments&post=16539"}],"version-history":[{"count":1,"href":"https:\/\/www.sportchaco.com.ar\/index.php?rest_route=\/wp\/v2\/posts\/16539\/revisions"}],"predecessor-version":[{"id":16542,"href":"https:\/\/www.sportchaco.com.ar\/index.php?rest_route=\/wp\/v2\/posts\/16539\/revisions\/16542"}],"wp:featuredmedia":[{"embeddable":true,"href":"https:\/\/www.sportchaco.com.ar\/index.php?rest_route=\/wp\/v2\/media\/16541"}],"wp:attachment":[{"href":"https:\/\/www.sportchaco.com.ar\/index.php?rest_route=%2Fwp%2Fv2%2Fmedia&parent=16539"}],"wp:term":[{"taxonomy":"category","embeddable":true,"href":"https:\/\/www.sportchaco.com.ar\/index.php?rest_route=%2Fwp%2Fv2%2Fcategories&post=16539"},{"taxonomy":"post_tag","embeddable":true,"href":"https:\/\/www.sportchaco.com.ar\/index.php?rest_route=%2Fwp%2Fv2%2Ftags&post=16539"}],"curies":[{"name":"wp","href":"https:\/\/api.w.org\/{rel}","templated":true}]}}