{"id":16543,"date":"2025-02-17T23:35:53","date_gmt":"2025-02-18T02:35:53","guid":{"rendered":"https:\/\/www.sportchaco.com.ar\/?p=16543"},"modified":"2025-02-18T18:10:28","modified_gmt":"2025-02-18T21:10:28","slug":"las-brenas-social-y-ambalab-proponen-un-basquet-de-calidad","status":"publish","type":"post","link":"https:\/\/www.sportchaco.com.ar\/?p=16543","title":{"rendered":"Las Bre\u00f1as: Social y AMBALAB proponen un b\u00e1squet de calidad"},"content":{"rendered":"<p><strong>17-02-2025<\/strong><\/p>\n<p><img loading=\"lazy\" decoding=\"async\" class=\"size-medium wp-image-7249 aligncenter\" src=\"https:\/\/www.sportchaco.com.ar\/wp-content\/uploads\/2024\/03\/aviso-Impulsamos-turismo-1-300x31.jpg\" alt=\"\" width=\"300\" height=\"31\" srcset=\"https:\/\/www.sportchaco.com.ar\/wp-content\/uploads\/2024\/03\/aviso-Impulsamos-turismo-1-300x31.jpg 300w, https:\/\/www.sportchaco.com.ar\/wp-content\/uploads\/2024\/03\/aviso-Impulsamos-turismo-1-1024x106.jpg 1024w, https:\/\/www.sportchaco.com.ar\/wp-content\/uploads\/2024\/03\/aviso-Impulsamos-turismo-1-768x79.jpg 768w, https:\/\/www.sportchaco.com.ar\/wp-content\/uploads\/2024\/03\/aviso-Impulsamos-turismo-1.jpg 1366w\" sizes=\"auto, (max-width: 300px) 100vw, 300px\" \/><\/p>\n<p class=\"story-title entry-title\"><span style=\"font-size: 16px; font-weight: 400;\">El b\u00e1squet de Las Bre\u00f1as viene marcando presencia en todas sus categor\u00edas, desde minib\u00e1squet hasta todas las categor\u00edas formativas. En este sentido, Social y Asociaci\u00f3n de Maxi B\u00e1squet Las Bre\u00f1as (AMBALAB) vienen llevando adelante un gran trabajo en la localidad, en todas las categor\u00edas y en ambas ramas.<\/span><\/p>\n<div id=\"right-content\" class=\"relative\">\n<div id=\"content-area\" class=\"left relative\">\n<div id=\"tps_slideContainer_26343\" class=\"theiaPostSlider_slides\">\n<p><strong>SOCIAL<br \/>\n<\/strong>Con respecto al trabajo de Social de Las Bre\u00f1as, se est\u00e1 entrenando todos los d\u00edas en formativas, con trabajos f\u00edsicos y luego fundamentos para poner la base y arrancar posteriormente ejercicios en equipo.<\/p>\n<p>Los d\u00edas y horarios de entrenamientos, son los siguientes:<br \/>\n_ Categor\u00eda U13: Lunes a viernes de 18 a 19 horas.<br \/>\n_ Categor\u00eda U15: Lunes a viernes de19 a 20:30 horas.<br \/>\n_ Categor\u00eda U17: Lunes a viernes de 20:30 a 22 horas.<\/p>\n<figure class=\"wp-block-image size-full\"><a href=\"https:\/\/baskettotal.com.ar\/wp-content\/uploads\/2025\/02\/Social-2.jpg\"><img loading=\"lazy\" decoding=\"async\" class=\"lazy wp-image-26348 lazy-loaded\" src=\"https:\/\/baskettotal.com.ar\/wp-content\/uploads\/2025\/02\/Social-2.jpg\" sizes=\"auto, (max-width: 585px) 100vw, 585px\" srcset=\"https:\/\/baskettotal.com.ar\/wp-content\/uploads\/2025\/02\/Social-2.jpg 585w, https:\/\/baskettotal.com.ar\/wp-content\/uploads\/2025\/02\/Social-2-225x300.jpg 225w\" alt=\"\" width=\"585\" height=\"780\" data-lazy-type=\"image\" data-lazy-src=\"https:\/\/baskettotal.com.ar\/wp-content\/uploads\/2025\/02\/Social-2.jpg\" data-lazy-srcset=\"https:\/\/baskettotal.com.ar\/wp-content\/uploads\/2025\/02\/Social-2.jpg 585w, https:\/\/baskettotal.com.ar\/wp-content\/uploads\/2025\/02\/Social-2-225x300.jpg 225w\" data-lazy-sizes=\"(max-width: 585px) 100vw, 585px\" \/><\/a><\/figure>\n<p>\u00abEn cuanto a las expectativas para este 2025, es mantenernos sobre lo que se vino trabajando, donde en el 2024 se logr\u00f3 el campeonato Asociativo U15; si bien la renovaci\u00f3n es total de los jugadores, el objetivo es poder llegar a las mismas instancias\u00bb, remarc\u00f3 Gustavo Kacharuk, de la subcomisi\u00f3n de B\u00e1squet de Social.<\/p>\n<figure class=\"wp-block-image size-large\"><a href=\"https:\/\/baskettotal.com.ar\/wp-content\/uploads\/2025\/02\/Social-1.jpg\"><img loading=\"lazy\" decoding=\"async\" class=\"lazy wp-image-26344 lazy-loaded\" src=\"https:\/\/baskettotal.com.ar\/wp-content\/uploads\/2025\/02\/Social-1-1024x768.jpg\" sizes=\"auto, (max-width: 1024px) 100vw, 1024px\" srcset=\"https:\/\/baskettotal.com.ar\/wp-content\/uploads\/2025\/02\/Social-1-1024x768.jpg 1024w, https:\/\/baskettotal.com.ar\/wp-content\/uploads\/2025\/02\/Social-1-300x225.jpg 300w, https:\/\/baskettotal.com.ar\/wp-content\/uploads\/2025\/02\/Social-1-768x576.jpg 768w, https:\/\/baskettotal.com.ar\/wp-content\/uploads\/2025\/02\/Social-1.jpg 1040w\" alt=\"\" width=\"1024\" height=\"768\" data-lazy-type=\"image\" data-lazy-src=\"https:\/\/baskettotal.com.ar\/wp-content\/uploads\/2025\/02\/Social-1-1024x768.jpg\" data-lazy-srcset=\"https:\/\/baskettotal.com.ar\/wp-content\/uploads\/2025\/02\/Social-1-1024x768.jpg 1024w, https:\/\/baskettotal.com.ar\/wp-content\/uploads\/2025\/02\/Social-1-300x225.jpg 300w, https:\/\/baskettotal.com.ar\/wp-content\/uploads\/2025\/02\/Social-1-768x576.jpg 768w, https:\/\/baskettotal.com.ar\/wp-content\/uploads\/2025\/02\/Social-1.jpg 1040w\" data-lazy-sizes=\"(max-width: 1024px) 100vw, 1024px\" \/><\/a><\/figure>\n<p><strong>AMBALAB<br \/>\n<\/strong>Con respecto a la actualidad del b\u00e1squet de AMBALAB que inici\u00f3 la actividad a mediados de enero, Alfredo Afranchi, del b\u00e1squet de la instituci\u00f3n bre\u00f1ense, afirm\u00f3 que \u00abse arranc\u00f3 el a\u00f1o excelentes expectativas , somos un club nuevo que comenz\u00f3 hace 2 a\u00f1os y tenemos la idea es seguir aumentando el caudal de chicos para generar la retroalimentaci\u00f3n a las categor\u00edas mas grandes\u00bb.<\/p>\n<p>\u00abEl objetivo del club es fomentar la formaci\u00f3n de los jugadores, tratar de que el chico crezca t\u00e9cnicamente, pero a la vez que aprender a controlar su temperamento y emociones y que tengan una actitud constante para su mejoramiento\u00bb, finaliz\u00f3 Afranchi, aclarando que todo este trabajo lo realiza en conjunto con el preparador f\u00edsico Adri\u00e1n Toledo y la flamante entrenadora Majo Paz.<\/p>\n<figure class=\"wp-block-image size-full\"><a href=\"https:\/\/baskettotal.com.ar\/wp-content\/uploads\/2025\/02\/ambalab-3-1.png\"><img loading=\"lazy\" decoding=\"async\" class=\"lazy wp-image-26346 lazy-loaded\" src=\"https:\/\/baskettotal.com.ar\/wp-content\/uploads\/2025\/02\/ambalab-3-1.png\" sizes=\"auto, (max-width: 503px) 100vw, 503px\" srcset=\"https:\/\/baskettotal.com.ar\/wp-content\/uploads\/2025\/02\/ambalab-3-1.png 503w, https:\/\/baskettotal.com.ar\/wp-content\/uploads\/2025\/02\/ambalab-3-1-300x217.png 300w\" alt=\"\" width=\"503\" height=\"363\" data-lazy-type=\"image\" data-lazy-src=\"https:\/\/baskettotal.com.ar\/wp-content\/uploads\/2025\/02\/ambalab-3-1.png\" data-lazy-srcset=\"https:\/\/baskettotal.com.ar\/wp-content\/uploads\/2025\/02\/ambalab-3-1.png 503w, https:\/\/baskettotal.com.ar\/wp-content\/uploads\/2025\/02\/ambalab-3-1-300x217.png 300w\" data-lazy-sizes=\"(max-width: 503px) 100vw, 503px\" \/><\/a><\/figure>\n<p>D\u00edas y horarios del b\u00e1squet de AMBALAB<br \/>\nLunes, mi\u00e9rcoles y viernes, de 18 a 19 horas (pre \u2013 mini)<br \/>\nLunes, mi\u00e9rcoles y viernes de 19 a 20 horas (U11 y U13)<br \/>\nDesde las 20 horas en adelante, las categor\u00edas formativas<br \/>\nMartes y jueves, de 18 a 19 Escuelita y Mosquitos<br \/>\nMartes y jueves de 19 a 20 U13<br \/>\nMartes y jueves desde las 20 en adelante, las categor\u00edas formativas<\/p>\n<\/div>\n<\/div>\n<p><img loading=\"lazy\" decoding=\"async\" class=\"size-medium wp-image-16547 aligncenter\" src=\"https:\/\/www.sportchaco.com.ar\/wp-content\/uploads\/2025\/02\/BANNER-WEB-Qdenga-250x250-1-300x300.gif\" alt=\"\" width=\"300\" height=\"300\" srcset=\"https:\/\/www.sportchaco.com.ar\/wp-content\/uploads\/2025\/02\/BANNER-WEB-Qdenga-250x250-1-300x300.gif 300w, https:\/\/www.sportchaco.com.ar\/wp-content\/uploads\/2025\/02\/BANNER-WEB-Qdenga-250x250-1-150x150.gif 150w\" sizes=\"auto, (max-width: 300px) 100vw, 300px\" \/><\/p>\n<\/div>\n","protected":false},"excerpt":{"rendered":"<p>17-02-2025 El b\u00e1squet de Las Bre\u00f1as viene marcando presencia en todas sus categor\u00edas, desde minib\u00e1squet hasta todas las categor\u00edas formativas. En este sentido, Social y Asociaci\u00f3n de Maxi B\u00e1squet Las Bre\u00f1as (AMBALAB) vienen llevando adelante un gran trabajo en la localidad, en todas las categor\u00edas y en ambas ramas. SOCIAL Con respecto al trabajo de &hellip;<\/p>\n","protected":false},"author":2,"featured_media":16545,"comment_status":"open","ping_status":"open","sticky":false,"template":"","format":"standard","meta":{"footnotes":""},"categories":[3],"tags":[],"class_list":["post-16543","post","type-post","status-publish","format-standard","has-post-thumbnail","hentry","category-basquetbol"],"_links":{"self":[{"href":"https:\/\/www.sportchaco.com.ar\/index.php?rest_route=\/wp\/v2\/posts\/16543","targetHints":{"allow":["GET"]}}],"collection":[{"href":"https:\/\/www.sportchaco.com.ar\/index.php?rest_route=\/wp\/v2\/posts"}],"about":[{"href":"https:\/\/www.sportchaco.com.ar\/index.php?rest_route=\/wp\/v2\/types\/post"}],"author":[{"embeddable":true,"href":"https:\/\/www.sportchaco.com.ar\/index.php?rest_route=\/wp\/v2\/users\/2"}],"replies":[{"embeddable":true,"href":"https:\/\/www.sportchaco.com.ar\/index.php?rest_route=%2Fwp%2Fv2%2Fcomments&post=16543"}],"version-history":[{"count":6,"href":"https:\/\/www.sportchaco.com.ar\/index.php?rest_route=\/wp\/v2\/posts\/16543\/revisions"}],"predecessor-version":[{"id":16566,"href":"https:\/\/www.sportchaco.com.ar\/index.php?rest_route=\/wp\/v2\/posts\/16543\/revisions\/16566"}],"wp:featuredmedia":[{"embeddable":true,"href":"https:\/\/www.sportchaco.com.ar\/index.php?rest_route=\/wp\/v2\/media\/16545"}],"wp:attachment":[{"href":"https:\/\/www.sportchaco.com.ar\/index.php?rest_route=%2Fwp%2Fv2%2Fmedia&parent=16543"}],"wp:term":[{"taxonomy":"category","embeddable":true,"href":"https:\/\/www.sportchaco.com.ar\/index.php?rest_route=%2Fwp%2Fv2%2Fcategories&post=16543"},{"taxonomy":"post_tag","embeddable":true,"href":"https:\/\/www.sportchaco.com.ar\/index.php?rest_route=%2Fwp%2Fv2%2Ftags&post=16543"}],"curies":[{"name":"wp","href":"https:\/\/api.w.org\/{rel}","templated":true}]}}