{"id":16576,"date":"2025-02-18T20:14:10","date_gmt":"2025-02-18T23:14:10","guid":{"rendered":"https:\/\/www.sportchaco.com.ar\/?p=16576"},"modified":"2025-02-19T18:46:04","modified_gmt":"2025-02-19T21:46:04","slug":"pato-silva-desarrolla-su-propio-equipo-de-karting-en-miami","status":"publish","type":"post","link":"https:\/\/www.sportchaco.com.ar\/?p=16576","title":{"rendered":"Pato Silva desarrolla su propio equipo de Karting en Miami"},"content":{"rendered":"<p><b>18-02-2025<\/b><\/p>\n<p><img loading=\"lazy\" decoding=\"async\" class=\"size-medium wp-image-11681 aligncenter\" src=\"https:\/\/www.sportchaco.com.ar\/wp-content\/uploads\/2024\/07\/CHACO-JUEGA-BANNERS-1_320X50-1-300x47.gif\" alt=\"\" width=\"300\" height=\"47\" \/><\/p>\n<p>Juan Manuel Silva\u00a0(Resistencia,\u00a0Chaco,\u00a0Argentina; 12 de octubre de 1972) es un piloto\u00a0argentino\u00a0de\u00a0automovilismo de velocidad, de trayectoria nacional y con paso por el exterior. Compiti\u00f3 en las m\u00e1s reconocidas categor\u00edas de automovilismo de velocidad de la Rep\u00fablica Argentina, siendo part\u00edcipe y protagonista en casi todas ellas.<\/p>\n<audio class=\"wp-audio-shortcode\" id=\"audio-16576-1\" preload=\"none\" style=\"width: 100%;\" controls=\"controls\"><source type=\"audio\/mpeg\" src=\"https:\/\/www.sportchaco.com.ar\/wp-content\/uploads\/2025\/02\/Nota-Deporte-Pato-Silva.mp3?_=1\" \/><a href=\"https:\/\/www.sportchaco.com.ar\/wp-content\/uploads\/2025\/02\/Nota-Deporte-Pato-Silva.mp3\">https:\/\/www.sportchaco.com.ar\/wp-content\/uploads\/2025\/02\/Nota-Deporte-Pato-Silva.mp3<\/a><\/audio>\n<p>&nbsp;<\/p>\n<p>Inici\u00f3 su carrera deportiva en la\u00a0F\u00f3rmula Renault Argentina, siendo campe\u00f3n de esta divisional en 1993. Este t\u00edtulo le valdr\u00eda el ascenso al a\u00f1o siguiente al\u00a0TC 2000, categor\u00eda donde debutara en 1994 y de la que se consagrara por \u00fanica vez en 1999.<sup id=\"cite_ref-1\" class=\"reference separada\"><a href=\"https:\/\/es.wikipedia.org\/wiki\/Juan_Manuel_Silva#cite_note-1\">1<\/a><\/sup>\u200b<\/p>\n<p>Su paso a nivel internacional se dar\u00eda a mediados del a\u00f1o 1995, cuando debutara en la\u00a0F\u00f3rmula 3 Sudamericana, categor\u00eda donde llegara a pelear el campeonato de 1996. En 1997 pasar\u00eda a competir en el\u00a0Campeonato japon\u00e9s de turismos, siendo invitado por la firma\u00a0Toyota.<\/p>\n<p>Tras su regreso al pa\u00eds en 1998, debutar\u00eda en el\u00a0Turismo Carretera\u00a0con la particularidad de ganar en el d\u00eda de su debut. En esta categor\u00eda obtendr\u00eda consecutivamente el subcampeonato de 2004 y el t\u00edtulo de campe\u00f3n de 2005, a la vez de quedar a las puertas de lograr su segunda corona en 2008, perjudicado por la decisi\u00f3n de la\u00a0Asociaci\u00f3n Corredores de Turismo Carretera\u00a0de implementar a partir de ese a\u00f1o, la definici\u00f3n de los campeonatos mediante el sistema de Play Off.<sup id=\"cite_ref-2\" class=\"reference separada\"><\/sup>\u200b<\/p>\n<p>Tambi\u00e9n compiti\u00f3 en la categor\u00eda\u00a0Top Race, en la cual fue part\u00edcipe en las dos etapas que tuviera la misma. Su debut en la categor\u00eda fue en 2004, donde alcanzar\u00eda el subcampeonato al comando de un\u00a0BMW Serie 3. Tras este t\u00edtulo se mantendr\u00eda alejado de la categor\u00eda hasta el a\u00f1o 2008, donde regresar\u00eda ya con la categor\u00eda reformulada como\u00a0Top Race V6. Durante esta segunda etapa, volver\u00eda a obtener el subcampeonato sucesivamente en los a\u00f1os 2008 y 2009. Tras la temporada 2010 volver\u00eda a retirarse, retornando nuevamente en 2012 y retir\u00e1ndose de manera definitiva en 2013.<sup id=\"cite_ref-3\" class=\"reference separada\"><\/sup>\u200b<\/p>\n<p>Asimismo, en 2011 recibir\u00eda una invitaci\u00f3n especial para competir en el\u00a0Rally Dakar\u00a0desarrollado entre\u00a0Argentina\u00a0y\u00a0Chile. La participaci\u00f3n en este evento lo anim\u00f3 a seguir compitiendo en los a\u00f1os siguientes en este tipo de categor\u00edas, llegando tambi\u00e9n en 2014 a debutar en el Campeonato Argentino de Rally Cross Country. En dicha categor\u00eda, obtendr\u00eda el campeonato de la clase T1 de coches, escribiendo un hito m\u00e1s en su carrera deportiva.<\/p>\n<p>Silva utiliza el n\u00famero 111 en el\u00a0Top Race\u00a0desde 2008 y en el\u00a0Turismo Carretera\u00a0desde 2012.<\/p>\n<div class=\"mw-heading mw-heading2\">\n<h2 id=\"Biograf\u00eda\"><span id=\"Biograf.C3.ADa\"><\/span>Biograf\u00eda<\/h2>\n<\/div>\n<figure><a class=\"mw-file-description\" href=\"https:\/\/es.wikipedia.org\/wiki\/Archivo:Ford_Falcon_-_Juan_Manuel_Silva.jpg\"><img loading=\"lazy\" decoding=\"async\" class=\"mw-file-element aligncenter\" src=\"https:\/\/upload.wikimedia.org\/wikipedia\/commons\/thumb\/7\/7f\/Ford_Falcon_-_Juan_Manuel_Silva.jpg\/170px-Ford_Falcon_-_Juan_Manuel_Silva.jpg\" srcset=\"\/\/upload.wikimedia.org\/wikipedia\/commons\/thumb\/7\/7f\/Ford_Falcon_-_Juan_Manuel_Silva.jpg\/255px-Ford_Falcon_-_Juan_Manuel_Silva.jpg 1.5x, \/\/upload.wikimedia.org\/wikipedia\/commons\/thumb\/7\/7f\/Ford_Falcon_-_Juan_Manuel_Silva.jpg\/340px-Ford_Falcon_-_Juan_Manuel_Silva.jpg 2x\" width=\"170\" height=\"302\" data-file-width=\"2322\" data-file-height=\"4128\" \/><\/a><figcaption>Ford de Juan Manuel Silva con el que coron\u00f3 campe\u00f3n de\u00a0Turismo Carretera en 2005.<\/figcaption><\/figure>\n<p>Hijo de un afamado preparador de coches de carreras zonales, Silva inici\u00f3 su carrera deportiva en los karts, corriendo desde 1985 hasta 1989, alz\u00e1ndose con un bicampeonato en sus \u00faltimos a\u00f1os.<\/p>\n<p>En 1990, debut\u00f3 a nivel nacional en la\u00a0F\u00f3rmula Renault Elf\u00a0de\u00a0Argentina, obteniendo el campeonato 1993. Este campeonato le har\u00eda dar el salto a la segunda categor\u00eda nacional: El\u00a0TC 2000. Ya en 1994, subi\u00f3 a un\u00a0Ford Sierra\u00a0propiedad de Ernesto Tito Bessone con preparaci\u00f3n de\u00a0Hugo Bini, pero luego de 3 carreras y debido a problemas econ\u00f3micos, debi\u00f3 cambiar el auto y confi\u00f3 la preparaci\u00f3n de un nuevo Sierra al equipo de su padre: Manuel Antonio Silva. Este se convirti\u00f3 en el primer coche de una categor\u00eda nacional preparado \u00edntegramente en el Nordeste Argentino.<\/p>\n<p>En 1995, fue nuevamente convocado por\u00a0Hugo Bini\u00a0para conducir el Sierra que dejara\u00a0Ren\u00e9 Zanatta\u00a0y con el que peleara el campeonato anterior. Este equipo se desmembr\u00f3 a mitad de a\u00f1o, cuando Zanatta fich\u00f3 para\u00a0Fiat\u00a0y Silva fue convocado por\u00a0Guillermo Maldonado\u00a0para conducir un tercer\u00a0Volkswagen Pointer\u00a0de su equipo particular, el del Strano Competici\u00f3n pero con motores de Guillermo Fausto Maldonado. Corri\u00f3 unas pocas carreras, ya que ese mismo a\u00f1o debut\u00f3 de manera internacional al presentarse en la\u00a0F\u00f3rmula 3 Sudamericana, al volante de un\u00a0TOM&#8217;S-Toyota. Su desempe\u00f1o en la misma, lo anim\u00f3 a presentarse un a\u00f1o m\u00e1s.<\/p>\n<p>Luego de esta incursi\u00f3n, su carrera deportiva traspas\u00f3 las fronteras cuando en 1997, particip\u00f3 del Campeonato Nacional de Turismos de Jap\u00f3n al volante de un\u00a0Toyota Chaser, un coche de la marca que motorizaba su monoplaza de\u00a0F\u00f3rmula 3.<\/p>\n<p>Pero su deseo de volver a la Argentina pudo m\u00e1s, y con la experiencia adquirida en Jap\u00f3n regres\u00f3 al TC 2000 al volante de un\u00a0Honda Civic, en 1998. Ese fue un a\u00f1o muy especial para \u00e9l porque form\u00f3 un equipo muy competitivo con\u00a0Juan Mar\u00eda Traverso\u00a0y\u00a0Omar Mart\u00ednez\u00a0como compa\u00f1eros, adem\u00e1s de obtener su primera victoria a nivel Nacional. Su actuaci\u00f3n en TC 2000, le abri\u00f3 las puertas a la posibilidad de correr en la m\u00e1xima categor\u00eda del pa\u00eds: El\u00a0Turismo Carretera.<\/p>\n<p>Debut\u00f3 en 1998 en el Turismo Carretera, con una particularidad que pocos lograron: Gan\u00f3 la carrera final el mismo d\u00eda de su debut. A partir de ese entonces, Silva se mantendr\u00eda fiel a dos marcas:\u00a0Honda\u00a0en TC 2000 y\u00a0Ford\u00a0en TC.<\/p>\n<p>Su primer campeonato a nivel nacional lleg\u00f3 en 1999, cuando a bordo de su Civic, derrot\u00f3 a su compa\u00f1ero de equipo\u00a0Omar Mart\u00ednez\u00a0y a\u00a0Walter Hern\u00e1ndez\u00a0con su\u00a0Volkswagen Polo, para alzarse con el t\u00edtulo de Campe\u00f3n Argentino de\u00a0TC 2000. Pero lo que realmente lo termin\u00f3 de poner en la galer\u00eda de los pilotos m\u00e1s grandes, fue el haber obtenido el t\u00edtulo de Campe\u00f3n Argentino de\u00a0Turismo Carretera\u00a0en 2005. Este t\u00edtulo, lo obtuvo a bordo de su\u00a0Ford Falcon, el mismo con el que en 2003 ganara la carrera n\u00famero 1000 del\u00a0Turismo Carretera.<\/p>\n<p>Piloto temperamental a la hora de manejar, se destaca tambi\u00e9n por su picard\u00eda, saber conservar su coche en buen estado para atacar en las \u00faltimas vueltas y buen genio para con la gente. Esta cualidad, le posibilit\u00f3 la llegada a la televisi\u00f3n, donde actualmente se desempe\u00f1a como panelista en el programa\u00a0\u00daltima Vuelta\u00a0de\u00a0Fox Sports, junto a\u00a0Emiliano Spataro\u00a0y\u00a0Norberto Fontana.<\/p>\n<p>En 2008, Silva se vio privado de lograr su 2.\u00ba campeonato argentino de\u00a0Turismo Carretera, debido a la implementaci\u00f3n a mitad de a\u00f1o, de los sistemas de\u00a0<i>playoff<\/i>, por parte de las autoridades de la ACTC. Esta medida, perjudic\u00f3 severamente a Silva, ya que con su coche consigui\u00f3 desarrollar un andar abrumador, que lo dej\u00f3 con todas las posibilidades de consagrarse campe\u00f3n anticipadamente. Sin embargo, en un golpe de tim\u00f3n, la ACTC estableci\u00f3 el sistema de\u00a0<i>playoff<\/i>, a fin de \u00abgarantizar\u00bb la definici\u00f3n del campeonato en la \u00faltima fecha.<\/p>\n<figure class=\"mw-default-size\"><img loading=\"lazy\" decoding=\"async\" class=\"mw-file-element aligncenter\" src=\"https:\/\/upload.wikimedia.org\/wikipedia\/commons\/thumb\/6\/69\/Pato_Silva_2009.jpg\/220px-Pato_Silva_2009.jpg\" srcset=\"\/\/upload.wikimedia.org\/wikipedia\/commons\/thumb\/6\/69\/Pato_Silva_2009.jpg\/330px-Pato_Silva_2009.jpg 1.5x, \/\/upload.wikimedia.org\/wikipedia\/commons\/thumb\/6\/69\/Pato_Silva_2009.jpg\/440px-Pato_Silva_2009.jpg 2x\" width=\"220\" height=\"165\" data-file-width=\"900\" data-file-height=\"675\" \/><\/figure>\n<p>Este sistema consisti\u00f3 en quitarle los puntos a los 12 pilotos que se hayan ubicado en las doce mejores plazas a cinco fechas del final. Con estos 12 pilotos y con las 5 fechas restantes, se desarroll\u00f3 un mini-torneo, para definir al campe\u00f3n. En este caso, Silva correr\u00eda con el plus de ventaja de arrancar con 7 puntos, por haber sido el puntero hasta esa fecha. Los dem\u00e1s deb\u00edan arrancar de cero. Adem\u00e1s, para indemnizar el perjuicio, Silva fue \u00abrecompensado\u00bb con 300.000 pesos, los cuales ser\u00edan la suma ganada por el campe\u00f3n de la categor\u00eda, en concepto de premios. Sin embargo, esto no fue suficiente para remediar un da\u00f1o que ya estaba hecho. En las primeras tres carreras el rendimiento del coche de Silva cay\u00f3, y a pesar de haber ganado la cuarta y de haber subido al podio en la \u00faltima, no logr\u00f3 alcanzar el objetivo de recuperar el campeonato, que le fue arrebatado en los escritorios. Al mismo tiempo, Silva comenzaba una campa\u00f1a medi\u00e1tica denunciando un supuesto favoritismo de parte del equipo hacia su compa\u00f1ero y rival de campeonato\u00a0Guillermo Ortelli, quien se terminar\u00eda consagrando. Con estos condimentos, sumado al recorte participativo impuesto por ACTC a los equipos y el acuerdo firmado entre\u00a0Chevrolet\u00a0y el\u00a0JP Racing, Silva se retirar\u00eda del JP, armando una nueva estructura de TC para el equipo\u00a0RV Racing Sports.<\/p>\n<p>En 2009, mientras militaba dentro del equipo Petrobras de TC 2000, Silva fue protagonista de una nueva interna dentro de un equipo, al tener un particular enfrentamiento con su ocasional compa\u00f1ero de equipo\u00a0Jos\u00e9 Mar\u00eda L\u00f3pez, hecho que se diera en el marco de otra definici\u00f3n de campeonato y que desembocar\u00eda en el campeonato de L\u00f3pez y el alejamiento de Silva de la escuder\u00eda que defend\u00eda los colores de Honda, tras 12 a\u00f1os de representaci\u00f3n de dicha marca. Su carrera deportiva continu\u00f3 en 2010 en las filas del equipo Renault Lo Jack Team, donde el chaque\u00f1o tuvo un paup\u00e9rrimo desempe\u00f1o. Al mismo tiempo, dentro del\u00a0Turismo Carretera\u00a0y tras los bajos resultados del\u00a0RV Competici\u00f3n, Silva fue convocado por el equipo\u00a0HAZ Racing Team, con el cual terminar\u00eda cerrando el a\u00f1o y prolongar\u00eda su v\u00ednculo al a\u00f1o siguiente. Este a\u00f1o, tambi\u00e9n se decidir\u00eda por abandonar el\u00a0TRV6, donde compet\u00eda con un\u00a0Ford Mondeo II\u00a0del RV Competici\u00f3n, con el cual se quedar\u00eda con el subcampeonato del a\u00f1o 2009.<\/p>\n<p>El a\u00f1o 2011 terminar\u00eda siendo un a\u00f1o ambivalente para el piloto chaque\u00f1o, ya que hab\u00eda comenzado el a\u00f1o con el HAZ en el TC y su v\u00ednculo se hab\u00eda extendido al TC 2000, donde la escuder\u00eda pose\u00eda la representaci\u00f3n oficial de Ford Argentina. El comienzo de a\u00f1o hab\u00eda sido prometedor para \u00e9l y su escuder\u00eda, con la obtenci\u00f3n del triunfo en\u00a0General Roca. Sin embargo, con el correr del tiempo el rendimiento de su\u00a0Ford Focus II\u00a0fue decayendo, perdiendo chances de luchar por el campeonato. Este a\u00f1o, Silva retornar\u00eda al TRV6, luego de su retiro en 2010 corriendo en un\u00a0Mercedes-Benz Clase C. Pero lamentablemente, la tragedia tambi\u00e9n se hizo presente en la vida de Silva, ya que en menos de un mes sufrir\u00eda las muertes de su padre Manuel Antonio, de C\u00e9sar Filippa (mec\u00e1nico del HAZ que perdiera la vida de manera tr\u00e1gica) y de su compa\u00f1ero de equipo en el TC\u00a0Guido Falaschi, quien muri\u00f3 en un terrible accidente en el circuito de\u00a0Balcarce. Por todas estas situaciones, Silva terminar\u00eda tomando una decisi\u00f3n terminal, al anunciar su retiro del TC una vez finalizado el torneo de 2011.<\/p>\n<figure class=\"mw-halign-left\"><img loading=\"lazy\" decoding=\"async\" class=\"mw-file-element aligncenter\" src=\"https:\/\/upload.wikimedia.org\/wikipedia\/commons\/thumb\/1\/11\/2011_Dakar_Rally_Juan_Manuel_Pato_Silva_Tucuman.JPG\/260px-2011_Dakar_Rally_Juan_Manuel_Pato_Silva_Tucuman.JPG\" srcset=\"\/\/upload.wikimedia.org\/wikipedia\/commons\/thumb\/1\/11\/2011_Dakar_Rally_Juan_Manuel_Pato_Silva_Tucuman.JPG\/390px-2011_Dakar_Rally_Juan_Manuel_Pato_Silva_Tucuman.JPG 1.5x, \/\/upload.wikimedia.org\/wikipedia\/commons\/thumb\/1\/11\/2011_Dakar_Rally_Juan_Manuel_Pato_Silva_Tucuman.JPG\/520px-2011_Dakar_Rally_Juan_Manuel_Pato_Silva_Tucuman.JPG 2x\" alt=\"\" width=\"260\" height=\"155\" data-file-width=\"3140\" data-file-height=\"1870\" \/> Juan Manuel Silva en el Rally Dakar 2011.<\/figure>\n<p>Finalmente, tras haber anunciado su retiro del TC, Silva terminar\u00eda dando marcha atr\u00e1s en su decisi\u00f3n tras hab\u00e9rsele sido ofertada la posibilidad de permanecer en la categor\u00eda, integrando el nuevo equipo armado por el retirado piloto\u00a0Julio C\u00e9sar Catal\u00e1n Magni, quien hab\u00eda dejado la actividad tras haber sido electo Diputado Nacional por Tierra del Fuego. En ese contexto, Silva volver\u00eda a subirse a su Ford Falcon, en esta oportunidad bajo la atenci\u00f3n de Rodolfo Di Meglio en chasis y Marcelo Esteban en motores. En 2012, Silva nuevamente tomar\u00eda partido en el\u00a0Rally Dakar\u00a0que uniera los pa\u00edses de\u00a0Argentina,\u00a0Chile\u00a0y\u00a0Per\u00fa, compitiendo en esta ocasi\u00f3n a bordo de una camioneta\u00a0Volkswagen Amarok.<\/p>\n<p>A pesar de su confirmada continuidad en el TC, Silva manifestar\u00eda su intenci\u00f3n de descartar la idea de hacer dos categor\u00edas por a\u00f1o, pero desechando su continuidad en\u00a0TC 2000, donde al mismo tiempo su equipo el\u00a0HAZ Racing Team\u00a0anunci\u00f3 el recambio de su denominaci\u00f3n, a la vez de confirmarse el sorpresivo retiro del apoyo oficial a la escuder\u00eda por parte de la marca\u00a0Ford. En este a\u00f1o tambi\u00e9n, Silva recibir\u00eda una invitaci\u00f3n por parte del piloto Jos\u00e9 Manuel Balbiani para participar de la tradicional competencia de las\u00a024 Horas de N\u00fcrburgring, tripulando una unidad\u00a0Aston Martin Vantage, formando parte del equipo representativo de\u00a0Argentina, junto a los pilotos Alejandro Chawhan y Sebasti\u00e1n Mart\u00ednez,<sup id=\"cite_ref-4\" class=\"reference separada\"><\/sup>\u200b debiendo cumplir previamente con el requisito de competir en por lo menos una carrera del\u00a0Campeonato de N\u00fcrburgring de Resistencia de la VLN, compitiendo junto a Balbiani a bordo de la unidad antes mencionada.<\/p>\n<figure><a class=\"mw-file-description\" href=\"https:\/\/es.wikipedia.org\/wiki\/Archivo:Juan_Manuel_Silva_2015.jpg\"><img loading=\"lazy\" decoding=\"async\" class=\"mw-file-element aligncenter\" src=\"https:\/\/upload.wikimedia.org\/wikipedia\/commons\/thumb\/d\/df\/Juan_Manuel_Silva_2015.jpg\/240px-Juan_Manuel_Silva_2015.jpg\" srcset=\"\/\/upload.wikimedia.org\/wikipedia\/commons\/thumb\/d\/df\/Juan_Manuel_Silva_2015.jpg\/360px-Juan_Manuel_Silva_2015.jpg 1.5x, \/\/upload.wikimedia.org\/wikipedia\/commons\/thumb\/d\/df\/Juan_Manuel_Silva_2015.jpg\/480px-Juan_Manuel_Silva_2015.jpg 2x\" width=\"240\" height=\"170\" data-file-width=\"3405\" data-file-height=\"2408\" \/><\/a><figcaption>Juan Manuel Silva en la\u00a0temporada 2015 del TC.<\/figcaption><\/figure>\n<p>La actividad de Silva en el automovilismo no se detuvo, teniendo en los a\u00f1os 2013 y 2014 participaciones en las categor\u00edas de pista Turismo Carretera y Top Race, como as\u00ed tambi\u00e9n concretando nuevas participaciones en las ediciones del\u00a0Rally Dakar\u00a0sudamericano, corrido en esos a\u00f1os y adoptando m\u00e1s experiencia en este nuevo tipo de terrenos. Su experiencia en los Dakar, lo llevar\u00eda a marcar un nuevo hito en su carrera deportiva al sumarse al Campeonato Argentino de Rally Cross Country (CARCC) en 2014, consiguiendo en su a\u00f1o de debut el campeonato de la divisional de autom\u00f3viles, al consagrarse campe\u00f3n de la divisi\u00f3n \u00abCoches T1 Nafta del CARCC\u00bb al comando de una unidad\u00a0Mercedes-Benz Clase ML\u00a0denominada \u00abPrototipo Colcar RT\u00bb, mismo veh\u00edculo que utilizara en el Dakar de ese a\u00f1o. La consagraci\u00f3n lleg\u00f3 el 19 de octubre de 2014 luego de la prueba del Rally de Comahue, donde Silva inscribir\u00eda su nombre junto a los de\u00a0Javier Pizzolito\u00a0en motocicletas, Lucas Bonetto en Quads 4&#215;2, Daniel Mazzuco en Quads 4&#215;4, Omar G\u00e1ndara en Coches T1 Di\u00e9sel y Sebasti\u00e1n Guayasam\u00edn en Coches T2.<sup id=\"cite_ref-5\" class=\"reference separada\"><\/sup>\u200b<\/p>\n<div class=\"mw-heading mw-heading3\">\n<h3 id=\"Actualidad\">Actualidad<\/h3>\n<\/div>\n<p>En diciembre de 2020 anunci\u00f3 su baja del\u00a0Turismo Carretera, afirmando que continuar\u00eda compitiendo en el\u00a0S\u00faper TC2000\u00a0y que m\u00e1s adelante volver\u00eda al campeonato para su retirada definitiva.<sup id=\"cite_ref-6\" class=\"reference separada\"><\/sup>\u200b<\/p>\n<div class=\"mw-heading mw-heading2\">\n<h2 id=\"Resumen_de_carrera\">Resumen de carrera<\/h2>\n<\/div>\n<table class=\"wikitable\">\n<tbody>\n<tr>\n<th>Temporada<\/th>\n<th>Categor\u00eda<\/th>\n<th>Equipo<\/th>\n<th>Carreras<\/th>\n<th>Victorias<\/th>\n<th><abbr title=\"Pole positions\"><i>Poles<\/i><\/abbr><\/th>\n<th><abbr title=\"Vueltas r\u00e1pidas\">\u00a0VR\u00a0<\/abbr><\/th>\n<th>Podios<\/th>\n<th>Puntos<\/th>\n<th><abbr title=\"Posici\u00f3n\">Pos.<\/abbr><\/th>\n<\/tr>\n<tr>\n<th>1990<\/th>\n<td align=\"left\"><a class=\"mw-redirect\" title=\"F\u00f3rmula Renault Argentina\" href=\"https:\/\/es.wikipedia.org\/wiki\/F%C3%B3rmula_Renault_Argentina\">F\u00f3rmula Renault Argentina<\/a><\/td>\n<td rowspan=\"4\"><\/td>\n<td>2<\/td>\n<td>0<\/td>\n<td>0<\/td>\n<td>0<\/td>\n<td>0<\/td>\n<td>&#8211;<\/td>\n<td>NC<\/td>\n<\/tr>\n<tr>\n<th>1991<\/th>\n<td align=\"left\"><a class=\"mw-redirect\" title=\"F\u00f3rmula Renault Argentina\" href=\"https:\/\/es.wikipedia.org\/wiki\/F%C3%B3rmula_Renault_Argentina\">F\u00f3rmula Renault Argentina<\/a><\/td>\n<td>s\/d<\/td>\n<td>s\/d<\/td>\n<td>s\/d<\/td>\n<td>s\/d<\/td>\n<td>s\/d<\/td>\n<td>10<\/td>\n<td>20.\u00ba<\/td>\n<\/tr>\n<tr>\n<th>1992<\/th>\n<td align=\"left\"><a class=\"mw-redirect\" title=\"F\u00f3rmula Renault Argentina\" href=\"https:\/\/es.wikipedia.org\/wiki\/F%C3%B3rmula_Renault_Argentina\">F\u00f3rmula Renault Argentina<\/a><\/td>\n<td>14<\/td>\n<td>0<\/td>\n<td>0<\/td>\n<td>0<\/td>\n<td>1<\/td>\n<td>30<\/td>\n<td>11.\u00ba<\/td>\n<\/tr>\n<tr>\n<th>1993<\/th>\n<td align=\"left\"><a class=\"mw-redirect\" title=\"F\u00f3rmula Renault Argentina\" href=\"https:\/\/es.wikipedia.org\/wiki\/F%C3%B3rmula_Renault_Argentina\">F\u00f3rmula Renault Argentina<\/a><\/td>\n<td>14<\/td>\n<td>6<\/td>\n<td>5<\/td>\n<td>2<\/td>\n<td>10<\/td>\n<td>186<\/td>\n<td><b>1.\u00ba<\/b><\/td>\n<\/tr>\n<tr>\n<th>1994<\/th>\n<td align=\"left\"><a class=\"mw-redirect\" title=\"Temporada 1994 de Turismo Competici\u00f3n 2000\" href=\"https:\/\/es.wikipedia.org\/wiki\/Temporada_1994_de_Turismo_Competici%C3%B3n_2000\">Turismo Competici\u00f3n 2000<\/a><\/td>\n<td align=\"left\"><a class=\"mw-redirect\" title=\"Bessone Sport\" href=\"https:\/\/es.wikipedia.org\/wiki\/Bessone_Sport\">Bessone Sport<\/a><\/td>\n<td>14<\/td>\n<td>0<\/td>\n<td>0<\/td>\n<td>0<\/td>\n<td>0<\/td>\n<td>8<\/td>\n<td>21.\u00ba<\/td>\n<\/tr>\n<tr>\n<th rowspan=\"2\">1995<\/th>\n<td align=\"left\"><a class=\"mw-redirect\" title=\"Temporada 1995 de Turismo Competici\u00f3n 2000\" href=\"https:\/\/es.wikipedia.org\/wiki\/Temporada_1995_de_Turismo_Competici%C3%B3n_2000\">Turismo Competici\u00f3n 2000<\/a><\/td>\n<td align=\"left\">Bini Competici\u00f3n<br \/>\nStrano Competici\u00f3n<\/td>\n<td>8<\/td>\n<td>0<\/td>\n<td>0<\/td>\n<td>0<\/td>\n<td>0<\/td>\n<td>15<\/td>\n<td>17.\u00ba<\/td>\n<\/tr>\n<tr>\n<td align=\"left\"><a title=\"Anexo:Temporada 1995 de F\u00f3rmula 3 Sudamericana\" href=\"https:\/\/es.wikipedia.org\/wiki\/Anexo:Temporada_1995_de_F%C3%B3rmula_3_Sudamericana\">F\u00f3rmula 3 Sudamericana<\/a><\/td>\n<td align=\"left\"><a title=\"Pro Racing\" href=\"https:\/\/es.wikipedia.org\/wiki\/Pro_Racing\">Pro Racing<\/a><\/td>\n<td>12<\/td>\n<td>0<\/td>\n<td>0<\/td>\n<td>0<\/td>\n<td>1<\/td>\n<td>11<\/td>\n<td>9.\u00ba<\/td>\n<\/tr>\n<tr>\n<th>1996<\/th>\n<td align=\"left\"><a title=\"F\u00f3rmula 3 Sudamericana\" href=\"https:\/\/es.wikipedia.org\/wiki\/F%C3%B3rmula_3_Sudamericana\">F\u00f3rmula 3 Sudamericana<\/a><\/td>\n<td align=\"left\"><a title=\"Pro Racing\" href=\"https:\/\/es.wikipedia.org\/wiki\/Pro_Racing\">Pro Racing<\/a><\/td>\n<td>11<\/td>\n<td>1<\/td>\n<td>1<\/td>\n<td>1<\/td>\n<td>3<\/td>\n<td>77<\/td>\n<td>6.\u00ba<\/td>\n<\/tr>\n<tr>\n<th rowspan=\"2\">1997<\/th>\n<td align=\"left\"><a title=\"Campeonato Japon\u00e9s de Turismos\" href=\"https:\/\/es.wikipedia.org\/wiki\/Campeonato_Japon%C3%A9s_de_Turismos\">Campeonato Japon\u00e9s de Turismos<\/a><\/td>\n<td align=\"left\">Toyota Team Cerumo<\/td>\n<td>14<\/td>\n<td>0<\/td>\n<td>0<\/td>\n<td>0<\/td>\n<td>1<\/td>\n<td>31<\/td>\n<td>11.\u00ba<\/td>\n<\/tr>\n<tr>\n<td align=\"left\"><a title=\"F\u00f3rmula 3 Sudamericana\" href=\"https:\/\/es.wikipedia.org\/wiki\/F%C3%B3rmula_3_Sudamericana\">F\u00f3rmula 3 Sudamericana<\/a><\/td>\n<td align=\"left\"><a title=\"Pro Racing\" href=\"https:\/\/es.wikipedia.org\/wiki\/Pro_Racing\">Pro Racing<\/a><\/td>\n<td>3<\/td>\n<td>0<\/td>\n<td>0<\/td>\n<td>0<\/td>\n<td>0<\/td>\n<td>8<\/td>\n<td>16.\u00ba<\/td>\n<\/tr>\n<tr>\n<th rowspan=\"2\">1998<\/th>\n<td align=\"left\"><a title=\"Anexo:Temporada 1998 de Turismo Carretera\" href=\"https:\/\/es.wikipedia.org\/wiki\/Anexo:Temporada_1998_de_Turismo_Carretera\">Turismo Carretera<\/a><\/td>\n<td align=\"left\">Giambrone Competici\u00f3n<\/td>\n<td>6<\/td>\n<td>1<\/td>\n<td>0<\/td>\n<td>0<\/td>\n<td>1<\/td>\n<td>51<\/td>\n<td>24.\u00ba<\/td>\n<\/tr>\n<tr>\n<td align=\"left\"><a class=\"mw-redirect\" title=\"Temporada 1998 de Turismo Competici\u00f3n 2000\" href=\"https:\/\/es.wikipedia.org\/wiki\/Temporada_1998_de_Turismo_Competici%C3%B3n_2000\">Turismo Competici\u00f3n 2000<\/a><\/td>\n<td align=\"left\"><a title=\"Pro Racing\" href=\"https:\/\/es.wikipedia.org\/wiki\/Pro_Racing\">Honda Team Pro Racing<\/a><\/td>\n<td>23<\/td>\n<td>2<\/td>\n<td>5<\/td>\n<td>1<\/td>\n<td>8<\/td>\n<td>182<\/td>\n<td>6.\u00ba<\/td>\n<\/tr>\n<tr>\n<th rowspan=\"2\">1999<\/th>\n<td align=\"left\"><a title=\"Anexo:Temporada 1999 de Turismo Carretera\" href=\"https:\/\/es.wikipedia.org\/wiki\/Anexo:Temporada_1999_de_Turismo_Carretera\">Turismo Carretera<\/a><\/td>\n<td align=\"left\"><a class=\"mw-redirect\" title=\"Alifraco Sport\" href=\"https:\/\/es.wikipedia.org\/wiki\/Alifraco_Sport\">Alifraco Sport<\/a><\/td>\n<td>11<\/td>\n<td>0<\/td>\n<td>0<\/td>\n<td>0<\/td>\n<td>1<\/td>\n<td>68,5<\/td>\n<td>22.\u00ba<\/td>\n<\/tr>\n<tr>\n<td align=\"left\"><a class=\"mw-redirect\" title=\"Temporada 1999 de Turismo Competici\u00f3n 2000\" href=\"https:\/\/es.wikipedia.org\/wiki\/Temporada_1999_de_Turismo_Competici%C3%B3n_2000\">Turismo Competici\u00f3n 2000<\/a><\/td>\n<td align=\"left\"><a title=\"Pro Racing\" href=\"https:\/\/es.wikipedia.org\/wiki\/Pro_Racing\">Honda Team Pro Racing<\/a><\/td>\n<td>28<\/td>\n<td>6<\/td>\n<td>8<\/td>\n<td>3<\/td>\n<td>14<\/td>\n<td>295<\/td>\n<td><b>1.\u00ba<\/b><\/td>\n<\/tr>\n<tr>\n<th rowspan=\"2\">2000<\/th>\n<td align=\"left\"><a title=\"Anexo:Temporada 2000 de Turismo Carretera\" href=\"https:\/\/es.wikipedia.org\/wiki\/Anexo:Temporada_2000_de_Turismo_Carretera\">Turismo Carretera<\/a><\/td>\n<td align=\"left\"><a class=\"mw-redirect\" title=\"Alifraco Sport\" href=\"https:\/\/es.wikipedia.org\/wiki\/Alifraco_Sport\">Alifraco Sport<\/a><\/td>\n<td>16<\/td>\n<td>0<\/td>\n<td>0<\/td>\n<td>1<\/td>\n<td>2<\/td>\n<td>115<\/td>\n<td>12.\u00ba<\/td>\n<\/tr>\n<tr>\n<td align=\"left\"><a class=\"mw-redirect\" title=\"Temporada 2000 de Turismo Competici\u00f3n 2000\" href=\"https:\/\/es.wikipedia.org\/wiki\/Temporada_2000_de_Turismo_Competici%C3%B3n_2000\">Turismo Competici\u00f3n 2000<\/a><\/td>\n<td align=\"left\"><a title=\"Pro Racing\" href=\"https:\/\/es.wikipedia.org\/wiki\/Pro_Racing\">Honda Team Pro Racing<\/a><\/td>\n<td>14<\/td>\n<td>1<\/td>\n<td>1<\/td>\n<td>0<\/td>\n<td>3<\/td>\n<td>87<\/td>\n<td><b>3.\u00ba<\/b><\/td>\n<\/tr>\n<tr>\n<th rowspan=\"2\">2001<\/th>\n<td align=\"left\"><a title=\"Anexo:Temporada 2001 de Turismo Carretera\" href=\"https:\/\/es.wikipedia.org\/wiki\/Anexo:Temporada_2001_de_Turismo_Carretera\">Turismo Carretera<\/a><\/td>\n<td align=\"left\"><a class=\"mw-redirect\" title=\"Alifraco Sport\" href=\"https:\/\/es.wikipedia.org\/wiki\/Alifraco_Sport\">Alifraco Sport<\/a><\/td>\n<td>1<\/td>\n<td>0<\/td>\n<td>0<\/td>\n<td>0<\/td>\n<td>0<\/td>\n<td>&#8211;<\/td>\n<td>NC<\/td>\n<\/tr>\n<tr>\n<td align=\"left\"><a class=\"mw-redirect\" title=\"Temporada 2001 de Turismo Competici\u00f3n 2000\" href=\"https:\/\/es.wikipedia.org\/wiki\/Temporada_2001_de_Turismo_Competici%C3%B3n_2000\">Turismo Competici\u00f3n 2000<\/a><\/td>\n<td align=\"left\"><a title=\"RAM Racing Factory\" href=\"https:\/\/es.wikipedia.org\/wiki\/RAM_Racing_Factory\">Honda Racing Argentina<\/a><\/td>\n<td>14<\/td>\n<td>1<\/td>\n<td>1<\/td>\n<td>0<\/td>\n<td>4<\/td>\n<td>75<\/td>\n<td>5.\u00ba<\/td>\n<\/tr>\n<tr>\n<th rowspan=\"2\">2002<\/th>\n<td align=\"left\"><a title=\"Anexo:Temporada 2002 de Turismo Carretera\" href=\"https:\/\/es.wikipedia.org\/wiki\/Anexo:Temporada_2002_de_Turismo_Carretera\">Turismo Carretera<\/a><\/td>\n<td align=\"left\"><a class=\"mw-redirect\" title=\"Alifraco Sport\" href=\"https:\/\/es.wikipedia.org\/wiki\/Alifraco_Sport\">Alifraco Sport<\/a><\/td>\n<td>16<\/td>\n<td>1<\/td>\n<td>0<\/td>\n<td>0<\/td>\n<td>4<\/td>\n<td>177<\/td>\n<td>4.\u00ba<\/td>\n<\/tr>\n<tr>\n<td align=\"left\"><a class=\"mw-redirect\" title=\"Temporada 2002 de Turismo Competici\u00f3n 2000\" href=\"https:\/\/es.wikipedia.org\/wiki\/Temporada_2002_de_Turismo_Competici%C3%B3n_2000\">Turismo Competici\u00f3n 2000<\/a><\/td>\n<td align=\"left\"><a title=\"RAM Racing Factory\" href=\"https:\/\/es.wikipedia.org\/wiki\/RAM_Racing_Factory\">Honda Racing Argentina<\/a><\/td>\n<td>14<\/td>\n<td>3<\/td>\n<td>0<\/td>\n<td>0<\/td>\n<td>4<\/td>\n<td>103<\/td>\n<td><b>3.\u00ba<\/b><\/td>\n<\/tr>\n<tr>\n<th rowspan=\"2\">2003<\/th>\n<td align=\"left\"><a title=\"Anexo:Temporada 2003 de Turismo Carretera\" href=\"https:\/\/es.wikipedia.org\/wiki\/Anexo:Temporada_2003_de_Turismo_Carretera\">Turismo Carretera<\/a><\/td>\n<td align=\"left\"><a title=\"JP Carrera\" href=\"https:\/\/es.wikipedia.org\/wiki\/JP_Carrera\">JP Racing<\/a><\/td>\n<td>16<\/td>\n<td>1<\/td>\n<td>1<\/td>\n<td>1<\/td>\n<td>4<\/td>\n<td>138<\/td>\n<td>6.\u00ba<\/td>\n<\/tr>\n<tr>\n<td align=\"left\"><a class=\"mw-redirect\" title=\"Temporada 2003 de Turismo Competici\u00f3n 2000\" href=\"https:\/\/es.wikipedia.org\/wiki\/Temporada_2003_de_Turismo_Competici%C3%B3n_2000\">Turismo Competici\u00f3n 2000<\/a><\/td>\n<td align=\"left\"><a title=\"RAM Racing Factory\" href=\"https:\/\/es.wikipedia.org\/wiki\/RAM_Racing_Factory\">Honda Racing Petrobras<\/a><\/td>\n<td>14<\/td>\n<td>1<\/td>\n<td>2<\/td>\n<td>0<\/td>\n<td>4<\/td>\n<td>92<\/td>\n<td>4.\u00ba<\/td>\n<\/tr>\n<tr>\n<th rowspan=\"3\">2004<\/th>\n<td align=\"left\"><a title=\"Anexo:Temporada 2004 de Turismo Carretera\" href=\"https:\/\/es.wikipedia.org\/wiki\/Anexo:Temporada_2004_de_Turismo_Carretera\">Turismo Carretera<\/a><\/td>\n<td align=\"left\"><a title=\"JP Carrera\" href=\"https:\/\/es.wikipedia.org\/wiki\/JP_Carrera\">JP Racing<\/a><\/td>\n<td>16<\/td>\n<td>0<\/td>\n<td>0<\/td>\n<td>0<\/td>\n<td>5<\/td>\n<td>174,5<\/td>\n<td><b>2.\u00ba<\/b><\/td>\n<\/tr>\n<tr>\n<td align=\"left\"><a class=\"mw-redirect\" title=\"Temporada 2004 de Turismo Competici\u00f3n 2000\" href=\"https:\/\/es.wikipedia.org\/wiki\/Temporada_2004_de_Turismo_Competici%C3%B3n_2000\">Turismo Competici\u00f3n 2000<\/a><\/td>\n<td align=\"left\"><a title=\"RAM Racing Factory\" href=\"https:\/\/es.wikipedia.org\/wiki\/RAM_Racing_Factory\">Honda Racing Petrobras<\/a><\/td>\n<td>14<\/td>\n<td>0<\/td>\n<td>2<\/td>\n<td>1<\/td>\n<td>4<\/td>\n<td>112<\/td>\n<td>4.\u00ba<\/td>\n<\/tr>\n<tr>\n<td align=\"left\"><a title=\"Anexo:Temporada 2004 de Top Race\" href=\"https:\/\/es.wikipedia.org\/wiki\/Anexo:Temporada_2004_de_Top_Race\">Top Race<\/a><\/td>\n<td align=\"left\">Proas Motorsport<\/td>\n<td>s\/d<\/td>\n<td>4<\/td>\n<td>2<\/td>\n<td>s\/d<\/td>\n<td>s\/d<\/td>\n<td>201<\/td>\n<td><b>2.\u00ba<\/b><\/td>\n<\/tr>\n<tr>\n<th rowspan=\"2\">2005<\/th>\n<td align=\"left\"><a title=\"Anexo:Temporada 2005 de Turismo Carretera\" href=\"https:\/\/es.wikipedia.org\/wiki\/Anexo:Temporada_2005_de_Turismo_Carretera\">Turismo Carretera<\/a><\/td>\n<td align=\"left\"><a title=\"JP Carrera\" href=\"https:\/\/es.wikipedia.org\/wiki\/JP_Carrera\">JP Racing<\/a><\/td>\n<td>16<\/td>\n<td>2<\/td>\n<td>0<\/td>\n<td>2<\/td>\n<td>7<\/td>\n<td>231<\/td>\n<td><b>1.\u00ba<\/b><\/td>\n<\/tr>\n<tr>\n<td align=\"left\"><a class=\"mw-redirect\" title=\"Temporada 2005 de Turismo Competici\u00f3n 2000\" href=\"https:\/\/es.wikipedia.org\/wiki\/Temporada_2005_de_Turismo_Competici%C3%B3n_2000\">Turismo Competici\u00f3n 2000<\/a><\/td>\n<td align=\"left\"><a title=\"RAM Racing Factory\" href=\"https:\/\/es.wikipedia.org\/wiki\/RAM_Racing_Factory\">Honda Racing Petrobras<\/a><\/td>\n<td>14<\/td>\n<td>1<\/td>\n<td>3<\/td>\n<td>2<\/td>\n<td>2<\/td>\n<td>92<\/td>\n<td>5.\u00ba<\/td>\n<\/tr>\n<tr>\n<th rowspan=\"2\">2006<\/th>\n<td align=\"left\"><a title=\"Anexo:Temporada 2006 de Turismo Carretera\" href=\"https:\/\/es.wikipedia.org\/wiki\/Anexo:Temporada_2006_de_Turismo_Carretera\">Turismo Carretera<\/a><\/td>\n<td align=\"left\"><a title=\"JP Carrera\" href=\"https:\/\/es.wikipedia.org\/wiki\/JP_Carrera\">JP Racing<\/a><\/td>\n<td>16<\/td>\n<td>1<\/td>\n<td>2<\/td>\n<td>0<\/td>\n<td>3<\/td>\n<td>153,5<\/td>\n<td>5.\u00ba<\/td>\n<\/tr>\n<tr>\n<td align=\"left\"><a class=\"mw-redirect\" title=\"Temporada 2006 de Turismo Competici\u00f3n 2000\" href=\"https:\/\/es.wikipedia.org\/wiki\/Temporada_2006_de_Turismo_Competici%C3%B3n_2000\">Turismo Competici\u00f3n 2000<\/a><\/td>\n<td align=\"left\"><a class=\"new\" title=\"Alisi Racing (a\u00fan no redactado)\" href=\"https:\/\/es.wikipedia.org\/w\/index.php?title=Alisi_Racing&amp;action=edit&amp;redlink=1\">Honda Petrobras Lubrax<\/a><\/td>\n<td>14<\/td>\n<td>3<\/td>\n<td>3<\/td>\n<td>2<\/td>\n<td>7<\/td>\n<td>185<\/td>\n<td><b>2.\u00ba<\/b><\/td>\n<\/tr>\n<tr>\n<th rowspan=\"3\">2007<\/th>\n<td align=\"left\"><a title=\"Anexo:Temporada 2007 de Turismo Carretera\" href=\"https:\/\/es.wikipedia.org\/wiki\/Anexo:Temporada_2007_de_Turismo_Carretera\">Turismo Carretera<\/a><\/td>\n<td align=\"left\"><a title=\"JP Carrera\" href=\"https:\/\/es.wikipedia.org\/wiki\/JP_Carrera\">Firestone JP Racing<\/a><\/td>\n<td>16<\/td>\n<td>2<\/td>\n<td>0<\/td>\n<td>1<\/td>\n<td>5<\/td>\n<td>173<\/td>\n<td><b>3.\u00ba<\/b><\/td>\n<\/tr>\n<tr>\n<td align=\"left\"><a class=\"mw-redirect\" title=\"Temporada 2007 de Turismo Competici\u00f3n 2000\" href=\"https:\/\/es.wikipedia.org\/wiki\/Temporada_2007_de_Turismo_Competici%C3%B3n_2000\">Turismo Competici\u00f3n 2000<\/a><\/td>\n<td align=\"left\"><a class=\"new\" title=\"Alisi Racing (a\u00fan no redactado)\" href=\"https:\/\/es.wikipedia.org\/w\/index.php?title=Alisi_Racing&amp;action=edit&amp;redlink=1\">Honda Petrobras<\/a><\/td>\n<td>14<\/td>\n<td>1<\/td>\n<td>2<\/td>\n<td>1<\/td>\n<td>2<\/td>\n<td>92<\/td>\n<td>7.\u00ba<\/td>\n<\/tr>\n<tr>\n<td align=\"left\"><a title=\"Anexo:Temporada 2007 de Top Race\" href=\"https:\/\/es.wikipedia.org\/wiki\/Anexo:Temporada_2007_de_Top_Race\">Top Race V6<\/a><\/td>\n<td align=\"left\"><a title=\"RV Racing Sport\" href=\"https:\/\/es.wikipedia.org\/wiki\/RV_Racing_Sport\">RV Racing Sports<\/a><\/td>\n<td>1<\/td>\n<td>0<\/td>\n<td>0<\/td>\n<td>s\/d<\/td>\n<td>0<\/td>\n<td>4<\/td>\n<td>44.\u00ba<\/td>\n<\/tr>\n<tr>\n<th rowspan=\"3\">2008<\/th>\n<td align=\"left\"><a title=\"Anexo:Temporada 2008 de Turismo Carretera\" href=\"https:\/\/es.wikipedia.org\/wiki\/Anexo:Temporada_2008_de_Turismo_Carretera\">Turismo Carretera<\/a><\/td>\n<td align=\"left\"><a title=\"JP Carrera\" href=\"https:\/\/es.wikipedia.org\/wiki\/JP_Carrera\">Firestone JP Racing<\/a><\/td>\n<td>16<\/td>\n<td>2<\/td>\n<td>2<\/td>\n<td>1<\/td>\n<td>9<\/td>\n<td>268<\/td>\n<td><b>2.\u00ba<\/b><\/td>\n<\/tr>\n<tr>\n<td align=\"left\"><a class=\"mw-redirect\" title=\"Temporada 2008 de Turismo Competici\u00f3n 2000\" href=\"https:\/\/es.wikipedia.org\/wiki\/Temporada_2008_de_Turismo_Competici%C3%B3n_2000\">Turismo Competici\u00f3n 2000<\/a><\/td>\n<td align=\"left\"><a title=\"RAM Racing Factory\" href=\"https:\/\/es.wikipedia.org\/wiki\/RAM_Racing_Factory\">Honda Petrobras<\/a><\/td>\n<td>14<\/td>\n<td>0<\/td>\n<td>2<\/td>\n<td>0<\/td>\n<td>7<\/td>\n<td>153<\/td>\n<td><b>3.\u00ba<\/b><\/td>\n<\/tr>\n<tr>\n<td align=\"left\"><a title=\"Anexo:Temporada 2008 de Top Race\" href=\"https:\/\/es.wikipedia.org\/wiki\/Anexo:Temporada_2008_de_Top_Race\">Top Race V6<\/a><\/td>\n<td align=\"left\"><a title=\"RV Racing Sport\" href=\"https:\/\/es.wikipedia.org\/wiki\/RV_Racing_Sport\">RV Competici\u00f3n<\/a><\/td>\n<td>12<\/td>\n<td>2<\/td>\n<td>0<\/td>\n<td>1<\/td>\n<td>3<\/td>\n<td>191,5<\/td>\n<td><b>2.\u00ba<\/b><\/td>\n<\/tr>\n<tr>\n<th rowspan=\"4\">2009<\/th>\n<td align=\"left\"><a title=\"Anexo:Temporada 2009 de Turismo Carretera\" href=\"https:\/\/es.wikipedia.org\/wiki\/Anexo:Temporada_2009_de_Turismo_Carretera\">Turismo Carretera<\/a><\/td>\n<td align=\"left\"><a title=\"RV Racing Sport\" href=\"https:\/\/es.wikipedia.org\/wiki\/RV_Racing_Sport\">RV Racing Sport<\/a><\/td>\n<td>16<\/td>\n<td>0<\/td>\n<td>0<\/td>\n<td>1<\/td>\n<td>2<\/td>\n<td>145,75<\/td>\n<td>10.\u00ba<\/td>\n<\/tr>\n<tr>\n<td align=\"left\"><a class=\"mw-redirect\" title=\"Temporada 2009 de Turismo Competici\u00f3n 2000\" href=\"https:\/\/es.wikipedia.org\/wiki\/Temporada_2009_de_Turismo_Competici%C3%B3n_2000\">Turismo Competici\u00f3n 2000<\/a><\/td>\n<td rowspan=\"2\" align=\"left\"><a title=\"RAM Racing Factory\" href=\"https:\/\/es.wikipedia.org\/wiki\/RAM_Racing_Factory\">Equipo Petrobras<\/a><\/td>\n<td>13<\/td>\n<td>1<\/td>\n<td>0<\/td>\n<td>3<\/td>\n<td>5<\/td>\n<td>127<\/td>\n<td><b>3.\u00ba<\/b><\/td>\n<\/tr>\n<tr>\n<td align=\"left\"><a title=\"Anexo:Copa Endurance Series 2009\" href=\"https:\/\/es.wikipedia.org\/wiki\/Anexo:Copa_Endurance_Series_2009\">Turismo Competici\u00f3n 2000<br \/>\nCopa Endurance Series<\/a><\/td>\n<td>3<\/td>\n<td>0<\/td>\n<td>0<\/td>\n<td>0<\/td>\n<td>1<\/td>\n<td>27<\/td>\n<td>5.\u00ba<\/td>\n<\/tr>\n<tr>\n<td align=\"left\"><a title=\"Anexo:Temporada 2009 de Top Race\" href=\"https:\/\/es.wikipedia.org\/wiki\/Anexo:Temporada_2009_de_Top_Race\">Top Race V6<\/a><\/td>\n<td align=\"left\"><a title=\"RV Racing Sport\" href=\"https:\/\/es.wikipedia.org\/wiki\/RV_Racing_Sport\">RV Racing Sports<\/a><\/td>\n<td>14<\/td>\n<td>2<\/td>\n<td>0<\/td>\n<td>1<\/td>\n<td>7<\/td>\n<td>47<\/td>\n<td><b>2.\u00ba<\/b><\/td>\n<\/tr>\n<tr>\n<th rowspan=\"5\">2010<\/th>\n<td align=\"left\"><a title=\"Anexo:Temporada 2010 de Turismo Carretera\" href=\"https:\/\/es.wikipedia.org\/wiki\/Anexo:Temporada_2010_de_Turismo_Carretera\">Turismo Carretera<\/a><\/td>\n<td align=\"left\"><a title=\"RV Racing Sport\" href=\"https:\/\/es.wikipedia.org\/wiki\/RV_Racing_Sport\">RV Racing Sports<\/a><br \/>\n<a title=\"HAZ Racing Team\" href=\"https:\/\/es.wikipedia.org\/wiki\/HAZ_Racing_Team\">HAZ Racing Team<\/a><\/td>\n<td>16<\/td>\n<td>0<\/td>\n<td>0<\/td>\n<td>0<\/td>\n<td>0<\/td>\n<td>131,75<\/td>\n<td>14.\u00ba<\/td>\n<\/tr>\n<tr>\n<td align=\"left\"><a class=\"mw-redirect\" title=\"Temporada 2010 de Turismo Competici\u00f3n 2000\" href=\"https:\/\/es.wikipedia.org\/wiki\/Temporada_2010_de_Turismo_Competici%C3%B3n_2000\">Turismo Competici\u00f3n 2000<\/a><\/td>\n<td rowspan=\"2\" align=\"left\"><a class=\"new\" title=\"EF Racing (a\u00fan no redactado)\" href=\"https:\/\/es.wikipedia.org\/w\/index.php?title=EF_Racing&amp;action=edit&amp;redlink=1\">Renault Lo Jack Team<\/a><\/td>\n<td>13<\/td>\n<td>0<\/td>\n<td>0<\/td>\n<td>1<\/td>\n<td>1<\/td>\n<td>25<\/td>\n<td>15.\u00ba<\/td>\n<\/tr>\n<tr>\n<td align=\"left\"><a title=\"Anexo:Copa Endurance Series 2010\" href=\"https:\/\/es.wikipedia.org\/wiki\/Anexo:Copa_Endurance_Series_2010\">Turismo Competici\u00f3n 2000<br \/>\nCopa Endurance Series<\/a><\/td>\n<td>3<\/td>\n<td>0<\/td>\n<td>0<\/td>\n<td>0<\/td>\n<td>0<\/td>\n<td>13<\/td>\n<td>10.\u00ba<\/td>\n<\/tr>\n<tr>\n<td align=\"left\"><a title=\"Anexo:Copa Am\u00e9rica 2010 de Top Race\" href=\"https:\/\/es.wikipedia.org\/wiki\/Anexo:Copa_Am%C3%A9rica_2010_de_Top_Race\">Top Race V6 Copa Am\u00e9rica<\/a><\/td>\n<td align=\"left\"><a title=\"RV Racing Sport\" href=\"https:\/\/es.wikipedia.org\/wiki\/RV_Racing_Sport\">RV Racing Sports<\/a><\/td>\n<td>6<\/td>\n<td>2<\/td>\n<td>0<\/td>\n<td>1<\/td>\n<td>3<\/td>\n<td>93<\/td>\n<td>4.\u00ba<\/td>\n<\/tr>\n<tr>\n<td align=\"left\"><a title=\"Anexo:Torneo Clausura 2010 de Top Race\" href=\"https:\/\/es.wikipedia.org\/wiki\/Anexo:Torneo_Clausura_2010_de_Top_Race\">Top Race V6 Torneo Clausura<\/a><\/td>\n<td align=\"left\"><a title=\"RV Racing Sport\" href=\"https:\/\/es.wikipedia.org\/wiki\/RV_Racing_Sport\">RV Racing Sports<\/a><\/td>\n<td>3<\/td>\n<td>0<\/td>\n<td>0<\/td>\n<td>s\/d<\/td>\n<td>1<\/td>\n<td>5<\/td>\n<td>4.\u00ba<\/td>\n<\/tr>\n<tr>\n<th rowspan=\"5\">2011<\/th>\n<td align=\"left\"><a title=\"Anexo:Temporada 2011 de Turismo Carretera\" href=\"https:\/\/es.wikipedia.org\/wiki\/Anexo:Temporada_2011_de_Turismo_Carretera\">Turismo Carretera<\/a><\/td>\n<td align=\"left\"><a title=\"HAZ Racing Team\" href=\"https:\/\/es.wikipedia.org\/wiki\/HAZ_Racing_Team\">HAZ Racing Team<\/a><\/td>\n<td>14<\/td>\n<td>0<\/td>\n<td>0<\/td>\n<td>0<\/td>\n<td>1<\/td>\n<td>119,5<\/td>\n<td>16.\u00ba<\/td>\n<\/tr>\n<tr>\n<td align=\"left\"><a class=\"mw-redirect\" title=\"Temporada 2011 de Turismo Competici\u00f3n 2000\" href=\"https:\/\/es.wikipedia.org\/wiki\/Temporada_2011_de_Turismo_Competici%C3%B3n_2000\">Turismo Competici\u00f3n 2000<\/a><\/td>\n<td align=\"left\"><a title=\"HAZ Racing Team\" href=\"https:\/\/es.wikipedia.org\/wiki\/HAZ_Racing_Team\">Ford YPF<\/a><\/td>\n<td>13<\/td>\n<td>1<\/td>\n<td>0<\/td>\n<td>1<\/td>\n<td>2<\/td>\n<td>138<\/td>\n<td>6.\u00ba<\/td>\n<\/tr>\n<tr>\n<td align=\"left\"><a title=\"Rally Dakar de 2011\" href=\"https:\/\/es.wikipedia.org\/wiki\/Rally_Dakar_de_2011\">Rally Dakar &#8211; Autos<\/a><\/td>\n<td align=\"left\">ProDakar<\/td>\n<td>1<\/td>\n<td>0<\/td>\n<th><\/th>\n<th><\/th>\n<td>0<\/td>\n<th><\/th>\n<td>45.\u00ba<\/td>\n<\/tr>\n<tr>\n<td align=\"left\"><a title=\"Anexo:Temporada 2011 de Top Race\" href=\"https:\/\/es.wikipedia.org\/wiki\/Anexo:Temporada_2011_de_Top_Race\">Top Race V6<\/a><\/td>\n<td align=\"left\">AS Racing<\/td>\n<td>5<\/td>\n<td>0<\/td>\n<td>0<\/td>\n<td>0<\/td>\n<td>1<\/td>\n<td>56<\/td>\n<td>5.\u00ba<\/td>\n<\/tr>\n<tr>\n<td align=\"left\"><a class=\"mw-redirect\" title=\"Temporada 2011 de Turismo Nacional\" href=\"https:\/\/es.wikipedia.org\/wiki\/Temporada_2011_de_Turismo_Nacional\">Turismo Nacional Clase 3<\/a><\/td>\n<td align=\"left\">Vittal G Racing Car<\/td>\n<td>1<\/td>\n<td>0<\/td>\n<td>0<\/td>\n<td>0<\/td>\n<td>1<\/td>\n<td>&#8211;<\/td>\n<td>NC<\/td>\n<\/tr>\n<tr>\n<th rowspan=\"7\">2012<\/th>\n<td align=\"left\"><a title=\"Anexo:Temporada 2012 de Turismo Carretera\" href=\"https:\/\/es.wikipedia.org\/wiki\/Anexo:Temporada_2012_de_Turismo_Carretera\">Turismo Carretera<\/a><\/td>\n<td align=\"left\">Catal\u00e1n Magni Motorsport<\/td>\n<td>15<\/td>\n<td>0<\/td>\n<td>0<\/td>\n<td>0<\/td>\n<td>1<\/td>\n<td>114<\/td>\n<td>16.\u00ba<\/td>\n<\/tr>\n<tr>\n<td align=\"left\"><a title=\"24 Horas de N\u00fcrburgring\" href=\"https:\/\/es.wikipedia.org\/wiki\/24_Horas_de_N%C3%BCrburgring\">24 Horas de N\u00fcrburgring &#8211; Clase SP10<\/a><\/td>\n<td rowspan=\"3\"><\/td>\n<td>1<\/td>\n<td>0<\/td>\n<td>0<\/td>\n<td>0<\/td>\n<td>0<\/td>\n<td>&#8211;<\/td>\n<td>NC<\/td>\n<\/tr>\n<tr>\n<td align=\"left\"><a class=\"mw-redirect\" title=\"Campeonato de N\u00fcrburgring de Resistencia de la VLN\" href=\"https:\/\/es.wikipedia.org\/wiki\/Campeonato_de_N%C3%BCrburgring_de_Resistencia_de_la_VLN\">Campeonato de N\u00fcrburgring<br \/>\nde Resistencia de la VLN<\/a><\/td>\n<td>1<\/td>\n<td>0<\/td>\n<td>0<\/td>\n<td>0<\/td>\n<td>0<\/td>\n<td>6,25<\/td>\n<td>693.\u00ba<\/td>\n<\/tr>\n<tr>\n<td align=\"left\"><a class=\"mw-redirect\" title=\"Campeonato de N\u00fcrburgring de Resistencia de la VLN\" href=\"https:\/\/es.wikipedia.org\/wiki\/Campeonato_de_N%C3%BCrburgring_de_Resistencia_de_la_VLN\">Campeonato de N\u00fcrburgring<br \/>\nde Resistencia de la VLN &#8211; Clase SP10<\/a><\/td>\n<td>1<\/td>\n<td>0<\/td>\n<td>0<\/td>\n<td>0<\/td>\n<td>0<\/td>\n<th>&#8211;<\/th>\n<th>&#8211;<\/th>\n<\/tr>\n<tr>\n<td align=\"left\"><a title=\"Rally Dakar de 2012\" href=\"https:\/\/es.wikipedia.org\/wiki\/Rally_Dakar_de_2012\">Rally Dakar &#8211; Autos<\/a><\/td>\n<td align=\"left\">Legi\u00f3n Argentina SpeedAgro<\/td>\n<td>1<\/td>\n<td>0<\/td>\n<th><\/th>\n<th><\/th>\n<td>0<\/td>\n<th><\/th>\n<td>NC<\/td>\n<\/tr>\n<tr>\n<td align=\"left\"><a title=\"Anexo:Temporada 2012 de Top Race\" href=\"https:\/\/es.wikipedia.org\/wiki\/Anexo:Temporada_2012_de_Top_Race\">Top Race V6<\/a><\/td>\n<td align=\"left\"><a title=\"RV Racing Sport\" href=\"https:\/\/es.wikipedia.org\/wiki\/RV_Racing_Sport\">RV Racing Sports<\/a><\/td>\n<td>11<\/td>\n<td>2<\/td>\n<td>0<\/td>\n<td>0<\/td>\n<td>3<\/td>\n<td>55<\/td>\n<td>4.\u00ba<\/td>\n<\/tr>\n<tr>\n<td align=\"left\"><a title=\"Anexo:Torneo de pilotos invitados 2012 del TC Mouras\" href=\"https:\/\/es.wikipedia.org\/wiki\/Anexo:Torneo_de_pilotos_invitados_2012_del_TC_Mouras\">TC Mouras<br \/>\nTorneo de pilotos invitados<\/a><\/td>\n<td align=\"left\"><a class=\"mw-redirect\" title=\"Alifraco Sport\" href=\"https:\/\/es.wikipedia.org\/wiki\/Alifraco_Sport\">Alifraco Sport<\/a><\/td>\n<td>1<\/td>\n<td>0<\/td>\n<th><\/th>\n<td>0<\/td>\n<td>0<\/td>\n<td>2,25<\/td>\n<td>35.\u00ba<\/td>\n<\/tr>\n<tr>\n<th rowspan=\"3\">2013<\/th>\n<td align=\"left\"><a title=\"Anexo:Temporada 2013 de Turismo Carretera\" href=\"https:\/\/es.wikipedia.org\/wiki\/Anexo:Temporada_2013_de_Turismo_Carretera\">Turismo Carretera<\/a><\/td>\n<td align=\"left\">Catal\u00e1n Magni Motorsport<\/td>\n<td>16<\/td>\n<td>1<\/td>\n<td>0<\/td>\n<td>1<\/td>\n<td>1<\/td>\n<td>440,5<\/td>\n<td>4.\u00ba<\/td>\n<\/tr>\n<tr>\n<td align=\"left\"><a title=\"Rally Dakar de 2013\" href=\"https:\/\/es.wikipedia.org\/wiki\/Rally_Dakar_de_2013\">Rally Dakar &#8211; Autos<\/a><\/td>\n<td align=\"left\">s\/d<\/td>\n<td>1<\/td>\n<td>0<\/td>\n<th><\/th>\n<th><\/th>\n<td>0<\/td>\n<th><\/th>\n<td>NC<\/td>\n<\/tr>\n<tr>\n<td align=\"left\"><a title=\"Anexo:Temporada 2013 de Top Race\" href=\"https:\/\/es.wikipedia.org\/wiki\/Anexo:Temporada_2013_de_Top_Race\">Top Race V6<\/a><\/td>\n<td align=\"left\"><a title=\"RV Racing Sport\" href=\"https:\/\/es.wikipedia.org\/wiki\/RV_Racing_Sport\">RV Racing Sports<\/a><\/td>\n<td>11<\/td>\n<td>1<\/td>\n<td>1<\/td>\n<td>1<\/td>\n<td>5<\/td>\n<td>56<\/td>\n<td><b>3.\u00ba<\/b><\/td>\n<\/tr>\n<tr>\n<th rowspan=\"5\">2014<\/th>\n<td align=\"left\"><a title=\"Anexo:Temporada 2014 de Turismo Carretera\" href=\"https:\/\/es.wikipedia.org\/wiki\/Anexo:Temporada_2014_de_Turismo_Carretera\">Turismo Carretera<\/a><\/td>\n<td align=\"left\">Catal\u00e1n Magni Motorsport<\/td>\n<td>16<\/td>\n<td>0<\/td>\n<td>0<\/td>\n<td>1<\/td>\n<td>2<\/td>\n<td>478,5<\/td>\n<td>4.\u00ba<\/td>\n<\/tr>\n<tr>\n<td align=\"left\"><a title=\"24 Horas de N\u00fcrburgring\" href=\"https:\/\/es.wikipedia.org\/wiki\/24_Horas_de_N%C3%BCrburgring\">24 Horas de N\u00fcrburgring &#8211; Clase SP10<\/a><\/td>\n<td align=\"left\">Prosport-Performance GmbH<\/td>\n<td>1<\/td>\n<td>1<\/td>\n<td>0<\/td>\n<td>0<\/td>\n<td>1<\/td>\n<td>&#8211;<\/td>\n<td><b>1.\u00ba<\/b><\/td>\n<\/tr>\n<tr>\n<td align=\"left\"><a title=\"Rally Dakar de 2014\" href=\"https:\/\/es.wikipedia.org\/wiki\/Rally_Dakar_de_2014\">Rally Dakar &#8211; Autos<\/a><\/td>\n<td align=\"left\"><a class=\"mw-redirect\" title=\"Canapino Racing\" href=\"https:\/\/es.wikipedia.org\/wiki\/Canapino_Racing\">Colcar Racing Team<\/a><\/td>\n<td>1<\/td>\n<td>0<\/td>\n<th><\/th>\n<th><\/th>\n<td>0<\/td>\n<th><\/th>\n<td>20.\u00ba<\/td>\n<\/tr>\n<tr>\n<td align=\"left\"><a title=\"Campeonato Argentino de Rally Cross Country\" href=\"https:\/\/es.wikipedia.org\/wiki\/Campeonato_Argentino_de_Rally_Cross_Country\">Campeonato Argentino de Rally Cross Country &#8211; Autos<\/a><\/td>\n<td align=\"left\"><a class=\"mw-redirect\" title=\"Canapino Racing\" href=\"https:\/\/es.wikipedia.org\/wiki\/Canapino_Racing\">Colcar Racing Team<\/a><\/td>\n<td>s\/d<\/td>\n<td>s\/d<\/td>\n<th><\/th>\n<th><\/th>\n<td>s\/d<\/td>\n<td>s\/d<\/td>\n<td><b>1.\u00ba<\/b><\/td>\n<\/tr>\n<tr>\n<td align=\"left\"><a class=\"mw-redirect\" title=\"Stock Car Brasil\" href=\"https:\/\/es.wikipedia.org\/wiki\/Stock_Car_Brasil\">Stock Car Brasil<\/a><\/td>\n<td align=\"left\">Red Bull Racing<\/td>\n<td>1<\/td>\n<td>0<\/td>\n<td>1<\/td>\n<td>0<\/td>\n<td>0<\/td>\n<td>&#8211;<\/td>\n<td>&#8211;<sup id=\"cite_ref-invitado_7-0\" class=\"reference separada\"><a href=\"https:\/\/es.wikipedia.org\/wiki\/Juan_Manuel_Silva#cite_note-invitado-7\">nota 1<\/a><\/sup>\u200b<\/td>\n<\/tr>\n<tr>\n<th rowspan=\"4\">2015<\/th>\n<td align=\"left\"><a title=\"Anexo:Temporada 2015 de Turismo Carretera\" href=\"https:\/\/es.wikipedia.org\/wiki\/Anexo:Temporada_2015_de_Turismo_Carretera\">Turismo Carretera<\/a><\/td>\n<td align=\"left\">Catal\u00e1n Magni Motorsport<\/td>\n<td>16<\/td>\n<td>1<\/td>\n<td>1<\/td>\n<td>0<\/td>\n<td>1<\/td>\n<td>301,75<\/td>\n<td>20.\u00ba<\/td>\n<\/tr>\n<tr>\n<td align=\"left\"><a title=\"24 Horas de N\u00fcrburgring\" href=\"https:\/\/es.wikipedia.org\/wiki\/24_Horas_de_N%C3%BCrburgring\">24 Horas de N\u00fcrburgring &#8211; Clase SP10-GT4<\/a><\/td>\n<td align=\"left\">Prosport-Performance GmbH<\/td>\n<td>1<\/td>\n<td>1<\/td>\n<td>0<\/td>\n<td>0<\/td>\n<td>1<\/td>\n<td>&#8211;<\/td>\n<td><b>1.\u00ba<\/b><\/td>\n<\/tr>\n<tr>\n<td align=\"left\"><a title=\"Rally Dakar de 2015\" href=\"https:\/\/es.wikipedia.org\/wiki\/Rally_Dakar_de_2015\">Rally Dakar &#8211; Autos<\/a><\/td>\n<td align=\"left\"><a class=\"mw-redirect\" title=\"Canapino Racing\" href=\"https:\/\/es.wikipedia.org\/wiki\/Canapino_Racing\">Colcar Racing Team<\/a><\/td>\n<td>1<\/td>\n<td>0<\/td>\n<th><\/th>\n<th><\/th>\n<td>0<\/td>\n<th><\/th>\n<td>NC<\/td>\n<\/tr>\n<tr>\n<td align=\"left\"><a title=\"Campeonato Argentino de Rally Cross Country\" href=\"https:\/\/es.wikipedia.org\/wiki\/Campeonato_Argentino_de_Rally_Cross_Country\">Campeonato Argentino de Rally Cross Country &#8211; Autos<\/a><\/td>\n<td align=\"left\"><a class=\"mw-redirect\" title=\"Canapino Racing\" href=\"https:\/\/es.wikipedia.org\/wiki\/Canapino_Racing\">Colcar Racing Team<\/a><\/td>\n<td>s\/d<\/td>\n<td>s\/d<\/td>\n<th><\/th>\n<th><\/th>\n<td>s\/d<\/td>\n<td>64<\/td>\n<td><b>1.\u00ba<\/b><\/td>\n<\/tr>\n<tr>\n<th rowspan=\"5\">2016<\/th>\n<td align=\"left\"><a title=\"Anexo:Temporada 2016 de Turismo Carretera\" href=\"https:\/\/es.wikipedia.org\/wiki\/Anexo:Temporada_2016_de_Turismo_Carretera\">Turismo Carretera<\/a><\/td>\n<td align=\"left\">Catal\u00e1n Magni Motorsport<\/td>\n<td>16<\/td>\n<td>0<\/td>\n<td>0<\/td>\n<td>0<\/td>\n<td>0<\/td>\n<td>568,5<\/td>\n<td>4.\u00ba<\/td>\n<\/tr>\n<tr>\n<td align=\"left\"><a title=\"Anexo:Temporada 2016 de Turismo Nacional\" href=\"https:\/\/es.wikipedia.org\/wiki\/Anexo:Temporada_2016_de_Turismo_Nacional\">Turismo Nacional Clase 3<\/a><\/td>\n<td align=\"left\">Citro\u00ebn Total TN Racing<\/td>\n<td>12<\/td>\n<td>0<\/td>\n<td>0<\/td>\n<td>0<\/td>\n<td>0<\/td>\n<td>83<\/td>\n<td>24.\u00ba<\/td>\n<\/tr>\n<tr>\n<td align=\"left\"><a title=\"Rally Dakar de 2016\" href=\"https:\/\/es.wikipedia.org\/wiki\/Rally_Dakar_de_2016\">Rally Dakar &#8211; Autos<\/a><\/td>\n<td align=\"left\"><a class=\"mw-redirect\" title=\"Canapino Racing\" href=\"https:\/\/es.wikipedia.org\/wiki\/Canapino_Racing\">Colcar Racing Team<\/a><\/td>\n<td>1<\/td>\n<td>0<\/td>\n<th><\/th>\n<th><\/th>\n<td>0<\/td>\n<th><\/th>\n<td>50.\u00ba<\/td>\n<\/tr>\n<tr>\n<td align=\"left\"><a title=\"Campeonato Argentino de Rally Cross Country\" href=\"https:\/\/es.wikipedia.org\/wiki\/Campeonato_Argentino_de_Rally_Cross_Country\">Campeonato Argentino de Rally Cross Country &#8211; Autos<\/a><\/td>\n<td align=\"left\"><a class=\"mw-redirect\" title=\"Canapino Racing\" href=\"https:\/\/es.wikipedia.org\/wiki\/Canapino_Racing\">Colcar Racing Team<\/a><\/td>\n<td>2<\/td>\n<td>s\/d<\/td>\n<th><\/th>\n<th><\/th>\n<td>s\/d<\/td>\n<td>s\/d<\/td>\n<td>s\/d<\/td>\n<\/tr>\n<tr>\n<td align=\"left\"><a title=\"Anexo:Torneo de pilotos invitados 2016 del TC Mouras\" href=\"https:\/\/es.wikipedia.org\/wiki\/Anexo:Torneo_de_pilotos_invitados_2016_del_TC_Mouras\">TC Mouras<br \/>\nTorneo de pilotos invitados<\/a><\/td>\n<td align=\"left\">CM Sport<\/td>\n<td>3<\/td>\n<td>0<\/td>\n<th><\/th>\n<td>0<\/td>\n<td>0<\/td>\n<td>26,5<\/td>\n<td>9.\u00ba<\/td>\n<\/tr>\n<tr>\n<th rowspan=\"6\">2017<\/th>\n<td align=\"left\"><a title=\"Anexo:Temporada 2017 de Turismo Carretera\" href=\"https:\/\/es.wikipedia.org\/wiki\/Anexo:Temporada_2017_de_Turismo_Carretera\">Turismo Carretera<\/a><\/td>\n<td align=\"left\">Catal\u00e1n Magni Motorsport<\/td>\n<td>15<\/td>\n<td>1<\/td>\n<td>0<\/td>\n<td>0<\/td>\n<td>2<\/td>\n<td>345,75<\/td>\n<td>11.\u00ba<\/td>\n<\/tr>\n<tr>\n<td align=\"left\"><a class=\"mw-redirect\" title=\"Temporada 2017 del S\u00faper TC 2000\" href=\"https:\/\/es.wikipedia.org\/wiki\/Temporada_2017_del_S%C3%BAper_TC_2000\">S\u00faper TC 2000<\/a><\/td>\n<td align=\"left\"><a title=\"RAM Racing Factory\" href=\"https:\/\/es.wikipedia.org\/wiki\/RAM_Racing_Factory\">Escuder\u00eda Fela<\/a><\/td>\n<td>12<\/td>\n<td>0<\/td>\n<td>0<\/td>\n<td>0<\/td>\n<td>0<\/td>\n<td>&#8211;<\/td>\n<td>&#8211;<sup id=\"cite_ref-200km_8-0\" class=\"reference separada\"><a href=\"https:\/\/es.wikipedia.org\/wiki\/Juan_Manuel_Silva#cite_note-200km-8\">nota 2<\/a><\/sup>\u200b<\/td>\n<\/tr>\n<tr>\n<td align=\"left\"><a title=\"Rally Dakar de 2017\" href=\"https:\/\/es.wikipedia.org\/wiki\/Rally_Dakar_de_2017\">Rally Dakar &#8211; Autos<\/a><\/td>\n<td align=\"left\"><a class=\"mw-redirect\" title=\"Canapino Racing\" href=\"https:\/\/es.wikipedia.org\/wiki\/Canapino_Racing\">Colcar Racing Team<\/a><\/td>\n<td>1<\/td>\n<td>0<\/td>\n<th><\/th>\n<th><\/th>\n<td>0<\/td>\n<th><\/th>\n<td>33.\u00ba<\/td>\n<\/tr>\n<tr>\n<td align=\"left\"><a title=\"Campeonato Argentino de Rally Cross Country\" href=\"https:\/\/es.wikipedia.org\/wiki\/Campeonato_Argentino_de_Rally_Cross_Country\">Campeonato Argentino de Rally Cross Country &#8211; Autos<\/a><\/td>\n<td align=\"left\"><a class=\"mw-redirect\" title=\"Canapino Racing\" href=\"https:\/\/es.wikipedia.org\/wiki\/Canapino_Racing\">Colcar Racing Team<\/a><\/td>\n<td>1<\/td>\n<td>0<\/td>\n<th><\/th>\n<th><\/th>\n<td>0<\/td>\n<th><\/th>\n<th><\/th>\n<\/tr>\n<tr>\n<td align=\"left\"><a title=\"Anexo:Temporada 2017 de Top Race\" href=\"https:\/\/es.wikipedia.org\/wiki\/Anexo:Temporada_2017_de_Top_Race\">Top Race V6<\/a><\/td>\n<td align=\"left\"><a title=\"RV Racing Sport\" href=\"https:\/\/es.wikipedia.org\/wiki\/RV_Racing_Sport\">RV Racing Sports<\/a><\/td>\n<td>6<\/td>\n<td>1<\/td>\n<td>0<\/td>\n<td>0<\/td>\n<td>1<\/td>\n<td>16<\/td>\n<td>19.\u00ba<\/td>\n<\/tr>\n<tr>\n<td align=\"left\"><a title=\"24 Horas de N\u00fcrburgring\" href=\"https:\/\/es.wikipedia.org\/wiki\/24_Horas_de_N%C3%BCrburgring\">24 Horas de N\u00fcrburgring &#8211; Clase SP10<\/a><\/td>\n<td align=\"left\">Team Mathol Racing e. V.<\/td>\n<td>1<\/td>\n<td>0<\/td>\n<td>0<\/td>\n<td>0<\/td>\n<td>0<\/td>\n<td>&#8211;<\/td>\n<td>NC<\/td>\n<\/tr>\n<tr>\n<th rowspan=\"3\">2018<\/th>\n<td align=\"left\"><a title=\"Anexo:Temporada 2018 de Turismo Carretera\" href=\"https:\/\/es.wikipedia.org\/wiki\/Anexo:Temporada_2018_de_Turismo_Carretera\">Turismo Carretera<\/a><\/td>\n<td align=\"left\">CM Sport<\/td>\n<td>15<\/td>\n<td>0<\/td>\n<td>0<\/td>\n<td>0<\/td>\n<td>1<\/td>\n<td>284<\/td>\n<td>20.\u00ba<\/td>\n<\/tr>\n<tr>\n<td align=\"left\"><a title=\"Anexo:Temporada 2018 de TC Pick Up\" href=\"https:\/\/es.wikipedia.org\/wiki\/Anexo:Temporada_2018_de_TC_Pick_Up\">TC Pick Up<\/a><\/td>\n<td align=\"left\"><a title=\"JP Carrera\" href=\"https:\/\/es.wikipedia.org\/wiki\/JP_Carrera\">JP Carrera<\/a><\/td>\n<td>5<\/td>\n<td>1<\/td>\n<td>1<\/td>\n<td>1<\/td>\n<td>2<\/td>\n<td>35<\/td>\n<td>5.\u00ba<\/td>\n<\/tr>\n<tr>\n<td align=\"left\"><a title=\"Rally Dakar de 2018\" href=\"https:\/\/es.wikipedia.org\/wiki\/Rally_Dakar_de_2018\">Rally Dakar &#8211; Autos<\/a><\/td>\n<td align=\"left\"><a class=\"mw-redirect\" title=\"Canapino Racing\" href=\"https:\/\/es.wikipedia.org\/wiki\/Canapino_Racing\">Colcar Racing Team<\/a><\/td>\n<td>1<\/td>\n<td>0<\/td>\n<th><\/th>\n<th><\/th>\n<td>0<\/td>\n<th><\/th>\n<td>NC<\/td>\n<\/tr>\n<tr>\n<th rowspan=\"4\">2019<\/th>\n<td align=\"left\"><a title=\"Anexo:Temporada 2019 de Turismo Carretera\" href=\"https:\/\/es.wikipedia.org\/wiki\/Anexo:Temporada_2019_de_Turismo_Carretera\">Turismo Carretera<\/a><\/td>\n<td align=\"left\">MG Racing<\/td>\n<td>14<\/td>\n<td>1<\/td>\n<td>1<\/td>\n<td>1<\/td>\n<td>4<\/td>\n<td>403<\/td>\n<td>8.\u00ba<\/td>\n<\/tr>\n<tr>\n<td align=\"left\"><a title=\"Anexo:Temporada 2019 de TC Pick Up\" href=\"https:\/\/es.wikipedia.org\/wiki\/Anexo:Temporada_2019_de_TC_Pick_Up\">TC Pick Up<\/a><\/td>\n<td align=\"left\"><a title=\"JP Carrera\" href=\"https:\/\/es.wikipedia.org\/wiki\/JP_Carrera\">JP Carrera<\/a><\/td>\n<td>10<\/td>\n<td>1<\/td>\n<td>0<\/td>\n<td>1<\/td>\n<td>2<\/td>\n<td>103<\/td>\n<td>7.\u00ba<\/td>\n<\/tr>\n<tr>\n<td align=\"left\"><a title=\"Rally Dakar de 2019\" href=\"https:\/\/es.wikipedia.org\/wiki\/Rally_Dakar_de_2019\">Rally Dakar &#8211; Autos<\/a><\/td>\n<td align=\"left\"><a class=\"mw-redirect\" title=\"Canapino Racing\" href=\"https:\/\/es.wikipedia.org\/wiki\/Canapino_Racing\">Colcar Racing Team<\/a><\/td>\n<td>1<\/td>\n<td>0<\/td>\n<th><\/th>\n<th><\/th>\n<td>0<\/td>\n<th><\/th>\n<td>18.\u00ba<\/td>\n<\/tr>\n<tr>\n<td align=\"left\"><a class=\"mw-redirect\" title=\"Temporada 2019 de Turismo Nacional\" href=\"https:\/\/es.wikipedia.org\/wiki\/Temporada_2019_de_Turismo_Nacional\">Turismo Nacional Clase 3<\/a><\/td>\n<td align=\"left\">Chetta Racing<\/td>\n<td>2<\/td>\n<td>0<\/td>\n<td>0<\/td>\n<td>0<\/td>\n<td>0<\/td>\n<td>19<\/td>\n<td>34.\u00ba<\/td>\n<\/tr>\n<tr>\n<th rowspan=\"2\">2020<\/th>\n<td align=\"left\"><a title=\"Anexo:Temporada 2020 de Turismo Carretera\" href=\"https:\/\/es.wikipedia.org\/wiki\/Anexo:Temporada_2020_de_Turismo_Carretera\">Turismo Carretera<\/a><\/td>\n<td align=\"left\"><a title=\"LCA Racing\" href=\"https:\/\/es.wikipedia.org\/wiki\/LCA_Racing\">LCA Racing<\/a><br \/>\nMG Racing S.A.<\/td>\n<td>11<\/td>\n<td>0<\/td>\n<td>0<\/td>\n<td>0<\/td>\n<td>0<\/td>\n<td>112,75<\/td>\n<td>30.\u00ba<\/td>\n<\/tr>\n<tr>\n<td align=\"left\"><a class=\"mw-redirect\" title=\"Temporada 2020 del S\u00faper TC 2000\" href=\"https:\/\/es.wikipedia.org\/wiki\/Temporada_2020_del_S%C3%BAper_TC_2000\">S\u00faper TC 2000<\/a><\/td>\n<td align=\"left\"><a title=\"RAM Racing Factory\" href=\"https:\/\/es.wikipedia.org\/wiki\/RAM_Racing_Factory\">Puma Energy Honda Racing<\/a><\/td>\n<td>15<\/td>\n<td>0<\/td>\n<td>0<\/td>\n<td>0<\/td>\n<td>0<\/td>\n<td>20<\/td>\n<td>16.\u00ba<\/td>\n<\/tr>\n<tr>\n<th colspan=\"10\">Fuente: Wikipedia<sup id=\"cite_ref-DriverDB_9-0\" class=\"reference separada\"><\/sup>\u200b<\/th>\n<\/tr>\n<\/tbody>\n<\/table>\n<div class=\"mw-heading mw-heading2\">\n<h2 id=\"Palmar\u00e9s\"><span id=\"Palmar.C3.A9s\"><\/span>Palmar\u00e9s<\/h2>\n<\/div>\n<table class=\"wikitable\" border=\"0\" align=\"center\">\n<tbody>\n<tr>\n<th>T\u00edtulo<\/th>\n<th>Categor\u00eda<\/th>\n<th>Autom\u00f3vil<\/th>\n<th>A\u00f1o<\/th>\n<\/tr>\n<tr>\n<td align=\"center\" bgcolor=\"#ECFCFF\"><a title=\"Campe\u00f3n\" href=\"https:\/\/es.wikipedia.org\/wiki\/Campe%C3%B3n\">Campe\u00f3n<\/a><\/td>\n<td align=\"left\" bgcolor=\"#ECFCFF\"><span class=\"flagicon\"><span class=\"mw-image-border\"><a class=\"mw-file-description\" title=\"Bandera de Argentina\" href=\"https:\/\/es.wikipedia.org\/wiki\/Archivo:Flag_of_Argentina.svg\"><img loading=\"lazy\" decoding=\"async\" class=\"mw-file-element\" src=\"https:\/\/upload.wikimedia.org\/wikipedia\/commons\/thumb\/1\/1a\/Flag_of_Argentina.svg\/20px-Flag_of_Argentina.svg.png\" srcset=\"\/\/upload.wikimedia.org\/wikipedia\/commons\/thumb\/1\/1a\/Flag_of_Argentina.svg\/30px-Flag_of_Argentina.svg.png 1.5x, \/\/upload.wikimedia.org\/wikipedia\/commons\/thumb\/1\/1a\/Flag_of_Argentina.svg\/40px-Flag_of_Argentina.svg.png 2x\" alt=\"Bandera de Argentina\" width=\"20\" height=\"13\" data-file-width=\"800\" data-file-height=\"500\" \/><\/a><\/span><\/span>\u00a0<a class=\"mw-redirect\" title=\"F\u00f3rmula Renault Elf\" href=\"https:\/\/es.wikipedia.org\/wiki\/F%C3%B3rmula_Renault_Elf\">F\u00f3rmula Renault Elf<\/a><\/td>\n<td align=\"center\" bgcolor=\"#ECFCFF\"><a title=\"Tulio Crespi\" href=\"https:\/\/es.wikipedia.org\/wiki\/Tulio_Crespi\">Crespi<\/a>&#8211;<a title=\"Renault\" href=\"https:\/\/es.wikipedia.org\/wiki\/Renault\">Renault<\/a><\/td>\n<td align=\"center\" bgcolor=\"#ECFCFF\">1993<\/td>\n<\/tr>\n<tr>\n<td align=\"center\" bgcolor=\"#ECFCFF\"><a title=\"Campe\u00f3n\" href=\"https:\/\/es.wikipedia.org\/wiki\/Campe%C3%B3n\">Campe\u00f3n<\/a><\/td>\n<td align=\"left\" bgcolor=\"#ECFCFF\"><span class=\"flagicon\"><span class=\"mw-image-border\"><a class=\"mw-file-description\" title=\"Bandera de Argentina\" href=\"https:\/\/es.wikipedia.org\/wiki\/Archivo:Flag_of_Argentina.svg\"><img loading=\"lazy\" decoding=\"async\" class=\"mw-file-element\" src=\"https:\/\/upload.wikimedia.org\/wikipedia\/commons\/thumb\/1\/1a\/Flag_of_Argentina.svg\/20px-Flag_of_Argentina.svg.png\" srcset=\"\/\/upload.wikimedia.org\/wikipedia\/commons\/thumb\/1\/1a\/Flag_of_Argentina.svg\/30px-Flag_of_Argentina.svg.png 1.5x, \/\/upload.wikimedia.org\/wikipedia\/commons\/thumb\/1\/1a\/Flag_of_Argentina.svg\/40px-Flag_of_Argentina.svg.png 2x\" alt=\"Bandera de Argentina\" width=\"20\" height=\"13\" data-file-width=\"800\" data-file-height=\"500\" \/><\/a><\/span><\/span>\u00a0<a title=\"Turismo Competici\u00f3n 2000\" href=\"https:\/\/es.wikipedia.org\/wiki\/Turismo_Competici%C3%B3n_2000\">TC 2000<\/a><\/td>\n<td align=\"center\" bgcolor=\"#ECFCFF\"><a title=\"Honda Civic (sexta generaci\u00f3n)\" href=\"https:\/\/es.wikipedia.org\/wiki\/Honda_Civic_(sexta_generaci%C3%B3n)\">Honda Civic VI<\/a><\/td>\n<td align=\"center\" bgcolor=\"#ECFCFF\">1999<\/td>\n<\/tr>\n<tr>\n<td align=\"center\" bgcolor=\"#ECFCFF\"><a title=\"Campe\u00f3n\" href=\"https:\/\/es.wikipedia.org\/wiki\/Campe%C3%B3n\">Campe\u00f3n<\/a><\/td>\n<td align=\"left\" bgcolor=\"#ECFCFF\"><span class=\"flagicon\"><span class=\"mw-image-border\"><a class=\"mw-file-description\" title=\"Bandera de Argentina\" href=\"https:\/\/es.wikipedia.org\/wiki\/Archivo:Flag_of_Argentina.svg\"><img loading=\"lazy\" decoding=\"async\" class=\"mw-file-element\" src=\"https:\/\/upload.wikimedia.org\/wikipedia\/commons\/thumb\/1\/1a\/Flag_of_Argentina.svg\/20px-Flag_of_Argentina.svg.png\" srcset=\"\/\/upload.wikimedia.org\/wikipedia\/commons\/thumb\/1\/1a\/Flag_of_Argentina.svg\/30px-Flag_of_Argentina.svg.png 1.5x, \/\/upload.wikimedia.org\/wikipedia\/commons\/thumb\/1\/1a\/Flag_of_Argentina.svg\/40px-Flag_of_Argentina.svg.png 2x\" alt=\"Bandera de Argentina\" width=\"20\" height=\"13\" data-file-width=\"800\" data-file-height=\"500\" \/><\/a><\/span><\/span>\u00a0<a title=\"Turismo Carretera\" href=\"https:\/\/es.wikipedia.org\/wiki\/Turismo_Carretera\">Turismo Carretera<\/a><\/td>\n<td align=\"center\" bgcolor=\"#ECFCFF\"><a title=\"Ford Falcon (Argentina)\" href=\"https:\/\/es.wikipedia.org\/wiki\/Ford_Falcon_(Argentina)\">Ford Falcon<\/a><\/td>\n<td align=\"center\" bgcolor=\"#ECFCFF\">2005<\/td>\n<\/tr>\n<tr>\n<td align=\"center\" bgcolor=\"#ECFCFF\"><a title=\"Campe\u00f3n\" href=\"https:\/\/es.wikipedia.org\/wiki\/Campe%C3%B3n\">Campe\u00f3n<\/a><\/td>\n<td align=\"left\" bgcolor=\"#ECFCFF\"><span class=\"flagicon\"><span class=\"mw-image-border\"><a class=\"mw-file-description\" title=\"Bandera de Argentina\" href=\"https:\/\/es.wikipedia.org\/wiki\/Archivo:Flag_of_Argentina.svg\"><img loading=\"lazy\" decoding=\"async\" class=\"mw-file-element\" src=\"https:\/\/upload.wikimedia.org\/wikipedia\/commons\/thumb\/1\/1a\/Flag_of_Argentina.svg\/20px-Flag_of_Argentina.svg.png\" srcset=\"\/\/upload.wikimedia.org\/wikipedia\/commons\/thumb\/1\/1a\/Flag_of_Argentina.svg\/30px-Flag_of_Argentina.svg.png 1.5x, \/\/upload.wikimedia.org\/wikipedia\/commons\/thumb\/1\/1a\/Flag_of_Argentina.svg\/40px-Flag_of_Argentina.svg.png 2x\" alt=\"Bandera de Argentina\" width=\"20\" height=\"13\" data-file-width=\"800\" data-file-height=\"500\" \/><\/a><\/span><\/span>\u00a0C.A. Rally Cross Country<\/td>\n<td align=\"center\" bgcolor=\"#ECFCFF\"><a class=\"mw-redirect\" title=\"Mercedes-Benz Clase ML\" href=\"https:\/\/es.wikipedia.org\/wiki\/Mercedes-Benz_Clase_ML\">Mercedes-Benz Clase ML<\/a><\/td>\n<td align=\"center\" bgcolor=\"#ECFCFF\">2014<\/td>\n<\/tr>\n<\/tbody>\n<\/table>\n<div class=\"mw-heading mw-heading3\">\n<h3 id=\"Otras_distinciones\">Otras distinciones<\/h3>\n<p><span class=\"mw-editsection\"><span class=\"mw-editsection-bracket\">[<\/span><a title=\"Editar secci\u00f3n: Otras distinciones\" href=\"https:\/\/es.wikipedia.org\/w\/index.php?title=Juan_Manuel_Silva&amp;action=edit&amp;section=5\">editar<\/a><span class=\"mw-editsection-bracket\">]<\/span><\/span><\/p>\n<\/div>\n<table class=\"wikitable\" border=\"0\" align=\"center\">\n<tbody>\n<tr>\n<th>T\u00edtulo<\/th>\n<th>Categor\u00eda<\/th>\n<th>Autom\u00f3vil<\/th>\n<th>A\u00f1o<\/th>\n<\/tr>\n<tr>\n<td align=\"center\" bgcolor=\"#ECFCFF\"><a title=\"Subcampe\u00f3n\" href=\"https:\/\/es.wikipedia.org\/wiki\/Subcampe%C3%B3n\">Subcampe\u00f3n<\/a><\/td>\n<td align=\"left\" bgcolor=\"#ECFCFF\"><span class=\"flagicon\"><span class=\"mw-image-border\"><a class=\"mw-file-description\" title=\"Bandera de Argentina\" href=\"https:\/\/es.wikipedia.org\/wiki\/Archivo:Flag_of_Argentina.svg\"><img loading=\"lazy\" decoding=\"async\" class=\"mw-file-element\" src=\"https:\/\/upload.wikimedia.org\/wikipedia\/commons\/thumb\/1\/1a\/Flag_of_Argentina.svg\/20px-Flag_of_Argentina.svg.png\" srcset=\"\/\/upload.wikimedia.org\/wikipedia\/commons\/thumb\/1\/1a\/Flag_of_Argentina.svg\/30px-Flag_of_Argentina.svg.png 1.5x, \/\/upload.wikimedia.org\/wikipedia\/commons\/thumb\/1\/1a\/Flag_of_Argentina.svg\/40px-Flag_of_Argentina.svg.png 2x\" alt=\"Bandera de Argentina\" width=\"20\" height=\"13\" data-file-width=\"800\" data-file-height=\"500\" \/><\/a><\/span><\/span>\u00a0<a title=\"Turismo Carretera\" href=\"https:\/\/es.wikipedia.org\/wiki\/Turismo_Carretera\">Turismo Carretera<\/a><\/td>\n<td align=\"center\" bgcolor=\"#ECFCFF\"><a title=\"Ford Falcon (Argentina)\" href=\"https:\/\/es.wikipedia.org\/wiki\/Ford_Falcon_(Argentina)\">Ford Falcon<\/a><\/td>\n<td align=\"center\" bgcolor=\"#ECFCFF\">2004<\/td>\n<\/tr>\n<tr>\n<td align=\"center\" bgcolor=\"#ECFCFF\"><a title=\"Subcampe\u00f3n\" href=\"https:\/\/es.wikipedia.org\/wiki\/Subcampe%C3%B3n\">Subcampe\u00f3n<\/a><\/td>\n<td align=\"left\" bgcolor=\"#ECFCFF\"><span class=\"flagicon\"><span class=\"mw-image-border\"><a class=\"mw-file-description\" title=\"Bandera de Argentina\" href=\"https:\/\/es.wikipedia.org\/wiki\/Archivo:Flag_of_Argentina.svg\"><img loading=\"lazy\" decoding=\"async\" class=\"mw-file-element\" src=\"https:\/\/upload.wikimedia.org\/wikipedia\/commons\/thumb\/1\/1a\/Flag_of_Argentina.svg\/20px-Flag_of_Argentina.svg.png\" srcset=\"\/\/upload.wikimedia.org\/wikipedia\/commons\/thumb\/1\/1a\/Flag_of_Argentina.svg\/30px-Flag_of_Argentina.svg.png 1.5x, \/\/upload.wikimedia.org\/wikipedia\/commons\/thumb\/1\/1a\/Flag_of_Argentina.svg\/40px-Flag_of_Argentina.svg.png 2x\" alt=\"Bandera de Argentina\" width=\"20\" height=\"13\" data-file-width=\"800\" data-file-height=\"500\" \/><\/a><\/span><\/span>\u00a0<a class=\"mw-redirect\" title=\"Top Race Original\" href=\"https:\/\/es.wikipedia.org\/wiki\/Top_Race_Original\">Top Race Original<\/a><\/td>\n<td align=\"center\" bgcolor=\"#ECFCFF\"><a title=\"BMW Serie 3\" href=\"https:\/\/es.wikipedia.org\/wiki\/BMW_Serie_3\">BMW Serie 3<\/a><\/td>\n<td align=\"center\" bgcolor=\"#ECFCFF\">2004<\/td>\n<\/tr>\n<tr>\n<td align=\"center\" bgcolor=\"#ECFCFF\"><a title=\"\" href=\"https:\/\/es.wikipedia.org\/wiki\/Subcampe%C3%B3n\">Subcampe\u00f3n<\/a><\/td>\n<td align=\"left\" bgcolor=\"#ECFCFF\"><span class=\"flagicon\"><span class=\"mw-image-border\"><a class=\"mw-file-description\" title=\"Bandera de Argentina\" href=\"https:\/\/es.wikipedia.org\/wiki\/Archivo:Flag_of_Argentina.svg\"><img loading=\"lazy\" decoding=\"async\" class=\"mw-file-element\" src=\"https:\/\/upload.wikimedia.org\/wikipedia\/commons\/thumb\/1\/1a\/Flag_of_Argentina.svg\/20px-Flag_of_Argentina.svg.png\" srcset=\"\/\/upload.wikimedia.org\/wikipedia\/commons\/thumb\/1\/1a\/Flag_of_Argentina.svg\/30px-Flag_of_Argentina.svg.png 1.5x, \/\/upload.wikimedia.org\/wikipedia\/commons\/thumb\/1\/1a\/Flag_of_Argentina.svg\/40px-Flag_of_Argentina.svg.png 2x\" alt=\"Bandera de Argentina\" width=\"20\" height=\"13\" data-file-width=\"800\" data-file-height=\"500\" \/><\/a><\/span><\/span>\u00a0<a title=\"Turismo Competici\u00f3n 2000\" href=\"https:\/\/es.wikipedia.org\/wiki\/Turismo_Competici%C3%B3n_2000\">TC 2000<\/a><\/td>\n<td align=\"center\" bgcolor=\"#ECFCFF\"><a title=\"Honda Civic\" href=\"https:\/\/es.wikipedia.org\/wiki\/Honda_Civic#S%C3%A9ptima_generaci%C3%B3n_(2000-2006)_ES\/EP\/EM\">Honda Civic VII<\/a><\/td>\n<td align=\"center\" bgcolor=\"#ECFCFF\">2006<\/td>\n<\/tr>\n<tr>\n<td align=\"center\" bgcolor=\"#ECFCFF\"><a title=\"Subcampe\u00f3n\" href=\"https:\/\/es.wikipedia.org\/wiki\/Subcampe%C3%B3n\">Subcampe\u00f3n<\/a><\/td>\n<td align=\"left\" bgcolor=\"#ECFCFF\"><span class=\"flagicon\"><span class=\"mw-image-border\"><a class=\"mw-file-description\" title=\"Bandera de Argentina\" href=\"https:\/\/es.wikipedia.org\/wiki\/Archivo:Flag_of_Argentina.svg\"><img loading=\"lazy\" decoding=\"async\" class=\"mw-file-element\" src=\"https:\/\/upload.wikimedia.org\/wikipedia\/commons\/thumb\/1\/1a\/Flag_of_Argentina.svg\/20px-Flag_of_Argentina.svg.png\" srcset=\"\/\/upload.wikimedia.org\/wikipedia\/commons\/thumb\/1\/1a\/Flag_of_Argentina.svg\/30px-Flag_of_Argentina.svg.png 1.5x, \/\/upload.wikimedia.org\/wikipedia\/commons\/thumb\/1\/1a\/Flag_of_Argentina.svg\/40px-Flag_of_Argentina.svg.png 2x\" alt=\"Bandera de Argentina\" width=\"20\" height=\"13\" data-file-width=\"800\" data-file-height=\"500\" \/><\/a><\/span><\/span>\u00a0<a title=\"Turismo Carretera\" href=\"https:\/\/es.wikipedia.org\/wiki\/Turismo_Carretera\">Turismo Carretera<\/a><\/td>\n<td align=\"center\" bgcolor=\"#ECFCFF\"><a title=\"Ford Falcon (Argentina)\" href=\"https:\/\/es.wikipedia.org\/wiki\/Ford_Falcon_(Argentina)\">Ford Falcon<\/a><\/td>\n<td align=\"center\" bgcolor=\"#ECFCFF\">2008<\/td>\n<\/tr>\n<tr>\n<td align=\"center\" bgcolor=\"#ECFCFF\"><a title=\"Subcampe\u00f3n\" href=\"https:\/\/es.wikipedia.org\/wiki\/Subcampe%C3%B3n\">Subcampe\u00f3n<\/a><\/td>\n<td align=\"left\" bgcolor=\"#ECFCFF\"><span class=\"flagicon\"><span class=\"mw-image-border\"><a class=\"mw-file-description\" title=\"Bandera de Argentina\" href=\"https:\/\/es.wikipedia.org\/wiki\/Archivo:Flag_of_Argentina.svg\"><img loading=\"lazy\" decoding=\"async\" class=\"mw-file-element\" src=\"https:\/\/upload.wikimedia.org\/wikipedia\/commons\/thumb\/1\/1a\/Flag_of_Argentina.svg\/20px-Flag_of_Argentina.svg.png\" srcset=\"\/\/upload.wikimedia.org\/wikipedia\/commons\/thumb\/1\/1a\/Flag_of_Argentina.svg\/30px-Flag_of_Argentina.svg.png 1.5x, \/\/upload.wikimedia.org\/wikipedia\/commons\/thumb\/1\/1a\/Flag_of_Argentina.svg\/40px-Flag_of_Argentina.svg.png 2x\" alt=\"Bandera de Argentina\" width=\"20\" height=\"13\" data-file-width=\"800\" data-file-height=\"500\" \/><\/a><\/span><\/span>\u00a0<a class=\"mw-redirect\" title=\"Top Race V6\" href=\"https:\/\/es.wikipedia.org\/wiki\/Top_Race_V6\">Top Race V6<\/a><\/td>\n<td align=\"center\" bgcolor=\"#ECFCFF\"><a class=\"mw-redirect\" title=\"Mercedes-Benz C-203\" href=\"https:\/\/es.wikipedia.org\/wiki\/Mercedes-Benz_C-203\">Mercedes-Benz C-203<\/a><\/td>\n<td align=\"center\" bgcolor=\"#ECFCFF\">2008<\/td>\n<\/tr>\n<tr>\n<td align=\"center\" bgcolor=\"#ECFCFF\"><a title=\"Subcampe\u00f3n\" href=\"https:\/\/es.wikipedia.org\/wiki\/Subcampe%C3%B3n\">Subcampe\u00f3n<\/a><\/td>\n<td align=\"left\" bgcolor=\"#ECFCFF\"><span class=\"flagicon\"><span class=\"mw-image-border\"><a class=\"mw-file-description\" title=\"Bandera de Argentina\" href=\"https:\/\/es.wikipedia.org\/wiki\/Archivo:Flag_of_Argentina.svg\"><img loading=\"lazy\" decoding=\"async\" class=\"mw-file-element\" src=\"https:\/\/upload.wikimedia.org\/wikipedia\/commons\/thumb\/1\/1a\/Flag_of_Argentina.svg\/20px-Flag_of_Argentina.svg.png\" srcset=\"\/\/upload.wikimedia.org\/wikipedia\/commons\/thumb\/1\/1a\/Flag_of_Argentina.svg\/30px-Flag_of_Argentina.svg.png 1.5x, \/\/upload.wikimedia.org\/wikipedia\/commons\/thumb\/1\/1a\/Flag_of_Argentina.svg\/40px-Flag_of_Argentina.svg.png 2x\" alt=\"Bandera de Argentina\" width=\"20\" height=\"13\" data-file-width=\"800\" data-file-height=\"500\" \/><\/a><\/span><\/span>\u00a0<a class=\"mw-redirect\" title=\"Top Race V6\" href=\"https:\/\/es.wikipedia.org\/wiki\/Top_Race_V6\">Top Race V6<\/a><\/td>\n<td align=\"center\" bgcolor=\"#ECFCFF\"><a class=\"mw-redirect\" title=\"Ford Mondeo II\" href=\"https:\/\/es.wikipedia.org\/wiki\/Ford_Mondeo_II\">Ford Mondeo II<\/a><\/td>\n<td align=\"center\" bgcolor=\"#ECFCFF\">2009<\/td>\n<\/tr>\n<\/tbody>\n<\/table>\n<p>&nbsp;<\/p>\n<p><img loading=\"lazy\" decoding=\"async\" class=\"alignnone size-medium wp-image-16547 aligncenter\" src=\"https:\/\/www.sportchaco.com.ar\/wp-content\/uploads\/2025\/02\/BANNER-WEB-Qdenga-250x250-1-300x300.gif\" alt=\"\" width=\"300\" height=\"300\" srcset=\"https:\/\/www.sportchaco.com.ar\/wp-content\/uploads\/2025\/02\/BANNER-WEB-Qdenga-250x250-1-300x300.gif 300w, https:\/\/www.sportchaco.com.ar\/wp-content\/uploads\/2025\/02\/BANNER-WEB-Qdenga-250x250-1-150x150.gif 150w\" sizes=\"auto, (max-width: 300px) 100vw, 300px\" \/><\/p>\n","protected":false},"excerpt":{"rendered":"<p>18-02-2025 Juan Manuel Silva\u00a0(Resistencia,\u00a0Chaco,\u00a0Argentina; 12 de octubre de 1972) es un piloto\u00a0argentino\u00a0de\u00a0automovilismo de velocidad, de trayectoria nacional y con paso por el exterior. Compiti\u00f3 en las m\u00e1s reconocidas categor\u00edas de automovilismo de velocidad de la Rep\u00fablica Argentina, siendo part\u00edcipe y protagonista en casi todas ellas. &nbsp; Inici\u00f3 su carrera deportiva en la\u00a0F\u00f3rmula Renault Argentina, siendo &hellip;<\/p>\n","protected":false},"author":2,"featured_media":16577,"comment_status":"open","ping_status":"open","sticky":false,"template":"","format":"standard","meta":{"footnotes":""},"categories":[2],"tags":[],"class_list":["post-16576","post","type-post","status-publish","format-standard","has-post-thumbnail","hentry","category-automovilismo"],"_links":{"self":[{"href":"https:\/\/www.sportchaco.com.ar\/index.php?rest_route=\/wp\/v2\/posts\/16576","targetHints":{"allow":["GET"]}}],"collection":[{"href":"https:\/\/www.sportchaco.com.ar\/index.php?rest_route=\/wp\/v2\/posts"}],"about":[{"href":"https:\/\/www.sportchaco.com.ar\/index.php?rest_route=\/wp\/v2\/types\/post"}],"author":[{"embeddable":true,"href":"https:\/\/www.sportchaco.com.ar\/index.php?rest_route=\/wp\/v2\/users\/2"}],"replies":[{"embeddable":true,"href":"https:\/\/www.sportchaco.com.ar\/index.php?rest_route=%2Fwp%2Fv2%2Fcomments&post=16576"}],"version-history":[{"count":4,"href":"https:\/\/www.sportchaco.com.ar\/index.php?rest_route=\/wp\/v2\/posts\/16576\/revisions"}],"predecessor-version":[{"id":16604,"href":"https:\/\/www.sportchaco.com.ar\/index.php?rest_route=\/wp\/v2\/posts\/16576\/revisions\/16604"}],"wp:featuredmedia":[{"embeddable":true,"href":"https:\/\/www.sportchaco.com.ar\/index.php?rest_route=\/wp\/v2\/media\/16577"}],"wp:attachment":[{"href":"https:\/\/www.sportchaco.com.ar\/index.php?rest_route=%2Fwp%2Fv2%2Fmedia&parent=16576"}],"wp:term":[{"taxonomy":"category","embeddable":true,"href":"https:\/\/www.sportchaco.com.ar\/index.php?rest_route=%2Fwp%2Fv2%2Fcategories&post=16576"},{"taxonomy":"post_tag","embeddable":true,"href":"https:\/\/www.sportchaco.com.ar\/index.php?rest_route=%2Fwp%2Fv2%2Ftags&post=16576"}],"curies":[{"name":"wp","href":"https:\/\/api.w.org\/{rel}","templated":true}]}}