{"id":16583,"date":"2025-02-19T11:14:30","date_gmt":"2025-02-19T14:14:30","guid":{"rendered":"https:\/\/www.sportchaco.com.ar\/?p=16583"},"modified":"2025-02-19T12:38:03","modified_gmt":"2025-02-19T15:38:03","slug":"se-termino-rapido-el-vincula-de-yair-marin-con-for-ever","status":"publish","type":"post","link":"https:\/\/www.sportchaco.com.ar\/?p=16583","title":{"rendered":"Se termin\u00f3 r\u00e1pido el vinculo de Yair Mar\u00edn con For Ever"},"content":{"rendered":"<header><\/header>\n<section class=\"body\">\n<section class=\"content\">\n<div class=\"main-text\">\n<div class=\" large m_image\">\n<p><strong>19-02-2025<\/strong><\/p>\n<p><img loading=\"lazy\" decoding=\"async\" class=\"size-medium wp-image-9468 aligncenter\" src=\"https:\/\/www.sportchaco.com.ar\/wp-content\/uploads\/2024\/05\/Nachec-728x90-2-300x37.gif\" alt=\"\" width=\"300\" height=\"37\" \/><\/p>\n<\/div>\n<p>Luego del gran triunfo frente a Defensores Unidos de Zarate y en la previa al duelo por la tercera fecha de la Zona B de la Primera Nacional de F\u00fatbol frente a Temperley, For Ever tom\u00f3 la decisi\u00f3n de rescindirle el contrato al defensor central Yair Mar\u00edn. La determinaci\u00f3n de la entidad chaque\u00f1a se dio a poco m\u00e1s menos de un mes de su regreso y luego del que el jugador se ausentara del entrenamiento del s\u00e1bado sin previo aviso.<\/p>\n<p>Si bien no trascendieron los motivos reales de la decisi\u00f3n, y solo adujeron problemas personales del jugador, se sabe que el mismo ya tuvo en su paso anterior por el club algunos problemas de conducta, que llevaron al club a tomar la decisi\u00f3n sancionarlo por algunos partidos y luego a no renovarle el contrato.<\/p>\n<p>La noticia sin dudas es un balde de agua fr\u00eda para los fan\u00e1ticos del \u00abalbinegro\u00bb, que se hab\u00edan mostrado muy ilusionado con el regreso del defensor. Hasta el propio jugador hab\u00eda dejado en claro su deseo de volver al club al se\u00f1alar en su momento: \u00abVengo muy contento, estoy feliz de estar en casa de vuelta. Hay cosas que no puedo negociar y una de esas es el cari\u00f1o que la gente me tiene y yo a ellos\u00bb.<\/p>\n<p>Cabe destacar que en su anterior paso por el club chaque\u00f1o estuvo desde marzo de 2021 hasta fines de 2023 y logr\u00f3 el ascenso desde el Torneo Federal \u00abA\u00bb a la Primera Nacional a fines de 2021, siendo uno de los referentes del equipo e incluso con la cinta de capit\u00e1n en buenos lapsos de su estad\u00eda por Resistencia. En el 2024 estuvo primero en San Mart\u00edn de Mendoza (Federal \u00abA\u00bb) y luego en Uni\u00f3n San Felipe (Primera B de Chile). El defensor naci\u00f3 en Viale (Entre R\u00edos). Surgi\u00f3 de Arsenal de Viale, y luego pas\u00f3 por Viale FBC. En 2010 jug\u00f3 en divisiones inferiores en San Lorenzo de Almagro. Luego tuvo pasos por El Porvenir (2011-13), Atl\u00e9tico Palmira de Mendoza (2013-14), Gimnasia de Mendoza (2015-18), Temperley (2018-19) e Independiente Rivadavia de Mendoza (2019-20).<\/p>\n<p>Ya en lo que se refiere al duelo frente a Temperley, ayer el plantel se movi\u00f3 en el \u00abGigante de la Avenida\u00bb y tiene previsto el primer ensayo formal de f\u00fatbol para la jornada de este jueves. Entre las novedades, Juan Manuel Carrizo, que sufri\u00f3 un golpe en su rodilla derecha en el partido ante el CADU y debi\u00f3 ser reemplazado por Santiago Valenzuela, podr\u00e1 ser de la partida ante el \u00abgasolero\u00bb. Los que no viajaron a Z\u00e1rate y tendr\u00e1n para dos semanas m\u00e1s de recuperaci\u00f3n son el zaguero Maximiliano Romero y el delantero Imanol Enr\u00edquez.<\/p>\n<p>Por otro lado, se suspendi\u00f3 el amistoso frente a San Mart\u00edn de Formosa, como consecuencia de las inclemencias clim\u00e1ticas y con la premisa de preservar el estado del campo de juego. El encuentro ante el \u00abGasolero\u00bb se jugar\u00e1 el s\u00e1bado, a las 20, en el \u00abGigante de la Avenida\u00bb y contar\u00e1 con el arbitraje de Lucas Caballero, que estar\u00e1 secundado por Manuel S\u00e1nchez y Mart\u00edn Grasso.<\/p>\n<p><em><strong>Fuente: Diario Norte<\/strong><\/em><\/p>\n<p><img loading=\"lazy\" decoding=\"async\" class=\"size-full wp-image-9467 aligncenter\" src=\"https:\/\/www.sportchaco.com.ar\/wp-content\/uploads\/2024\/05\/Nachec1-300x250-1.gif\" alt=\"\" width=\"300\" height=\"250\" \/><\/p>\n<\/div>\n<\/section>\n<\/section>\n","protected":false},"excerpt":{"rendered":"<p>19-02-2025 Luego del gran triunfo frente a Defensores Unidos de Zarate y en la previa al duelo por la tercera fecha de la Zona B de la Primera Nacional de F\u00fatbol frente a Temperley, For Ever tom\u00f3 la decisi\u00f3n de rescindirle el contrato al defensor central Yair Mar\u00edn. La determinaci\u00f3n de la entidad chaque\u00f1a se &hellip;<\/p>\n","protected":false},"author":2,"featured_media":16584,"comment_status":"open","ping_status":"open","sticky":false,"template":"","format":"standard","meta":{"footnotes":""},"categories":[5],"tags":[],"class_list":["post-16583","post","type-post","status-publish","format-standard","has-post-thumbnail","hentry","category-futbol"],"_links":{"self":[{"href":"https:\/\/www.sportchaco.com.ar\/index.php?rest_route=\/wp\/v2\/posts\/16583","targetHints":{"allow":["GET"]}}],"collection":[{"href":"https:\/\/www.sportchaco.com.ar\/index.php?rest_route=\/wp\/v2\/posts"}],"about":[{"href":"https:\/\/www.sportchaco.com.ar\/index.php?rest_route=\/wp\/v2\/types\/post"}],"author":[{"embeddable":true,"href":"https:\/\/www.sportchaco.com.ar\/index.php?rest_route=\/wp\/v2\/users\/2"}],"replies":[{"embeddable":true,"href":"https:\/\/www.sportchaco.com.ar\/index.php?rest_route=%2Fwp%2Fv2%2Fcomments&post=16583"}],"version-history":[{"count":4,"href":"https:\/\/www.sportchaco.com.ar\/index.php?rest_route=\/wp\/v2\/posts\/16583\/revisions"}],"predecessor-version":[{"id":16594,"href":"https:\/\/www.sportchaco.com.ar\/index.php?rest_route=\/wp\/v2\/posts\/16583\/revisions\/16594"}],"wp:featuredmedia":[{"embeddable":true,"href":"https:\/\/www.sportchaco.com.ar\/index.php?rest_route=\/wp\/v2\/media\/16584"}],"wp:attachment":[{"href":"https:\/\/www.sportchaco.com.ar\/index.php?rest_route=%2Fwp%2Fv2%2Fmedia&parent=16583"}],"wp:term":[{"taxonomy":"category","embeddable":true,"href":"https:\/\/www.sportchaco.com.ar\/index.php?rest_route=%2Fwp%2Fv2%2Fcategories&post=16583"},{"taxonomy":"post_tag","embeddable":true,"href":"https:\/\/www.sportchaco.com.ar\/index.php?rest_route=%2Fwp%2Fv2%2Ftags&post=16583"}],"curies":[{"name":"wp","href":"https:\/\/api.w.org\/{rel}","templated":true}]}}