{"id":16614,"date":"2025-02-20T10:55:42","date_gmt":"2025-02-20T13:55:42","guid":{"rendered":"https:\/\/www.sportchaco.com.ar\/?p=16614"},"modified":"2025-02-20T12:30:52","modified_gmt":"2025-02-20T15:30:52","slug":"liga-federal-cultural-puso-en-marcha-el-desafio-2025","status":"publish","type":"post","link":"https:\/\/www.sportchaco.com.ar\/?p=16614","title":{"rendered":"Cultural puso en marcha el desaf\u00edo 2025"},"content":{"rendered":"<p class=\"story-title entry-title\"><strong>20-02-2025<\/strong><\/p>\n<p><img loading=\"lazy\" decoding=\"async\" class=\"size-medium wp-image-11424 aligncenter\" src=\"https:\/\/www.sportchaco.com.ar\/wp-content\/uploads\/2024\/07\/gob-salud-fijo-marzo-300x50.jpg\" alt=\"\" width=\"300\" height=\"50\" srcset=\"https:\/\/www.sportchaco.com.ar\/wp-content\/uploads\/2024\/07\/gob-salud-fijo-marzo-300x50.jpg 300w, https:\/\/www.sportchaco.com.ar\/wp-content\/uploads\/2024\/07\/gob-salud-fijo-marzo-1024x171.jpg 1024w, https:\/\/www.sportchaco.com.ar\/wp-content\/uploads\/2024\/07\/gob-salud-fijo-marzo-768x128.jpg 768w, https:\/\/www.sportchaco.com.ar\/wp-content\/uploads\/2024\/07\/gob-salud-fijo-marzo.jpg 1200w\" sizes=\"auto, (max-width: 300px) 100vw, 300px\" \/><\/p>\n<p class=\"story-title entry-title\"><span style=\"font-size: 16px; font-weight: 400;\">Con el pago de la inscripci\u00f3n y los dem\u00e1s requisitos establecidos por la Confederaci\u00f3n Argentina de B\u00e1squet (CAB), Cultural de Santa Sylvina participar\u00e1 por tercera vez en el tercera categor\u00eda del baloncesto nacional. Hay que recordar que el conjunto sylvinense logr\u00f3 la clasificaci\u00f3n llegando a instancias de semifinales del Pre Federal 2024 chaque\u00f1o.<\/span><\/p>\n<div id=\"right-content\" class=\"relative\">\n<div id=\"content-area\" class=\"left relative\">\n<div id=\"tps_slideContainer_26371\" class=\"theiaPostSlider_slides\">\n<div>\n<p>\u00abEstamos con equipo completo, trabajando a full en la pretemporada; estamos encamin\u00e1ndonos y poniendo a punto\u00bb, expres\u00f3 el entrenador principal Fabio Vi\u00f1etta, quien estar\u00e1 asistido por por Enzo Ram\u00edrez, la preparaci\u00f3n f\u00edsica de Giuliana Britto y Matias Vrabec; cuerpo t\u00e9cnico 100% sylvinense.<\/p>\n<p><strong>LOS QUE CONTIN\u00daAN<br \/>\n<\/strong>El plantel tendr\u00e1 la base de jugadores que logr\u00f3 la clasificaci\u00f3n: fichas mayores Lautaro Arold, Aldo Stacul, Mat\u00edas Sosa y Alan Popler.<br \/>\nU21: Lautaro Ayala , Eliam L\u00f3pez y los menores: Nicol\u00e1s Ayala, Santiago Viera, Oziel Czombos, Gabriel Aceval, Teo Czyz, Juan Mar\u00eda Cadaviz, Mat\u00edas Castillo, Kevin King M\u00e9dula y Facundo Abayay.<\/p>\n<p><strong>LAS CARAS NUEVAS<br \/>\n<\/strong>Las caras nuevas que se suman son el experimentado Alejandro Spalla, que en el Pre \u2013 Federal pasado visti\u00f3 los colores de Alvear de Villa \u00c1ngela, un hombre que le dar\u00e1 jerarqu\u00eda al equipo.<\/p>\n<p>Vuelve Lautaro Moreau que ya supo vestir los colores del \u00abRojo\u00bb en la Liga Federal 2023 y que viene de disputar una gran temporada con Regatas Resistencia. Y el tercer mayor en sumarse es \u00c1lvaro Ghidini, proveniente de Hind\u00fa Club, un jugador joven pero con una trayectoria en esta divisional; Juan Ignacio Polini Escalante es ficha U21, oriundo de Santa Sylvina, un jugador vers\u00e1til, que la temporada 2024 defendi\u00f3 los colores de Chilecito La Rioja en el Pre Federal.<\/p>\n<p>\u00abEstamos repasando aspectos que ya ten\u00edamos, para aceitar al inicio del torneo y esperamos que la gente nos acompa\u00f1e y que los jugadores fortalezcan los m\u00fasculos para ir trabajando fuertemente a los largo de la temporada\u00bb, finaliz\u00f3 Vi\u00f1etta.<\/p>\n<p><strong>RIVALES CONFIRMADOS<br \/>\n<\/strong>Desde la Confederaci\u00f3n Argentina de B\u00e1squetbol (CAB) se ha dado a conocer las conferencias para lo que va a ser La Liga Federal 2025.<\/p>\n<p>La conferencia Norte B, donde est\u00e1n nucleados los equipos del NEA, hay 3 equipos misioneros como lo son Tokio, CAPRI de Posadas, 3 equipos correntinos del interior como lo son San Lorenzo de Monte Caseros, San Mart\u00edn de Curuz\u00fa Cuati\u00e1 y AMAD de Goya, 1 equipo formose\u00f1o como lo es Sarmiento y 3 representantes chaque\u00f1os como H\u00e9rcules de Charata, Hind\u00fa Club de Resistencia y Centro Cultural de Santa Sylvina<\/p>\n<p>La competencia est\u00e1 prevista dar inicio el pr\u00f3ximo 7 de marzo, posteriormente se sabr\u00e1 el cronograma de partidos donde va a dar inicio a la competencia de la tercera categor\u00eda del b\u00e1squetbol de nuestro pa\u00eds.<\/p>\n<p><strong>AGRADECIMIENTO<br \/>\n<\/strong>De esta manera, Cultural de Santa Sylvina logra conformar un equipo que sin dudas promete mucho, fruto del gran esfuerzo y compromiso con la instituci\u00f3n de la comisi\u00f3n directiva, empresas colaboradoras, el Gobierno provincial a trav\u00e9s de sus distintos entes y la Municipalidad de Santa Sylvina conducida por su intendente Susana Maggio; entre todos aportaron un granito de arena para que la instituci\u00f3n sylvinense pueda decir presente en el certamen m\u00e1s Federal de todos.<\/p>\n<\/div>\n<p style=\"text-align: center;\"><img loading=\"lazy\" decoding=\"async\" class=\" wp-image-16617 aligncenter\" src=\"https:\/\/www.sportchaco.com.ar\/wp-content\/uploads\/2025\/02\/policias_250x250-300x300.gif\" alt=\"\" width=\"319\" height=\"319\" srcset=\"https:\/\/www.sportchaco.com.ar\/wp-content\/uploads\/2025\/02\/policias_250x250-300x300.gif 300w, https:\/\/www.sportchaco.com.ar\/wp-content\/uploads\/2025\/02\/policias_250x250-150x150.gif 150w\" sizes=\"auto, (max-width: 319px) 100vw, 319px\" \/><\/p>\n<\/div>\n<\/div>\n<\/div>\n","protected":false},"excerpt":{"rendered":"<p>20-02-2025 Con el pago de la inscripci\u00f3n y los dem\u00e1s requisitos establecidos por la Confederaci\u00f3n Argentina de B\u00e1squet (CAB), Cultural de Santa Sylvina participar\u00e1 por tercera vez en el tercera categor\u00eda del baloncesto nacional. Hay que recordar que el conjunto sylvinense logr\u00f3 la clasificaci\u00f3n llegando a instancias de semifinales del Pre Federal 2024 chaque\u00f1o. \u00abEstamos &hellip;<\/p>\n","protected":false},"author":2,"featured_media":16616,"comment_status":"open","ping_status":"open","sticky":false,"template":"","format":"standard","meta":{"footnotes":""},"categories":[3],"tags":[],"class_list":["post-16614","post","type-post","status-publish","format-standard","has-post-thumbnail","hentry","category-basquetbol"],"_links":{"self":[{"href":"https:\/\/www.sportchaco.com.ar\/index.php?rest_route=\/wp\/v2\/posts\/16614","targetHints":{"allow":["GET"]}}],"collection":[{"href":"https:\/\/www.sportchaco.com.ar\/index.php?rest_route=\/wp\/v2\/posts"}],"about":[{"href":"https:\/\/www.sportchaco.com.ar\/index.php?rest_route=\/wp\/v2\/types\/post"}],"author":[{"embeddable":true,"href":"https:\/\/www.sportchaco.com.ar\/index.php?rest_route=\/wp\/v2\/users\/2"}],"replies":[{"embeddable":true,"href":"https:\/\/www.sportchaco.com.ar\/index.php?rest_route=%2Fwp%2Fv2%2Fcomments&post=16614"}],"version-history":[{"count":6,"href":"https:\/\/www.sportchaco.com.ar\/index.php?rest_route=\/wp\/v2\/posts\/16614\/revisions"}],"predecessor-version":[{"id":16622,"href":"https:\/\/www.sportchaco.com.ar\/index.php?rest_route=\/wp\/v2\/posts\/16614\/revisions\/16622"}],"wp:featuredmedia":[{"embeddable":true,"href":"https:\/\/www.sportchaco.com.ar\/index.php?rest_route=\/wp\/v2\/media\/16616"}],"wp:attachment":[{"href":"https:\/\/www.sportchaco.com.ar\/index.php?rest_route=%2Fwp%2Fv2%2Fmedia&parent=16614"}],"wp:term":[{"taxonomy":"category","embeddable":true,"href":"https:\/\/www.sportchaco.com.ar\/index.php?rest_route=%2Fwp%2Fv2%2Fcategories&post=16614"},{"taxonomy":"post_tag","embeddable":true,"href":"https:\/\/www.sportchaco.com.ar\/index.php?rest_route=%2Fwp%2Fv2%2Ftags&post=16614"}],"curies":[{"name":"wp","href":"https:\/\/api.w.org\/{rel}","templated":true}]}}