{"id":16635,"date":"2025-02-21T12:31:09","date_gmt":"2025-02-21T15:31:09","guid":{"rendered":"https:\/\/www.sportchaco.com.ar\/?p=16635"},"modified":"2025-02-21T12:31:09","modified_gmt":"2025-02-21T15:31:09","slug":"juventud-de-tirol-retomo-las-actividades-del-basquet-luego-de-varios-anos","status":"publish","type":"post","link":"https:\/\/www.sportchaco.com.ar\/?p=16635","title":{"rendered":"Juventud de Tirol retom\u00f3 las actividades del b\u00e1squet luego de varios a\u00f1os"},"content":{"rendered":"<p><strong>21-02-2025<\/strong><\/p>\n<p><img loading=\"lazy\" decoding=\"async\" class=\"size-medium wp-image-9468 aligncenter\" src=\"https:\/\/www.sportchaco.com.ar\/wp-content\/uploads\/2024\/05\/Nachec-728x90-2-300x37.gif\" alt=\"\" width=\"300\" height=\"37\" \/><\/p>\n<p>El b\u00e1squet chaque\u00f1o contin\u00faa brillando en distintos puntos y en esta oportunidad Puerto Tirol no es la excepci\u00f3n, donde Juventud dice presente en su microestadio con todas las comodidades y eso permite garantizar entrenamientos y una propuesta deportiva con mucha diversi\u00f3n e inclusi\u00f3n por sobre todas las cosas. Las actividades basquetbol\u00edsticas arrancan el pr\u00f3ximo 5 de marzo.<\/p>\n<p>\u00abNosotros arrancamos esta propuesta aprovechando la inauguraci\u00f3n del microestadio del club Juventud, ya que no cont\u00e1bamos con una infraestructura acorde y segura en Puerto Tirol, adem\u00e1s de que hab\u00eda una necesidad de ofrecer otro deporte en el pueblo, ya que en la mayor\u00eda de los espacios se juegan otras disciplinas\u00bb, explic\u00f3 el profesor de la instituci\u00f3n tirole\u00f1a, Sergio Abarca quien junto a sus pares Juan Diego Far\u00edas y Estefan\u00eda Almenara conforman el staff.<\/p>\n<figure class=\"wp-block-image size-large\"><a href=\"https:\/\/baskettotal.com.ar\/wp-content\/uploads\/2025\/02\/Juventud-1.jpg\"><img loading=\"lazy\" decoding=\"async\" class=\"lazy wp-image-26384 lazy-loaded\" src=\"https:\/\/baskettotal.com.ar\/wp-content\/uploads\/2025\/02\/Juventud-1-1024x682.jpg\" sizes=\"auto, (max-width: 1024px) 100vw, 1024px\" srcset=\"https:\/\/baskettotal.com.ar\/wp-content\/uploads\/2025\/02\/Juventud-1-1024x682.jpg 1024w, https:\/\/baskettotal.com.ar\/wp-content\/uploads\/2025\/02\/Juventud-1-300x200.jpg 300w, https:\/\/baskettotal.com.ar\/wp-content\/uploads\/2025\/02\/Juventud-1-768x512.jpg 768w, https:\/\/baskettotal.com.ar\/wp-content\/uploads\/2025\/02\/Juventud-1.jpg 1040w\" alt=\"\" width=\"1024\" height=\"682\" data-lazy-type=\"image\" data-lazy-src=\"https:\/\/baskettotal.com.ar\/wp-content\/uploads\/2025\/02\/Juventud-1-1024x682.jpg\" data-lazy-srcset=\"https:\/\/baskettotal.com.ar\/wp-content\/uploads\/2025\/02\/Juventud-1-1024x682.jpg 1024w, https:\/\/baskettotal.com.ar\/wp-content\/uploads\/2025\/02\/Juventud-1-300x200.jpg 300w, https:\/\/baskettotal.com.ar\/wp-content\/uploads\/2025\/02\/Juventud-1-768x512.jpg 768w, https:\/\/baskettotal.com.ar\/wp-content\/uploads\/2025\/02\/Juventud-1.jpg 1040w\" data-lazy-sizes=\"(max-width: 1024px) 100vw, 1024px\" \/><\/a><\/figure>\n<p>Actualmente, Juventud de Puerto Tirol cuenta con 78 alumnos que rondan desde los 4 a los 12 a\u00f1os, tanto ni\u00f1os y ni\u00f1as. Asimismo, en 2024, el club Juventud fue invitado por la Asociaci\u00f3n de B\u00e1squet de Resistencia (ABR) para participar de los Encuentros de Minib\u00e1squet. \u00abDe aqu\u00ed a un par de a\u00f1os, yo creo que podr\u00edamos empezar a proyectar en la competencia oficial\u00bb, remarc\u00f3 Abarca.<\/p>\n<p>Vale aclarar que en esta localidad no hab\u00eda b\u00e1squet desde el a\u00f1o 1992 que fue la \u00faltima vez que se ense\u00f1\u00f3, en ese entonces lo hac\u00eda el norteamericano Marcus Adams en el club Tiro Federal.<\/p>\n<p>\u00abEl objetivo al d\u00eda de hoy es lograr que los chicos puedan entender las reglas b\u00e1sicas del juego y generar experiencias mediante la participaci\u00f3n de encuentra adem\u00e1s de poder inculcarles valores como el respeto, la solidaridad y el compromiso con su entorno\u00bb, finaliz\u00f3.<\/p>\n<figure class=\"wp-block-image size-large\"><a href=\"https:\/\/baskettotal.com.ar\/wp-content\/uploads\/2025\/02\/Juventud-2.jpg\"><img loading=\"lazy\" decoding=\"async\" class=\"lazy wp-image-26385 lazy-loaded\" src=\"https:\/\/baskettotal.com.ar\/wp-content\/uploads\/2025\/02\/Juventud-2-1024x682.jpg\" sizes=\"auto, (max-width: 1024px) 100vw, 1024px\" srcset=\"https:\/\/baskettotal.com.ar\/wp-content\/uploads\/2025\/02\/Juventud-2-1024x682.jpg 1024w, https:\/\/baskettotal.com.ar\/wp-content\/uploads\/2025\/02\/Juventud-2-300x200.jpg 300w, https:\/\/baskettotal.com.ar\/wp-content\/uploads\/2025\/02\/Juventud-2-768x512.jpg 768w, https:\/\/baskettotal.com.ar\/wp-content\/uploads\/2025\/02\/Juventud-2.jpg 1040w\" alt=\"\" width=\"1024\" height=\"682\" data-lazy-type=\"image\" data-lazy-src=\"https:\/\/baskettotal.com.ar\/wp-content\/uploads\/2025\/02\/Juventud-2-1024x682.jpg\" data-lazy-srcset=\"https:\/\/baskettotal.com.ar\/wp-content\/uploads\/2025\/02\/Juventud-2-1024x682.jpg 1024w, https:\/\/baskettotal.com.ar\/wp-content\/uploads\/2025\/02\/Juventud-2-300x200.jpg 300w, https:\/\/baskettotal.com.ar\/wp-content\/uploads\/2025\/02\/Juventud-2-768x512.jpg 768w, https:\/\/baskettotal.com.ar\/wp-content\/uploads\/2025\/02\/Juventud-2.jpg 1040w\" data-lazy-sizes=\"(max-width: 1024px) 100vw, 1024px\" \/><\/a><\/figure>\n<p><strong>D\u00cdAS Y HORARIOS<br \/>\n<\/strong>Desde el club Juventud de Puerto Tirol, brindan detalles sobre los horarios de las distintas edades y categor\u00edas, a iniciarse el pr\u00f3ximo 5 de marzo los lunes, mi\u00e9rcoles y viernes.<\/p>\n<p>* De 4 a 7 a\u00f1os, desde las 18,30 a 19, 30 horas.<br \/>\n* De 8 a 11 a\u00f1os, desde las 19, 30 a 20, 30 horas<br \/>\n* De 12 a 14 a\u00f1os, de 20 a 21 horas.<\/p>\n<p><img loading=\"lazy\" decoding=\"async\" class=\" wp-image-16617 aligncenter\" src=\"https:\/\/www.sportchaco.com.ar\/wp-content\/uploads\/2025\/02\/policias_250x250-300x300.gif\" alt=\"\" width=\"327\" height=\"327\" srcset=\"https:\/\/www.sportchaco.com.ar\/wp-content\/uploads\/2025\/02\/policias_250x250-300x300.gif 300w, https:\/\/www.sportchaco.com.ar\/wp-content\/uploads\/2025\/02\/policias_250x250-150x150.gif 150w\" sizes=\"auto, (max-width: 327px) 100vw, 327px\" \/><\/p>\n","protected":false},"excerpt":{"rendered":"<p>21-02-2025 El b\u00e1squet chaque\u00f1o contin\u00faa brillando en distintos puntos y en esta oportunidad Puerto Tirol no es la excepci\u00f3n, donde Juventud dice presente en su microestadio con todas las comodidades y eso permite garantizar entrenamientos y una propuesta deportiva con mucha diversi\u00f3n e inclusi\u00f3n por sobre todas las cosas. Las actividades basquetbol\u00edsticas arrancan el pr\u00f3ximo &hellip;<\/p>\n","protected":false},"author":3,"featured_media":16636,"comment_status":"open","ping_status":"open","sticky":false,"template":"","format":"standard","meta":{"footnotes":""},"categories":[3],"tags":[],"class_list":["post-16635","post","type-post","status-publish","format-standard","has-post-thumbnail","hentry","category-basquetbol"],"_links":{"self":[{"href":"https:\/\/www.sportchaco.com.ar\/index.php?rest_route=\/wp\/v2\/posts\/16635","targetHints":{"allow":["GET"]}}],"collection":[{"href":"https:\/\/www.sportchaco.com.ar\/index.php?rest_route=\/wp\/v2\/posts"}],"about":[{"href":"https:\/\/www.sportchaco.com.ar\/index.php?rest_route=\/wp\/v2\/types\/post"}],"author":[{"embeddable":true,"href":"https:\/\/www.sportchaco.com.ar\/index.php?rest_route=\/wp\/v2\/users\/3"}],"replies":[{"embeddable":true,"href":"https:\/\/www.sportchaco.com.ar\/index.php?rest_route=%2Fwp%2Fv2%2Fcomments&post=16635"}],"version-history":[{"count":1,"href":"https:\/\/www.sportchaco.com.ar\/index.php?rest_route=\/wp\/v2\/posts\/16635\/revisions"}],"predecessor-version":[{"id":16637,"href":"https:\/\/www.sportchaco.com.ar\/index.php?rest_route=\/wp\/v2\/posts\/16635\/revisions\/16637"}],"wp:featuredmedia":[{"embeddable":true,"href":"https:\/\/www.sportchaco.com.ar\/index.php?rest_route=\/wp\/v2\/media\/16636"}],"wp:attachment":[{"href":"https:\/\/www.sportchaco.com.ar\/index.php?rest_route=%2Fwp%2Fv2%2Fmedia&parent=16635"}],"wp:term":[{"taxonomy":"category","embeddable":true,"href":"https:\/\/www.sportchaco.com.ar\/index.php?rest_route=%2Fwp%2Fv2%2Fcategories&post=16635"},{"taxonomy":"post_tag","embeddable":true,"href":"https:\/\/www.sportchaco.com.ar\/index.php?rest_route=%2Fwp%2Fv2%2Ftags&post=16635"}],"curies":[{"name":"wp","href":"https:\/\/api.w.org\/{rel}","templated":true}]}}