{"id":16652,"date":"2025-02-21T23:30:33","date_gmt":"2025-02-22T02:30:33","guid":{"rendered":"https:\/\/www.sportchaco.com.ar\/?p=16652"},"modified":"2025-02-21T23:32:37","modified_gmt":"2025-02-22T02:32:37","slug":"efemerides-del-22-de-febrero-2","status":"publish","type":"post","link":"https:\/\/www.sportchaco.com.ar\/?p=16652","title":{"rendered":"Efem\u00e9rides del 22 de febrero"},"content":{"rendered":"<div class=\"container fullwidth-entry-title-wrapper\">\n<div class=\"container-wrapper fullwidth-entry-title\">\n<header class=\"entry-header-outer\">\n<div class=\"entry-header\"><\/div>\n<\/header>\n<\/div>\n<\/div>\n<div id=\"content\" class=\"site-content container\">\n<div id=\"main-content-row\" class=\"tie-row main-content-row\">\n<div class=\"main-content tie-col-md-8 tie-col-xs-12\" role=\"main\">\n<article id=\"the-post\" class=\"container-wrapper post-content tie-standard\">\n<div class=\"featured-area\">\n<div class=\"featured-area-inner\"><\/div>\n<\/div>\n<h3 id=\"share-buttons-top\" class=\"share-buttons share-buttons-top\"><\/h3>\n<div class=\"entry-content entry clearfix\">\n<h3><strong>Esta es la Efem\u00e9rides del Deporte en el Chaco de un 22 de febrero del periodista Luis Dar\u00edo Molodezky.<\/strong><\/h3>\n<p><img loading=\"lazy\" decoding=\"async\" class=\"alignnone size-medium wp-image-6000\" src=\"https:\/\/www.sportchaco.com.ar\/wp-content\/uploads\/2024\/02\/Luis-D-SP-199x300.jpg\" sizes=\"auto, (max-width: 199px) 100vw, 199px\" srcset=\"https:\/\/www.sportchaco.com.ar\/wp-content\/uploads\/2024\/02\/Luis-D-SP-199x300.jpg 199w, https:\/\/www.sportchaco.com.ar\/wp-content\/uploads\/2024\/02\/Luis-D-SP.jpg 249w\" alt=\"\" width=\"199\" height=\"300\" \/>Luis Dar\u00edo Molodezky<\/p>\n<p>Foto portada: Antonio Tom\u00e1s Forte en una nota de El Territorio<\/p>\n<p><strong>1953\u00a0<\/strong>\/ La Asociaci\u00f3n de B\u00e1squetbol de Resistencia designa como primer \u00e1rbitro de la entidad, a Antonio Tom\u00e1s Forte, quien se destacaba dirigiendo encuentros de estudiantes entre chaque\u00f1os y correntinos. Luego Forte dirigir\u00eda por m\u00e1s de 35 a\u00f1os incluyendo campeonatos argentinos.<\/p>\n<p><strong>2007\u00a0<\/strong>\/ Fallece \u00c1ngel Lorenzo Domingo Delovo, una destacada figura del deporte, a la edad de 81 a\u00f1os. Amante del b\u00e1squetbol, toda su vida estuvo ligada a Hind\u00fa Club, donde fue jugador, entrenador y dirigente hasta ocupar la presidencia. Dirigi\u00f3 a los seleccionados chaque\u00f1os en diversas ocasiones, como en Mendoza 1963, cuando fue subcampe\u00f3n argentino, y al que s\u00f3lo el destino le impidi\u00f3 llegar a la cumbre ante la tragedia a\u00e9rea que oblig\u00f3 el urgente regreso de varios integrantes del plantel.<\/p>\n<p>&nbsp;<\/p>\n<h6><strong>Foto: Equipo de Chaco subcampe\u00f3n Argentino en Mendoza 1963, dirigido por Angel Delovo (tercero de la izquierda) y Antonio Tom\u00e1s Forte\u00a0 (segundo de la derecha) como \u00e1rbitro por la Federaci\u00f3n Chaque\u00f1a<\/strong><\/h6>\n<p><img loading=\"lazy\" decoding=\"async\" class=\"alignnone size-medium wp-image-16654\" src=\"https:\/\/www.sportchaco.com.ar\/wp-content\/uploads\/2025\/02\/BASQUET-780x470-1-300x181.jpg\" alt=\"\" width=\"300\" height=\"181\" srcset=\"https:\/\/www.sportchaco.com.ar\/wp-content\/uploads\/2025\/02\/BASQUET-780x470-1-300x181.jpg 300w, https:\/\/www.sportchaco.com.ar\/wp-content\/uploads\/2025\/02\/BASQUET-780x470-1-768x463.jpg 768w, https:\/\/www.sportchaco.com.ar\/wp-content\/uploads\/2025\/02\/BASQUET-780x470-1.jpg 780w\" sizes=\"auto, (max-width: 300px) 100vw, 300px\" \/><\/p>\n<\/div>\n<p><img loading=\"lazy\" decoding=\"async\" class=\"alignnone size-medium wp-image-16657\" src=\"https:\/\/www.sportchaco.com.ar\/wp-content\/uploads\/2025\/02\/gob-bombeo-2-240x300.jpg\" alt=\"\" width=\"240\" height=\"300\" srcset=\"https:\/\/www.sportchaco.com.ar\/wp-content\/uploads\/2025\/02\/gob-bombeo-2-240x300.jpg 240w, https:\/\/www.sportchaco.com.ar\/wp-content\/uploads\/2025\/02\/gob-bombeo-2-821x1024.jpg 821w, https:\/\/www.sportchaco.com.ar\/wp-content\/uploads\/2025\/02\/gob-bombeo-2-768x958.jpg 768w, https:\/\/www.sportchaco.com.ar\/wp-content\/uploads\/2025\/02\/gob-bombeo-2-1231x1536.jpg 1231w, https:\/\/www.sportchaco.com.ar\/wp-content\/uploads\/2025\/02\/gob-bombeo-2.jpg 1440w\" sizes=\"auto, (max-width: 240px) 100vw, 240px\" \/> <img loading=\"lazy\" decoding=\"async\" class=\"alignnone size-medium wp-image-16658\" src=\"https:\/\/www.sportchaco.com.ar\/wp-content\/uploads\/2025\/02\/gob-bombeo-240x300.jpg\" alt=\"\" width=\"240\" height=\"300\" srcset=\"https:\/\/www.sportchaco.com.ar\/wp-content\/uploads\/2025\/02\/gob-bombeo-240x300.jpg 240w, https:\/\/www.sportchaco.com.ar\/wp-content\/uploads\/2025\/02\/gob-bombeo.jpg 480w\" sizes=\"auto, (max-width: 240px) 100vw, 240px\" \/><\/p>\n<div class=\"entry-content entry clearfix\">\n<div class=\"post-bottom-meta post-bottom-edit\">\n<div class=\"post-bottom-meta-title\"><\/div>\n<\/div>\n<\/div>\n<\/article>\n<\/div>\n<\/div>\n<\/div>\n","protected":false},"excerpt":{"rendered":"<p>Esta es la Efem\u00e9rides del Deporte en el Chaco de un 22 de febrero del periodista Luis Dar\u00edo Molodezky. Luis Dar\u00edo Molodezky Foto portada: Antonio Tom\u00e1s Forte en una nota de El Territorio 1953\u00a0\/ La Asociaci\u00f3n de B\u00e1squetbol de Resistencia designa como primer \u00e1rbitro de la entidad, a Antonio Tom\u00e1s Forte, quien se destacaba dirigiendo &hellip;<\/p>\n","protected":false},"author":2,"featured_media":16653,"comment_status":"open","ping_status":"open","sticky":false,"template":"","format":"standard","meta":{"footnotes":""},"categories":[45,32],"tags":[],"class_list":["post-16652","post","type-post","status-publish","format-standard","has-post-thumbnail","hentry","category-efemerides-dia-por-dia","category-febrero"],"_links":{"self":[{"href":"https:\/\/www.sportchaco.com.ar\/index.php?rest_route=\/wp\/v2\/posts\/16652","targetHints":{"allow":["GET"]}}],"collection":[{"href":"https:\/\/www.sportchaco.com.ar\/index.php?rest_route=\/wp\/v2\/posts"}],"about":[{"href":"https:\/\/www.sportchaco.com.ar\/index.php?rest_route=\/wp\/v2\/types\/post"}],"author":[{"embeddable":true,"href":"https:\/\/www.sportchaco.com.ar\/index.php?rest_route=\/wp\/v2\/users\/2"}],"replies":[{"embeddable":true,"href":"https:\/\/www.sportchaco.com.ar\/index.php?rest_route=%2Fwp%2Fv2%2Fcomments&post=16652"}],"version-history":[{"count":3,"href":"https:\/\/www.sportchaco.com.ar\/index.php?rest_route=\/wp\/v2\/posts\/16652\/revisions"}],"predecessor-version":[{"id":16659,"href":"https:\/\/www.sportchaco.com.ar\/index.php?rest_route=\/wp\/v2\/posts\/16652\/revisions\/16659"}],"wp:featuredmedia":[{"embeddable":true,"href":"https:\/\/www.sportchaco.com.ar\/index.php?rest_route=\/wp\/v2\/media\/16653"}],"wp:attachment":[{"href":"https:\/\/www.sportchaco.com.ar\/index.php?rest_route=%2Fwp%2Fv2%2Fmedia&parent=16652"}],"wp:term":[{"taxonomy":"category","embeddable":true,"href":"https:\/\/www.sportchaco.com.ar\/index.php?rest_route=%2Fwp%2Fv2%2Fcategories&post=16652"},{"taxonomy":"post_tag","embeddable":true,"href":"https:\/\/www.sportchaco.com.ar\/index.php?rest_route=%2Fwp%2Fv2%2Ftags&post=16652"}],"curies":[{"name":"wp","href":"https:\/\/api.w.org\/{rel}","templated":true}]}}