{"id":16674,"date":"2025-02-22T14:10:27","date_gmt":"2025-02-22T17:10:27","guid":{"rendered":"https:\/\/www.sportchaco.com.ar\/?p=16674"},"modified":"2025-02-22T14:10:27","modified_gmt":"2025-02-22T17:10:27","slug":"exitosa-clinica-de-espacios-ofensivos-con-balon-de-junior-cequeira","status":"publish","type":"post","link":"https:\/\/www.sportchaco.com.ar\/?p=16674","title":{"rendered":"Exitosa cl\u00ednica de \u201cEspacios Ofensivos con Bal\u00f3n\u201d de Junior Cequeira"},"content":{"rendered":"<p><strong>22-02-2025<\/strong><\/p>\n<p><img loading=\"lazy\" decoding=\"async\" class=\" wp-image-11424 aligncenter\" src=\"https:\/\/www.sportchaco.com.ar\/wp-content\/uploads\/2024\/07\/gob-salud-fijo-marzo-300x50.jpg\" alt=\"\" width=\"336\" height=\"56\" srcset=\"https:\/\/www.sportchaco.com.ar\/wp-content\/uploads\/2024\/07\/gob-salud-fijo-marzo-300x50.jpg 300w, https:\/\/www.sportchaco.com.ar\/wp-content\/uploads\/2024\/07\/gob-salud-fijo-marzo-1024x171.jpg 1024w, https:\/\/www.sportchaco.com.ar\/wp-content\/uploads\/2024\/07\/gob-salud-fijo-marzo-768x128.jpg 768w, https:\/\/www.sportchaco.com.ar\/wp-content\/uploads\/2024\/07\/gob-salud-fijo-marzo.jpg 1200w\" sizes=\"auto, (max-width: 336px) 100vw, 336px\" \/><\/p>\n<p>Durante los d\u00edas 15, 16 y 17 del corriente mes, en Hind\u00fa Club de Resistencia se realiz\u00f3 la Cl\u00ednica \u201cCreaci\u00f3n de Espacios Ofensivos con Bal\u00f3n\u201d, que fue llevada adelante por el ex jugador de caracter nacional y que tambi\u00e9n visti\u00f3 los colores de la Selecci\u00f3n Argentina, Luis \u201cJunior\u201d Cequeira y que actualmente es entrenador de formativas en Quilmes de Mar del Plata.<\/p>\n<p>\u201cEstamos muy contentos, tanto con el grupo de trabajo como con la cl\u00ednica que hicimos, contento con los chicos y la predisposici\u00f3n que tuvieron para entrenar\u201d, remarc\u00f3 Cequeira, quien durante esta movida deportiva estuvo acompa\u00f1ado por tambi\u00e9n el ex jugador Mart\u00edn Cequeira y Carlos Banegas.<\/p>\n<figure class=\"wp-block-image size-large\"><a href=\"https:\/\/baskettotal.com.ar\/wp-content\/uploads\/2025\/02\/DSC_0019.jpg\"><img loading=\"lazy\" decoding=\"async\" class=\"lazy wp-image-26395 lazy-loaded\" src=\"https:\/\/baskettotal.com.ar\/wp-content\/uploads\/2025\/02\/DSC_0019-1024x682.jpg\" sizes=\"auto, (max-width: 1024px) 100vw, 1024px\" srcset=\"https:\/\/baskettotal.com.ar\/wp-content\/uploads\/2025\/02\/DSC_0019-1024x682.jpg 1024w, https:\/\/baskettotal.com.ar\/wp-content\/uploads\/2025\/02\/DSC_0019-300x200.jpg 300w, https:\/\/baskettotal.com.ar\/wp-content\/uploads\/2025\/02\/DSC_0019-768x512.jpg 768w, https:\/\/baskettotal.com.ar\/wp-content\/uploads\/2025\/02\/DSC_0019.jpg 1040w\" alt=\"\" width=\"1024\" height=\"682\" data-lazy-type=\"image\" data-lazy-src=\"https:\/\/baskettotal.com.ar\/wp-content\/uploads\/2025\/02\/DSC_0019-1024x682.jpg\" data-lazy-srcset=\"https:\/\/baskettotal.com.ar\/wp-content\/uploads\/2025\/02\/DSC_0019-1024x682.jpg 1024w, https:\/\/baskettotal.com.ar\/wp-content\/uploads\/2025\/02\/DSC_0019-300x200.jpg 300w, https:\/\/baskettotal.com.ar\/wp-content\/uploads\/2025\/02\/DSC_0019-768x512.jpg 768w, https:\/\/baskettotal.com.ar\/wp-content\/uploads\/2025\/02\/DSC_0019.jpg 1040w\" data-lazy-sizes=\"(max-width: 1024px) 100vw, 1024px\" \/><\/a><\/figure>\n<p>Esta movida deportiva de jerarqu\u00eda se realiz\u00f3 en las instalaciones de Hind\u00fa Club de Resistencia, en jornadas de doble turno. El mismo estuvo dirigido a jugadores de todos los clubes, para categor\u00edas formativas.<\/p>\n<p>\u201cLa idea fue tratar temas espec\u00edficos de como crear un espacio desde el dribling en determinadas situaciones de juego, donde hablamos sobre la toma de decisiones, definici\u00f3n y manejo de bal\u00f3n\u201d, explic\u00f3 el entrenador \u201cJunior\u201d Cequeira.<\/p>\n<figure class=\"wp-block-image size-large\"><a href=\"https:\/\/baskettotal.com.ar\/wp-content\/uploads\/2025\/02\/DSC_0021.jpg\"><img loading=\"lazy\" decoding=\"async\" class=\"lazy wp-image-26396 lazy-loaded\" src=\"https:\/\/baskettotal.com.ar\/wp-content\/uploads\/2025\/02\/DSC_0021-1024x682.jpg\" sizes=\"auto, (max-width: 1024px) 100vw, 1024px\" srcset=\"https:\/\/baskettotal.com.ar\/wp-content\/uploads\/2025\/02\/DSC_0021-1024x682.jpg 1024w, https:\/\/baskettotal.com.ar\/wp-content\/uploads\/2025\/02\/DSC_0021-300x200.jpg 300w, https:\/\/baskettotal.com.ar\/wp-content\/uploads\/2025\/02\/DSC_0021-768x512.jpg 768w, https:\/\/baskettotal.com.ar\/wp-content\/uploads\/2025\/02\/DSC_0021.jpg 1040w\" alt=\"\" width=\"1024\" height=\"682\" data-lazy-type=\"image\" data-lazy-src=\"https:\/\/baskettotal.com.ar\/wp-content\/uploads\/2025\/02\/DSC_0021-1024x682.jpg\" data-lazy-srcset=\"https:\/\/baskettotal.com.ar\/wp-content\/uploads\/2025\/02\/DSC_0021-1024x682.jpg 1024w, https:\/\/baskettotal.com.ar\/wp-content\/uploads\/2025\/02\/DSC_0021-300x200.jpg 300w, https:\/\/baskettotal.com.ar\/wp-content\/uploads\/2025\/02\/DSC_0021-768x512.jpg 768w, https:\/\/baskettotal.com.ar\/wp-content\/uploads\/2025\/02\/DSC_0021.jpg 1040w\" data-lazy-sizes=\"(max-width: 1024px) 100vw, 1024px\" \/><\/a><\/figure>\n<p>\u201cFueron m\u00f3dulos de 75 minutos de entrenamiento por la ma\u00f1ana y por la tarde, teniendo, finalizando la Cl\u00ednica mediante competencias, juegos y una charla final que involucr\u00f3 a los padres tambi\u00e9n\u201d, remarc\u00f3 Cequeira.<\/p>\n<p>\u201cMi intenci\u00f3n fue colaborar o participar con el nombre de mi Academia JR10 y dando una iniciativa que tengo en esta nueva etapa de mi vida\u201d, finaliz\u00f3.<\/p>\n<p><img loading=\"lazy\" decoding=\"async\" class=\" wp-image-16657 aligncenter\" src=\"https:\/\/www.sportchaco.com.ar\/wp-content\/uploads\/2025\/02\/gob-bombeo-2-240x300.jpg\" alt=\"\" width=\"257\" height=\"321\" srcset=\"https:\/\/www.sportchaco.com.ar\/wp-content\/uploads\/2025\/02\/gob-bombeo-2-240x300.jpg 240w, https:\/\/www.sportchaco.com.ar\/wp-content\/uploads\/2025\/02\/gob-bombeo-2-821x1024.jpg 821w, https:\/\/www.sportchaco.com.ar\/wp-content\/uploads\/2025\/02\/gob-bombeo-2-768x958.jpg 768w, https:\/\/www.sportchaco.com.ar\/wp-content\/uploads\/2025\/02\/gob-bombeo-2-1231x1536.jpg 1231w, https:\/\/www.sportchaco.com.ar\/wp-content\/uploads\/2025\/02\/gob-bombeo-2.jpg 1440w\" sizes=\"auto, (max-width: 257px) 100vw, 257px\" \/><\/p>\n","protected":false},"excerpt":{"rendered":"<p>22-02-2025 Durante los d\u00edas 15, 16 y 17 del corriente mes, en Hind\u00fa Club de Resistencia se realiz\u00f3 la Cl\u00ednica \u201cCreaci\u00f3n de Espacios Ofensivos con Bal\u00f3n\u201d, que fue llevada adelante por el ex jugador de caracter nacional y que tambi\u00e9n visti\u00f3 los colores de la Selecci\u00f3n Argentina, Luis \u201cJunior\u201d Cequeira y que actualmente es entrenador &hellip;<\/p>\n","protected":false},"author":3,"featured_media":16675,"comment_status":"open","ping_status":"open","sticky":false,"template":"","format":"standard","meta":{"footnotes":""},"categories":[3],"tags":[],"class_list":["post-16674","post","type-post","status-publish","format-standard","has-post-thumbnail","hentry","category-basquetbol"],"_links":{"self":[{"href":"https:\/\/www.sportchaco.com.ar\/index.php?rest_route=\/wp\/v2\/posts\/16674","targetHints":{"allow":["GET"]}}],"collection":[{"href":"https:\/\/www.sportchaco.com.ar\/index.php?rest_route=\/wp\/v2\/posts"}],"about":[{"href":"https:\/\/www.sportchaco.com.ar\/index.php?rest_route=\/wp\/v2\/types\/post"}],"author":[{"embeddable":true,"href":"https:\/\/www.sportchaco.com.ar\/index.php?rest_route=\/wp\/v2\/users\/3"}],"replies":[{"embeddable":true,"href":"https:\/\/www.sportchaco.com.ar\/index.php?rest_route=%2Fwp%2Fv2%2Fcomments&post=16674"}],"version-history":[{"count":1,"href":"https:\/\/www.sportchaco.com.ar\/index.php?rest_route=\/wp\/v2\/posts\/16674\/revisions"}],"predecessor-version":[{"id":16676,"href":"https:\/\/www.sportchaco.com.ar\/index.php?rest_route=\/wp\/v2\/posts\/16674\/revisions\/16676"}],"wp:featuredmedia":[{"embeddable":true,"href":"https:\/\/www.sportchaco.com.ar\/index.php?rest_route=\/wp\/v2\/media\/16675"}],"wp:attachment":[{"href":"https:\/\/www.sportchaco.com.ar\/index.php?rest_route=%2Fwp%2Fv2%2Fmedia&parent=16674"}],"wp:term":[{"taxonomy":"category","embeddable":true,"href":"https:\/\/www.sportchaco.com.ar\/index.php?rest_route=%2Fwp%2Fv2%2Fcategories&post=16674"},{"taxonomy":"post_tag","embeddable":true,"href":"https:\/\/www.sportchaco.com.ar\/index.php?rest_route=%2Fwp%2Fv2%2Ftags&post=16674"}],"curies":[{"name":"wp","href":"https:\/\/api.w.org\/{rel}","templated":true}]}}