{"id":16686,"date":"2025-02-23T23:16:05","date_gmt":"2025-02-24T02:16:05","guid":{"rendered":"https:\/\/www.sportchaco.com.ar\/?p=16686"},"modified":"2025-02-23T23:33:50","modified_gmt":"2025-02-24T02:33:50","slug":"efemerides-del-24-de-febrero","status":"publish","type":"post","link":"https:\/\/www.sportchaco.com.ar\/?p=16686","title":{"rendered":"Efem\u00e9rides del 24 de febrero"},"content":{"rendered":"<div class=\"container fullwidth-entry-title-wrapper\">\n<div class=\"container-wrapper fullwidth-entry-title\">\n<header class=\"entry-header-outer\">\n<div class=\"entry-header\">\n<h1 class=\"post-title entry-title\"><\/h1>\n<div class=\"single-post-meta post-meta clearfix\"><\/div>\n<\/div>\n<\/header>\n<\/div>\n<\/div>\n<div id=\"content\" class=\"site-content container\">\n<div id=\"main-content-row\" class=\"tie-row main-content-row\">\n<div class=\"main-content tie-col-md-8 tie-col-xs-12\" role=\"main\">\n<article id=\"the-post\" class=\"container-wrapper post-content tie-standard\">\n<div class=\"featured-area\">\n<div class=\"featured-area-inner\">\n<figure class=\"single-featured-image\"><img loading=\"lazy\" decoding=\"async\" class=\"attachment-jannah-image-post size-jannah-image-post wp-post-image\" src=\"https:\/\/www.sportchaco.com.ar\/wp-content\/uploads\/2024\/02\/Peco-Tissembam-corto.jpg\" sizes=\"auto, (max-width: 267px) 100vw, 267px\" srcset=\"https:\/\/www.sportchaco.com.ar\/wp-content\/uploads\/2024\/02\/Peco-Tissembam-corto.jpg 267w, https:\/\/www.sportchaco.com.ar\/wp-content\/uploads\/2024\/02\/Peco-Tissembam-corto-249x300.jpg 249w\" alt=\"\" width=\"267\" height=\"322\" data-main-img=\"1\" \/><\/figure>\n<\/div>\n<\/div>\n<div id=\"share-buttons-top\" class=\"share-buttons share-buttons-top\">\n<div class=\"share-links icons-text share-pill\"><a class=\"facebook-share-btn large-share-button\" title=\"Facebook\" href=\"https:\/\/www.facebook.com\/sharer.php?u=https:\/\/www.sportchaco.com.ar\/?p=6082\" target=\"_blank\" rel=\"external noopener nofollow\" data-raw=\"https:\/\/www.facebook.com\/sharer.php?u={post_link}\"><span class=\"social-text\">Facebook<\/span><\/a>\u00a0<a class=\"twitter-share-btn large-share-button\" title=\"Twitter\" href=\"https:\/\/twitter.com\/intent\/tweet?text=Efem%C3%A9rides%20del%2024%20de%20febrero&amp;url=https:\/\/www.sportchaco.com.ar\/?p=6082\" target=\"_blank\" rel=\"external noopener nofollow\" data-raw=\"https:\/\/twitter.com\/intent\/tweet?text={post_title}&amp;url={post_link}\"><span class=\"social-text\">Twitter<\/span><\/a>\u00a0<a class=\"messenger-desktop-share-btn messenger-share-btn large-share-button\" title=\"Messenger\" href=\"https:\/\/www.facebook.com\/dialog\/send?app_id=5303202981&amp;display=popup&amp;link=https:\/\/www.sportchaco.com.ar\/?p=6082&amp;redirect_uri=https:\/\/www.sportchaco.com.ar\/?p=6082\" target=\"_blank\" rel=\"external noopener nofollow\" data-raw=\"https:\/\/www.facebook.com\/dialog\/send?app_id=5303202981&amp;display=popup&amp;link={post_link}&amp;redirect_uri={post_link}\"><span class=\"social-text\">Messenger<\/span><\/a><\/div>\n<\/div>\n<div class=\"entry-content entry clearfix\">\n<p><strong>Esta es la Efem\u00e9rides del Deporte en el Chaco de un 24 de febrero del periodista Luis Dar\u00edo Molodezky.<\/strong><\/p>\n<p>&nbsp;<\/p>\n<p><img loading=\"lazy\" decoding=\"async\" class=\"alignnone size-medium wp-image-6000\" src=\"https:\/\/www.sportchaco.com.ar\/wp-content\/uploads\/2024\/02\/Luis-D-SP-199x300.jpg\" sizes=\"auto, (max-width: 199px) 100vw, 199px\" srcset=\"https:\/\/www.sportchaco.com.ar\/wp-content\/uploads\/2024\/02\/Luis-D-SP-199x300.jpg 199w, https:\/\/www.sportchaco.com.ar\/wp-content\/uploads\/2024\/02\/Luis-D-SP.jpg 249w\" alt=\"\" width=\"199\" height=\"300\" \/><\/p>\n<p><strong>1932 \/<\/strong> Nace en Santa Fe el abogado, pol\u00edtico, m\u00fasico y deportista Edwin Eric \u201cPeco\u201d Tissembaum. Su pasi\u00f3n fueron los fierros por lo que practico el motociclismo y automovilismo, aunque disfrut\u00f3 de otros deportes. Fue un pol\u00edtico de raza, comprometido con las causas de los m\u00e1s humildes. Integr\u00f3 la Liga por los Derechos del Hombre y se dedic\u00f3 a la defensa de presos pol\u00edticos.\u00a0 Prest\u00f3\u00a0 testimonio ante la CONADEP en el juicio a las juntas militares por la masacre de Margarita Bel\u00e9n. El 28 de junio de 1996 present\u00f3 su segundo libro \u201cDesde m\u00e1s adentro\u201d continuaci\u00f3n de \u201cDesde adentro\u201d. El 31 de agosto de 2005 recibi\u00f3 el reconocimiento de la C\u00e1mara de Diputados del Chaco. El 10 de diciembre de 2010 la Legislatura del Chaco le entreg\u00f3 el Premio a los Derechos Humanos \u201cAmanda Mayor de Pi\u00e9rola\u201d, en su segunda edici\u00f3n. Falleci\u00f3 el 26 de junio de 2024.<\/p>\n<p>&nbsp;<\/p>\n<p><strong>1935 \/\u00a0<\/strong>Hind\u00fa Club deja inaugurado su segundo estadio en Hip\u00f3lito Yrigoyen 250 en Resistencia. El b\u00f3lido verde participa en la vecina provincia del Campeonato organizado por la Federaci\u00f3n Correntina de Basket Ball, En la oportunidad, disput\u00f3 el match inaugural con el correntino Ex Alumnos de Don Bosco, equipo que el a\u00f1o anterior ocup\u00f3 el tercer puesto en el Campeonato de 1\u00aa Divisi\u00f3n de esa ciudad.<\/p>\n<p><strong>1948\u00a0<\/strong>\/ Nace el Club Juventud Unida de Villa Angela (JUVA). Su sede est\u00e1 ubicada en 1\u00ba de Mayo y Col\u00f3n.<\/p>\n<p><strong>1950\u00a0<\/strong>\/ El boxeador Rafael Merentino inflige su primera derrota en Resistencia a Te\u00f3filo P\u00e1ez, al que gana por puntos en un match que tuvo lugar en el Gran Splendid, en pelea considerada como la mejor del a\u00f1o.<\/p>\n<p><strong>1979\u00a0<\/strong>\/ La Asociaci\u00f3n de Volantes del Nordeste, renunci\u00f3 a la presidencia de la Federaci\u00f3n Chaque\u00f1a de Automovilismo, por falta de apoyo de las instituciones afiliadas. Firmaron el comunicado el presidente Guido Catelli, el tesorero F\u00e9lix Echezarreta y el secretario Ram\u00f3n Franco.<\/p>\n<p><strong>1998 \/<\/strong>\u00a0Se funda la Liga de Veteranos de f\u00fatbol del Chaco. Su primer presidente fue Marcos Jes\u00fas Cima, secretario Osvaldo Gino Vallejos y tesorero Ra\u00fal Zapata. Naci\u00f3 como un desprendimiento de la Asociaci\u00f3n de F\u00fatbol de Resistencia, impulsada por dirigentes que no comulgaban con el manejo de la instituci\u00f3n. La Liga tuvo un crecimiento exponencial con gran cantidad de equipos y categor\u00edas, contando en la actualidad con un predio en el Aeropuerto Internacional con canchas equipadas e iluminaci\u00f3n. El primer torneo se realiz\u00f3 con 26 equipos en la categor\u00eda junios mayores de 30 a\u00f1os, siendo el primer campe\u00f3n Sud Am\u00e9rica.<\/p>\n<p>&nbsp;<\/p>\n<p><img loading=\"lazy\" decoding=\"async\" class=\"alignnone wp-image-6084\" src=\"https:\/\/www.sportchaco.com.ar\/wp-content\/uploads\/2024\/02\/Sudamerica-futbol-liga-veteranos-300x190.jpeg\" sizes=\"auto, (max-width: 508px) 100vw, 508px\" srcset=\"https:\/\/www.sportchaco.com.ar\/wp-content\/uploads\/2024\/02\/Sudamerica-futbol-liga-veteranos-300x190.jpeg 300w, https:\/\/www.sportchaco.com.ar\/wp-content\/uploads\/2024\/02\/Sudamerica-futbol-liga-veteranos.jpeg 600w\" alt=\"\" width=\"508\" height=\"322\" \/><\/p>\n<p><strong>Foto: Primer campe\u00f3n de la Liga de Veteranos en 1998, \u00bb Sud Am\u00e9rica\u00bb. Marcos. Cima, japo Ar\u00e9valo, mundo Acevedo, Roly L\u00f3pez, Pepe Romero, Oveja Acosta, Gino Vallejos, Chivo Aranda, Pablo Quiroga. Abajo Luis Jorge, rat\u00f3n Ayala, Manuel Acosta, Chupete Aguirre, Paraguay Chaparro y L\u00edker Virasoro.<\/strong><\/p>\n<p><img loading=\"lazy\" decoding=\"async\" class=\"alignnone size-medium wp-image-16657\" src=\"https:\/\/www.sportchaco.com.ar\/wp-content\/uploads\/2025\/02\/gob-bombeo-2-240x300.jpg\" alt=\"\" width=\"240\" height=\"300\" srcset=\"https:\/\/www.sportchaco.com.ar\/wp-content\/uploads\/2025\/02\/gob-bombeo-2-240x300.jpg 240w, https:\/\/www.sportchaco.com.ar\/wp-content\/uploads\/2025\/02\/gob-bombeo-2-821x1024.jpg 821w, https:\/\/www.sportchaco.com.ar\/wp-content\/uploads\/2025\/02\/gob-bombeo-2-768x958.jpg 768w, https:\/\/www.sportchaco.com.ar\/wp-content\/uploads\/2025\/02\/gob-bombeo-2-1231x1536.jpg 1231w, https:\/\/www.sportchaco.com.ar\/wp-content\/uploads\/2025\/02\/gob-bombeo-2.jpg 1440w\" sizes=\"auto, (max-width: 240px) 100vw, 240px\" \/> <img loading=\"lazy\" decoding=\"async\" class=\"alignnone size-medium wp-image-16658\" src=\"https:\/\/www.sportchaco.com.ar\/wp-content\/uploads\/2025\/02\/gob-bombeo-240x300.jpg\" alt=\"\" width=\"240\" height=\"300\" srcset=\"https:\/\/www.sportchaco.com.ar\/wp-content\/uploads\/2025\/02\/gob-bombeo-240x300.jpg 240w, https:\/\/www.sportchaco.com.ar\/wp-content\/uploads\/2025\/02\/gob-bombeo.jpg 480w\" sizes=\"auto, (max-width: 240px) 100vw, 240px\" \/><\/p>\n<\/div>\n<\/article>\n<\/div>\n<\/div>\n<\/div>\n","protected":false},"excerpt":{"rendered":"<p>Facebook\u00a0Twitter\u00a0Messenger Esta es la Efem\u00e9rides del Deporte en el Chaco de un 24 de febrero del periodista Luis Dar\u00edo Molodezky. &nbsp; 1932 \/ Nace en Santa Fe el abogado, pol\u00edtico, m\u00fasico y deportista Edwin Eric \u201cPeco\u201d Tissembaum. Su pasi\u00f3n fueron los fierros por lo que practico el motociclismo y automovilismo, aunque disfrut\u00f3 de otros deportes. &hellip;<\/p>\n","protected":false},"author":2,"featured_media":16687,"comment_status":"open","ping_status":"open","sticky":false,"template":"","format":"standard","meta":{"footnotes":""},"categories":[45,32],"tags":[],"class_list":["post-16686","post","type-post","status-publish","format-standard","has-post-thumbnail","hentry","category-efemerides-dia-por-dia","category-febrero"],"_links":{"self":[{"href":"https:\/\/www.sportchaco.com.ar\/index.php?rest_route=\/wp\/v2\/posts\/16686","targetHints":{"allow":["GET"]}}],"collection":[{"href":"https:\/\/www.sportchaco.com.ar\/index.php?rest_route=\/wp\/v2\/posts"}],"about":[{"href":"https:\/\/www.sportchaco.com.ar\/index.php?rest_route=\/wp\/v2\/types\/post"}],"author":[{"embeddable":true,"href":"https:\/\/www.sportchaco.com.ar\/index.php?rest_route=\/wp\/v2\/users\/2"}],"replies":[{"embeddable":true,"href":"https:\/\/www.sportchaco.com.ar\/index.php?rest_route=%2Fwp%2Fv2%2Fcomments&post=16686"}],"version-history":[{"count":1,"href":"https:\/\/www.sportchaco.com.ar\/index.php?rest_route=\/wp\/v2\/posts\/16686\/revisions"}],"predecessor-version":[{"id":16688,"href":"https:\/\/www.sportchaco.com.ar\/index.php?rest_route=\/wp\/v2\/posts\/16686\/revisions\/16688"}],"wp:featuredmedia":[{"embeddable":true,"href":"https:\/\/www.sportchaco.com.ar\/index.php?rest_route=\/wp\/v2\/media\/16687"}],"wp:attachment":[{"href":"https:\/\/www.sportchaco.com.ar\/index.php?rest_route=%2Fwp%2Fv2%2Fmedia&parent=16686"}],"wp:term":[{"taxonomy":"category","embeddable":true,"href":"https:\/\/www.sportchaco.com.ar\/index.php?rest_route=%2Fwp%2Fv2%2Fcategories&post=16686"},{"taxonomy":"post_tag","embeddable":true,"href":"https:\/\/www.sportchaco.com.ar\/index.php?rest_route=%2Fwp%2Fv2%2Ftags&post=16686"}],"curies":[{"name":"wp","href":"https:\/\/api.w.org\/{rel}","templated":true}]}}