{"id":16719,"date":"2025-02-24T18:27:37","date_gmt":"2025-02-24T21:27:37","guid":{"rendered":"https:\/\/www.sportchaco.com.ar\/?p=16719"},"modified":"2025-02-24T18:27:37","modified_gmt":"2025-02-24T21:27:37","slug":"don-bosco-propone-multiples-propuestas-basquetbolisticas-en-ambas-ramas-y-para-todas-las-edades","status":"publish","type":"post","link":"https:\/\/www.sportchaco.com.ar\/?p=16719","title":{"rendered":"Don Bosco propone m\u00faltiples propuestas basquetbol\u00edsticas, en ambas ramas y para todas las edades"},"content":{"rendered":"<p><strong>24-02-2025<\/strong><\/p>\n<p><img loading=\"lazy\" decoding=\"async\" class=\" wp-image-11990 aligncenter\" src=\"https:\/\/www.sportchaco.com.ar\/wp-content\/uploads\/2024\/07\/Copy-of-CHACO-JUEGA-BANNERS-1_1200X200-1-300x50.gif\" alt=\"\" width=\"324\" height=\"54\" srcset=\"https:\/\/www.sportchaco.com.ar\/wp-content\/uploads\/2024\/07\/Copy-of-CHACO-JUEGA-BANNERS-1_1200X200-1-300x50.gif 300w, https:\/\/www.sportchaco.com.ar\/wp-content\/uploads\/2024\/07\/Copy-of-CHACO-JUEGA-BANNERS-1_1200X200-1-1024x171.gif 1024w, https:\/\/www.sportchaco.com.ar\/wp-content\/uploads\/2024\/07\/Copy-of-CHACO-JUEGA-BANNERS-1_1200X200-1-768x128.gif 768w\" sizes=\"auto, (max-width: 324px) 100vw, 324px\" \/><\/p>\n<p>Actualmente, el Centro Deportivo Don Bosco brinda b\u00e1squet en todas las categor\u00edas, con una gran cantidad de chicos tanto en la rama masculina como femenina y la vara alta, buscando continuar posicionando a la instituci\u00f3n en los primeros planos, combinando calidad deportiva y de infraestructura. Un abanico de propuestas y un staff de entrenadores con muchos conocimientos.<\/p>\n<p><strong>Nivel de trabajo<\/strong><br \/>\n\u00abLa idea del club es seguir creando masas de chicos, acerc\u00e1ndolos al club, ya que el deporte es vida, a trav\u00e9s de eso salen de muchos problemas y es herramienta de vida\u00bb, explic\u00f3 el coordinador del b\u00e1squet en la instituci\u00f3n, Facundo G\u00f3mez Brocal.<\/p>\n<p>\u00abTenemos la idea de dejar al club en lo m\u00e1s alto, donde los resultados vendr\u00e1n con el nivel de trabajo que llevemos nosotros\u00bb, finaliz\u00f3.<\/p>\n<p><strong>\u00abEl deporte en los ni\u00f1os es un instrumento\u00bb<\/strong><br \/>\n\u00abEn el minib\u00e1squet tenemos que sumar m\u00e1s chicos, ahora hubo un cambio de edades todo lo que comprende el minib\u00e1squet sea un a\u00f1o menos, donde por un lado decimos que el minib\u00e1squet es importante para ense\u00f1ar, generar la cantidad de chicos para las formativas del club y por otro lado le sacamos un a\u00f1o al mini; totalmente incoherente\u00bb, explicando que \u00abo sea que los chicos de 12 a\u00f1os ahora formen parte del U13 significa que habr\u00e1 menos chicos en todo lo que comprenda minib\u00e1squet\u00bb, expres\u00f3 el entrenador Fernando Cristaldo.<\/p>\n<p>\u00abEl deporte en los ni\u00f1os es un instrumento, un granito de arena para la formaci\u00f3n, educaci\u00f3n, felicidad, salud y seguir por el camino de proveer a los ni\u00f1os estos elementos mencionados\u00bb, resalt\u00f3.<\/p>\n<p><strong>\u00abAumentar la cantidad de chicos e intensidad de los entrenamientos\u00bb<\/strong><br \/>\nPr su parte, el entrenador tambi\u00e9n de minib\u00e1squet y U13, Lucas Sin\u00f3polis, expres\u00f3 que \u00abnuestra idea es volver a conseguir la cantidad de chicos que obtuvimos el a\u00f1o pasado o poder llegar a superarla; debido al cambio de edades hubo una gran cantidad de chicos que subieron al U13 y eso llev\u00f3 digamos a una p\u00e9rdida en cuanto a jugadores del Mini.<\/p>\n<p>Adem\u00e1s, del minib\u00e1squet, \u00abestoy trabajando con la categor\u00eda U13, donde \u00abdesde que arranqu\u00e9 el a\u00f1o el objetivo fue claro, es poder aumentar la cantidad de chicos y el volumen e intensidad de los entrenamientos, ya que pasaron de entrenar 3 veces por semana a entrenar los 5 d\u00edas de 1 hora y 30 minutos por d\u00eda, que eso conlleva un gran cambio para ellos; la verdad que espero un hermoso a\u00f1o junto est\u00e1 hermosa camada de chicos que me toc\u00f3 trabajar en este categor\u00eda.\u00bb, finaliz\u00f3 Sin\u00f3polis.<\/p>\n<p><strong>La preparaci\u00f3n f\u00edsica<\/strong><br \/>\nPor otra parte, el preparador f\u00edsico, Claudio R\u00edos, especific\u00f3 su trabajo que comprende desde las categor\u00edas U17, U21 y Primera, iniciando la pretemporada el pasado 3 de febrero. \u00abEn cuanto al arranque de este a\u00f1o (pretemporada) con Fernando Cristaldo (DT) nos ensamblamos bastante bien, hay mucho respeto y trabajo en conjunto as\u00ed que eso hace encaminar mejor las cosas\u00bb.<\/p>\n<p>Con la Primera en este 2025 \u00abtenemos algunas caras nuevas as\u00ed, que ser\u00e1 un lindo desaf\u00edo consolidar el nuevo equipo para seguir siendo competitivos despu\u00e9s de llegar a una final en el Torneo Clausura anterior\u00bb, manifest\u00f3 R\u00edos, explicando a su vez el trabajo en las respectivas categor\u00edas, \u00abson 5 semanas pr\u00e1cticamente m\u00edas de pretemporada, donde estoy priorizando y consolidando la preparaci\u00f3n f\u00edsica, busco que los chicos sean m\u00f3viles y fuertes sobre todo, para despu\u00e9s ir m\u00e1s a lo espec\u00edfico en sus capacidades\u00bb.<\/p>\n<p>\u00abEn las instalaciones del club, este a\u00f1o abr\u00ed el gimnasio (MOV) y eso nos hace subir un escal\u00f3n en mi parte, como instituci\u00f3n\u00bb, remarcando a su vez que \u00abeso al equipo lo entusiasma, tenemos todas las herramientas para trabajar la preparaci\u00f3n f\u00edsica, as\u00ed que se lo est\u00e1 aprovechando al m\u00e1ximo, ya que muy pocos clubes tienen la posibilidad de contar con esa combinaci\u00f3n y la verdad que suma en muchos factores\u00bb, finaliz\u00f3.<\/p>\n<p><strong>MINIB\u00c1SQUET<\/strong><br \/>\nCon respecto a los d\u00edas y horarios del b\u00e1squet masculino, son los siguientes:<br \/>\n<strong>MINIB\u00c1SQUET:<\/strong> \u00abMosquito y Escuelita\u00bb (categor\u00eda 2018, 2019 y 2020) \/ martes y jueves a las 17 horas.<br \/>\n<strong>\u00abPre \u2013 Mini y Mini\u00bb<\/strong> (categor\u00eda 2014, 2015, 2016 y 2017) \/ lunes, mi\u00e9rcoles y viernes a las 17 horas.<\/p>\n<p><strong>FORMATIVAS MASCULINAS<\/strong><br \/>\n<strong>U13:<\/strong> De lunes a viernes, de 18 a 19 horas.<br \/>\n<strong>U15:<\/strong> De lunes a viernes, de 19 a 20 horas.<br \/>\n<strong>U17 Y U21:<\/strong> De lunes a viernes, de 20 a 21 horas.<br \/>\n<strong>PRIMERA:<\/strong> De lunes a viernes, a partir de las 21 horas.<br \/>\n<strong>FEMENINO:<\/strong> lunes, mi\u00e9rcoles y viernes, por las categor\u00edas U15, U17 y Primera, de 19 a 20 horas.<br \/>\n<strong>Entrenadores:<\/strong> Facundo G\u00f3mez Brocal, Fernando Cristaldo, Lucas Sin\u00f3polis y Lucas G\u00f3mez Brocal por la rama femenina. El preparador f\u00edsico es Claudio R\u00edos.<\/p>\n<p><img loading=\"lazy\" decoding=\"async\" class=\" wp-image-13753 aligncenter\" src=\"https:\/\/www.sportchaco.com.ar\/wp-content\/uploads\/2024\/10\/CHACO-JUEGA-BANNERS-1_250X250-1.gif\" alt=\"\" width=\"274\" height=\"274\" \/><\/p>\n","protected":false},"excerpt":{"rendered":"<p>24-02-2025 Actualmente, el Centro Deportivo Don Bosco brinda b\u00e1squet en todas las categor\u00edas, con una gran cantidad de chicos tanto en la rama masculina como femenina y la vara alta, buscando continuar posicionando a la instituci\u00f3n en los primeros planos, combinando calidad deportiva y de infraestructura. Un abanico de propuestas y un staff de entrenadores &hellip;<\/p>\n","protected":false},"author":3,"featured_media":16720,"comment_status":"open","ping_status":"open","sticky":false,"template":"","format":"standard","meta":{"footnotes":""},"categories":[3],"tags":[],"class_list":["post-16719","post","type-post","status-publish","format-standard","has-post-thumbnail","hentry","category-basquetbol"],"_links":{"self":[{"href":"https:\/\/www.sportchaco.com.ar\/index.php?rest_route=\/wp\/v2\/posts\/16719","targetHints":{"allow":["GET"]}}],"collection":[{"href":"https:\/\/www.sportchaco.com.ar\/index.php?rest_route=\/wp\/v2\/posts"}],"about":[{"href":"https:\/\/www.sportchaco.com.ar\/index.php?rest_route=\/wp\/v2\/types\/post"}],"author":[{"embeddable":true,"href":"https:\/\/www.sportchaco.com.ar\/index.php?rest_route=\/wp\/v2\/users\/3"}],"replies":[{"embeddable":true,"href":"https:\/\/www.sportchaco.com.ar\/index.php?rest_route=%2Fwp%2Fv2%2Fcomments&post=16719"}],"version-history":[{"count":1,"href":"https:\/\/www.sportchaco.com.ar\/index.php?rest_route=\/wp\/v2\/posts\/16719\/revisions"}],"predecessor-version":[{"id":16721,"href":"https:\/\/www.sportchaco.com.ar\/index.php?rest_route=\/wp\/v2\/posts\/16719\/revisions\/16721"}],"wp:featuredmedia":[{"embeddable":true,"href":"https:\/\/www.sportchaco.com.ar\/index.php?rest_route=\/wp\/v2\/media\/16720"}],"wp:attachment":[{"href":"https:\/\/www.sportchaco.com.ar\/index.php?rest_route=%2Fwp%2Fv2%2Fmedia&parent=16719"}],"wp:term":[{"taxonomy":"category","embeddable":true,"href":"https:\/\/www.sportchaco.com.ar\/index.php?rest_route=%2Fwp%2Fv2%2Fcategories&post=16719"},{"taxonomy":"post_tag","embeddable":true,"href":"https:\/\/www.sportchaco.com.ar\/index.php?rest_route=%2Fwp%2Fv2%2Ftags&post=16719"}],"curies":[{"name":"wp","href":"https:\/\/api.w.org\/{rel}","templated":true}]}}