{"id":1672,"date":"2023-10-12T18:49:50","date_gmt":"2023-10-12T21:49:50","guid":{"rendered":"https:\/\/www.sportchaco.com.ar\/?p=1672"},"modified":"2023-10-12T18:49:50","modified_gmt":"2023-10-12T21:49:50","slug":"sergio-gatti-es-el-nuevo-presidente-de-la-confederacion-argentina-de-basquetbol","status":"publish","type":"post","link":"https:\/\/www.sportchaco.com.ar\/?p=1672","title":{"rendered":"Sergio Gatti es el nuevo presidente de la Confederaci\u00f3n Argentina de b\u00e1squetbol"},"content":{"rendered":"<p id=\"titulo_cable\" class=\"title\"><img loading=\"lazy\" decoding=\"async\" class=\"alignnone size-medium wp-image-1673\" src=\"https:\/\/www.sportchaco.com.ar\/wp-content\/uploads\/2023\/10\/Sergio-Gatti-CABB-300x169.jpg\" alt=\"Sergio Gatti es el nuevo presdiente de la CABB\" width=\"300\" height=\"169\" srcset=\"https:\/\/www.sportchaco.com.ar\/wp-content\/uploads\/2023\/10\/Sergio-Gatti-CABB-300x169.jpg 300w, https:\/\/www.sportchaco.com.ar\/wp-content\/uploads\/2023\/10\/Sergio-Gatti-CABB-1024x576.jpg 1024w, https:\/\/www.sportchaco.com.ar\/wp-content\/uploads\/2023\/10\/Sergio-Gatti-CABB-768x432.jpg 768w, https:\/\/www.sportchaco.com.ar\/wp-content\/uploads\/2023\/10\/Sergio-Gatti-CABB-390x220.jpg 390w, https:\/\/www.sportchaco.com.ar\/wp-content\/uploads\/2023\/10\/Sergio-Gatti-CABB.jpg 1200w\" sizes=\"auto, (max-width: 300px) 100vw, 300px\" \/><\/p>\n<div id=\"div_cuerpo\" class=\"content cable-content\">El neuquino Sergio Gatti fue elegido hoy nuevo presidente de la Confederaci\u00f3n Argentina de B\u00e1squetbol (CAB), luego de la Asamblea General Ordinaria realizada en la sede de la instituci\u00f3n en la ciudad de Buenos Aires.<\/p>\n<p>El dirigente, de 60 a\u00f1os, result\u00f3 seleccionado para el per\u00edodo 2023-2027 por la lista \u00abCeleste y Blanca CAB entre todos\u00bb, en la \u00fanica postulaci\u00f3n recibida por la Junta Electoral.<\/p>\n<p>Gatti reemplazar\u00e1 a Fabi\u00e1n Borro, quien dej\u00f3 su cargo luego de ser nominado como presidente de FIBA Am\u00e9ricas.<\/p>\n<p>La Asamblea cont\u00f3 con el aval de 21 de 25 federaciones afiliadas habilitadas para votar. Aquellos representantes que no pudieron sufragar son los de Santa Fe (la Federaci\u00f3n est\u00e1 suspendida), Santa Cruz (est\u00e1 al frente una comisi\u00f3n normalizadora), Buenos Aires (est\u00e1 intervenida por la Direcci\u00f3n Provincial de Personas Jur\u00eddicas) y Catamarca (no cumpli\u00f3 con el estatuto social ni present\u00f3 las exigencias solicitadas por Junta Electoral)<\/p>\n<p>Gatti, quien se desempe\u00f1\u00f3 como secretario general en CAB entre 2019-2023, estar\u00e1 acompa\u00f1ado por Oscar Ledesma Abdala (Santiago del Estero) y Carlos Battistoni (C\u00f3rdoba) como vicepresidentes primero y segundo, respectivamente.<\/p>\n<p>\u00abEs una satisfacci\u00f3n enorme que me hayan elegido para la continuidad de nuestra gesti\u00f3n. Es un orgullo muy grande y un desaf\u00edo que asumo con la responsabilidad que corresponde. Que todas las federaciones habilitadas a votar hayan dado su aval, significa que estamos todos y todas juntos en una misma idea del trabajo realizado\u00bb, expres\u00f3 el nuevo titular. T\u00e9lam<\/p>\n<\/div>\n","protected":false},"excerpt":{"rendered":"<p>El neuquino Sergio Gatti fue elegido hoy nuevo presidente de la Confederaci\u00f3n Argentina de B\u00e1squetbol (CAB), luego de la Asamblea General Ordinaria realizada en la sede de la instituci\u00f3n en la ciudad de Buenos Aires. El dirigente, de 60 a\u00f1os, result\u00f3 seleccionado para el per\u00edodo 2023-2027 por la lista \u00abCeleste y Blanca CAB entre todos\u00bb, &hellip;<\/p>\n","protected":false},"author":2,"featured_media":1673,"comment_status":"open","ping_status":"open","sticky":false,"template":"","format":"standard","meta":{"footnotes":""},"categories":[3],"tags":[],"class_list":["post-1672","post","type-post","status-publish","format-standard","has-post-thumbnail","hentry","category-basquetbol"],"_links":{"self":[{"href":"https:\/\/www.sportchaco.com.ar\/index.php?rest_route=\/wp\/v2\/posts\/1672","targetHints":{"allow":["GET"]}}],"collection":[{"href":"https:\/\/www.sportchaco.com.ar\/index.php?rest_route=\/wp\/v2\/posts"}],"about":[{"href":"https:\/\/www.sportchaco.com.ar\/index.php?rest_route=\/wp\/v2\/types\/post"}],"author":[{"embeddable":true,"href":"https:\/\/www.sportchaco.com.ar\/index.php?rest_route=\/wp\/v2\/users\/2"}],"replies":[{"embeddable":true,"href":"https:\/\/www.sportchaco.com.ar\/index.php?rest_route=%2Fwp%2Fv2%2Fcomments&post=1672"}],"version-history":[{"count":1,"href":"https:\/\/www.sportchaco.com.ar\/index.php?rest_route=\/wp\/v2\/posts\/1672\/revisions"}],"predecessor-version":[{"id":1674,"href":"https:\/\/www.sportchaco.com.ar\/index.php?rest_route=\/wp\/v2\/posts\/1672\/revisions\/1674"}],"wp:featuredmedia":[{"embeddable":true,"href":"https:\/\/www.sportchaco.com.ar\/index.php?rest_route=\/wp\/v2\/media\/1673"}],"wp:attachment":[{"href":"https:\/\/www.sportchaco.com.ar\/index.php?rest_route=%2Fwp%2Fv2%2Fmedia&parent=1672"}],"wp:term":[{"taxonomy":"category","embeddable":true,"href":"https:\/\/www.sportchaco.com.ar\/index.php?rest_route=%2Fwp%2Fv2%2Fcategories&post=1672"},{"taxonomy":"post_tag","embeddable":true,"href":"https:\/\/www.sportchaco.com.ar\/index.php?rest_route=%2Fwp%2Fv2%2Ftags&post=1672"}],"curies":[{"name":"wp","href":"https:\/\/api.w.org\/{rel}","templated":true}]}}