{"id":16736,"date":"2025-02-25T11:22:43","date_gmt":"2025-02-25T14:22:43","guid":{"rendered":"https:\/\/www.sportchaco.com.ar\/?p=16736"},"modified":"2025-02-25T11:22:43","modified_gmt":"2025-02-25T14:22:43","slug":"for-ever-en-la-primera-fecha-del-nacional-b-donde-fue-campeon","status":"publish","type":"post","link":"https:\/\/www.sportchaco.com.ar\/?p=16736","title":{"rendered":"For Ever en la primera fecha del Nacional B donde fue campe\u00f3n"},"content":{"rendered":"<p>Este es el primer equipo de Chaco For Ever en la jornada inicial del Nacional \u201cB\u201d 1988\/89, en la que se coron\u00f3 campe\u00f3n, ascendiendo a Primera A<\/p>\n<p>De pie: Ra\u00fal Oyola, Juan Arguello, Jorge Ben\u00edtez, Jos\u00e9 Vilche, Felipe Di Marco y Hugo Parrado.<\/p>\n<p>Agachados: Luis Sosa, Celso Freyre, Jos\u00e9 Villarreal, Luis Diaz y Juan Sotelo.<\/p>\n<p style=\"text-align: center;\"><img loading=\"lazy\" decoding=\"async\" class=\"alignnone size-medium wp-image-16732\" src=\"https:\/\/www.sportchaco.com.ar\/wp-content\/uploads\/2025\/02\/gob-viviendas-240x300.jpg\" alt=\"\" width=\"240\" height=\"300\" srcset=\"https:\/\/www.sportchaco.com.ar\/wp-content\/uploads\/2025\/02\/gob-viviendas-240x300.jpg 240w, https:\/\/www.sportchaco.com.ar\/wp-content\/uploads\/2025\/02\/gob-viviendas-819x1024.jpg 819w, https:\/\/www.sportchaco.com.ar\/wp-content\/uploads\/2025\/02\/gob-viviendas-768x960.jpg 768w, https:\/\/www.sportchaco.com.ar\/wp-content\/uploads\/2025\/02\/gob-viviendas-1229x1536.jpg 1229w, https:\/\/www.sportchaco.com.ar\/wp-content\/uploads\/2025\/02\/gob-viviendas.jpg 1440w\" sizes=\"auto, (max-width: 240px) 100vw, 240px\" \/><\/p>\n","protected":false},"excerpt":{"rendered":"<p>Este es el primer equipo de Chaco For Ever en la jornada inicial del Nacional \u201cB\u201d 1988\/89, en la que se coron\u00f3 campe\u00f3n, ascendiendo a Primera A De pie: Ra\u00fal Oyola, Juan Arguello, Jorge Ben\u00edtez, Jos\u00e9 Vilche, Felipe Di Marco y Hugo Parrado. Agachados: Luis Sosa, Celso Freyre, Jos\u00e9 Villarreal, Luis Diaz y Juan Sotelo.<\/p>\n","protected":false},"author":2,"featured_media":16737,"comment_status":"open","ping_status":"open","sticky":false,"template":"","format":"standard","meta":{"footnotes":""},"categories":[1],"tags":[],"class_list":["post-16736","post","type-post","status-publish","format-standard","has-post-thumbnail","hentry","category-fotos-del-recuerdo"],"_links":{"self":[{"href":"https:\/\/www.sportchaco.com.ar\/index.php?rest_route=\/wp\/v2\/posts\/16736","targetHints":{"allow":["GET"]}}],"collection":[{"href":"https:\/\/www.sportchaco.com.ar\/index.php?rest_route=\/wp\/v2\/posts"}],"about":[{"href":"https:\/\/www.sportchaco.com.ar\/index.php?rest_route=\/wp\/v2\/types\/post"}],"author":[{"embeddable":true,"href":"https:\/\/www.sportchaco.com.ar\/index.php?rest_route=\/wp\/v2\/users\/2"}],"replies":[{"embeddable":true,"href":"https:\/\/www.sportchaco.com.ar\/index.php?rest_route=%2Fwp%2Fv2%2Fcomments&post=16736"}],"version-history":[{"count":1,"href":"https:\/\/www.sportchaco.com.ar\/index.php?rest_route=\/wp\/v2\/posts\/16736\/revisions"}],"predecessor-version":[{"id":16738,"href":"https:\/\/www.sportchaco.com.ar\/index.php?rest_route=\/wp\/v2\/posts\/16736\/revisions\/16738"}],"wp:featuredmedia":[{"embeddable":true,"href":"https:\/\/www.sportchaco.com.ar\/index.php?rest_route=\/wp\/v2\/media\/16737"}],"wp:attachment":[{"href":"https:\/\/www.sportchaco.com.ar\/index.php?rest_route=%2Fwp%2Fv2%2Fmedia&parent=16736"}],"wp:term":[{"taxonomy":"category","embeddable":true,"href":"https:\/\/www.sportchaco.com.ar\/index.php?rest_route=%2Fwp%2Fv2%2Fcategories&post=16736"},{"taxonomy":"post_tag","embeddable":true,"href":"https:\/\/www.sportchaco.com.ar\/index.php?rest_route=%2Fwp%2Fv2%2Ftags&post=16736"}],"curies":[{"name":"wp","href":"https:\/\/api.w.org\/{rel}","templated":true}]}}